{"id":586745,"date":"2025-12-08T17:03:23","date_gmt":"2025-12-08T17:03:23","guid":{"rendered":"https:\/\/www.europesays.com\/fr\/586745\/"},"modified":"2025-12-08T17:03:23","modified_gmt":"2025-12-08T17:03:23","slug":"grenoble-il-est-encore-temps-de-sinscrire-pour-grenoble-vizille-le-29-mars-prochain","status":"publish","type":"post","link":"https:\/\/www.europesays.com\/fr\/586745\/","title":{"rendered":"Grenoble. Il est encore temps de s\u2019inscrire pour Grenoble-Vizille le 29\u00a0mars prochain"},"content":{"rendered":"<p>Le Grenoble \u2013 Vizille reviendra le 29\u00a0mars prochain pour une nouvelle \u00e9dition sur les sentiers m\u00e9tropolitains, en trail ou en rando. L\u2019\u00e9dition 2026 proposera sept formats adapt\u00e9s \u00e0 tous les coureurs et les marcheurs\u00a0: des trails de 20\u00a0km (550mD +), en solo ou en relais, ou 30\u00a0km (1000mD +) et trois randonn\u00e9es de 10 \u00e0 20\u00a0km. Tous les parcours s\u2019\u00e9lanceront d\u2019Eybens en direction de Vizille (tarifs entre 15 et 46\u20ac). Les inscriptions sont ouvertes depuis fin novembre pour l\u2019\u00e9v\u00e9nement qui affichait complet l\u2019an dernier. Attention, les navettes retours sont aussi \u00e0 r\u00e9server avant le 23\u00a0mars.<\/p>\n<p>Au programme des courses enfants, trois parcours de 500 \u00e0 1\u00a0500\u00a0m, adapt\u00e9s \u00e0 chaque \u00e2ge, au d\u00e9part de Vizille.<\/p>\n<p class=\"note\">Renseignements sur <a href=\"https:\/\/www.grenoble-vizille.fr\" target=\"_blank\" rel=\"noopener\">grenoble-vizille.fr<\/a>.<\/p>\n","protected":false},"excerpt":{"rendered":"Le Grenoble \u2013 Vizille reviendra le 29\u00a0mars prochain pour une nouvelle \u00e9dition sur les sentiers m\u00e9tropolitains, en trail&hellip;\n","protected":false},"author":2,"featured_media":586746,"comment_status":"","ping_status":"","sticky":false,"template":"","format":"standard","meta":{"footnotes":""},"categories":[9566],"tags":[1111,11,2430,7782,1687,112,113,1777,674,12390,1011,27,2731,2732,12,25,7135,517,6187,35595],"class_list":{"0":"post-586745","1":"post","2":"type-post","3":"status-publish","4":"format-standard","5":"has-post-thumbnail","7":"category-grenoble","8":"tag-actu","9":"tag-actualites","10":"tag-auvergne-rhone-alpes","11":"tag-balades-et-randonnees","12":"tag-culture-loisirs","13":"tag-edition-grenoble-agglomeration","14":"tag-edition-gresivaudan-oisans","15":"tag-eu","16":"tag-europe","17":"tag-eybens","18":"tag-fr","19":"tag-france","20":"tag-grenoble","21":"tag-grenoble-bassin","22":"tag-news","23":"tag-republique-francaise","24":"tag-running","25":"tag-sport","26":"tag-trail","27":"tag-vizille"},"share_on_mastodon":{"url":"https:\/\/pubeurope.com\/@fr\/115685032436730296","error":""},"_links":{"self":[{"href":"https:\/\/www.europesays.com\/fr\/wp-json\/wp\/v2\/posts\/586745","targetHints":{"allow":["GET"]}}],"collection":[{"href":"https:\/\/www.europesays.com\/fr\/wp-json\/wp\/v2\/posts"}],"about":[{"href":"https:\/\/www.europesays.com\/fr\/wp-json\/wp\/v2\/types\/post"}],"author":[{"embeddable":true,"href":"https:\/\/www.europesays.com\/fr\/wp-json\/wp\/v2\/users\/2"}],"replies":[{"embeddable":true,"href":"https:\/\/www.europesays.com\/fr\/wp-json\/wp\/v2\/comments?post=586745"}],"version-history":[{"count":0,"href":"https:\/\/www.europesays.com\/fr\/wp-json\/wp\/v2\/posts\/586745\/revisions"}],"wp:featuredmedia":[{"embeddable":true,"href":"https:\/\/www.europesays.com\/fr\/wp-json\/wp\/v2\/media\/586746"}],"wp:attachment":[{"href":"https:\/\/www.europesays.com\/fr\/wp-json\/wp\/v2\/media?parent=586745"}],"wp:term":[{"taxonomy":"category","embeddable":true,"href":"https:\/\/www.europesays.com\/fr\/wp-json\/wp\/v2\/categories?post=586745"},{"taxonomy":"post_tag","embeddable":true,"href":"https:\/\/www.europesays.com\/fr\/wp-json\/wp\/v2\/tags?post=586745"}],"curies":[{"name":"wp","href":"https:\/\/api.w.org\/{rel}","templated":true}]}}