{"id":586747,"date":"2025-12-08T17:04:22","date_gmt":"2025-12-08T17:04:22","guid":{"rendered":"https:\/\/www.europesays.com\/fr\/586747\/"},"modified":"2025-12-08T17:04:22","modified_gmt":"2025-12-08T17:04:22","slug":"une-boutique-de-noel-dediee-a-lupcycling-a-rennes","status":"publish","type":"post","link":"https:\/\/www.europesays.com\/fr\/586747\/","title":{"rendered":"Une boutique de No\u00ebl d\u00e9di\u00e9e \u00e0 l&rsquo;upcycling, \u00e0 Rennes"},"content":{"rendered":"<p class=\"block date\" id=\"dateEtAuteur\">Publi\u00e9 : 17h16  par No\u00eblline  GARON <\/p>\n<p><img decoding=\"async\" class=\"\" style=\"width:100%\" src=\"https:\/\/www.europesays.com\/fr\/wp-content\/uploads\/2025\/12\/Pop_upcycling_Ma_lys_et_Ma_t_1765183125771.jpeg\" alt=\"Ma\u00eflys et Ma\u00eft\u00e9, deux cr\u00e9atrices pr\u00e9sentes ce mois-ci chez la Veste tatou\u00e9e\"\/><\/p>\n<p>Cr\u00e9dit : No\u00eblline Garon<\/p>\n<p>Une boutique \u00e9ph\u00e9m\u00e8re de No\u00ebl consacr\u00e9e \u00e0 l&rsquo;upcycling s&rsquo;est install\u00e9e \u00e0 Rennes, chez la Veste tatou\u00e9e. Sept cr\u00e9atrices se sont regroup\u00e9es pour mettre en avant leur marque de v\u00eatements, bijoux et accessoires. Une initiative d\u00e9j\u00e0 test\u00e9e l&rsquo;an dernier.  <\/p>\n<p>Transformer des couvertures en v\u00eatements, des chambres \u00e0 air en sac&#8230; Ce sont autant d\u2019objets que l\u2019on peut retrouver en ce mois de d\u00e9cembre \u00e0 Rennes, dans le centre-ville. <strong>Une boutique \u00e9ph\u00e9m\u00e8re consacr\u00e9e \u00e0 l\u2019upcycling s\u2019est install\u00e9e dans le magasin de \u00ab\u00a0la Veste tatou\u00e9e\u00a0\u00bb, tout pr\u00e8s de la place de la R\u00e9publique, quai Lamennais.<\/strong><\/p>\n<p>\u00a0<\/p>\n<blockquote><p>\nUne vraie boutique sp\u00e9cialis\u00e9e en upcycling\n<\/p><\/blockquote>\n<p>\u00a0<\/p>\n<p>C\u2019est la deuxi\u00e8me ann\u00e9e que des cr\u00e9atrice se regroupent pour les f\u00eates : elles sont sept, dont Ma\u00eft\u00e9, qui a lanc\u00e9 la marque \u00ab\u00a0Rebeau.Rebelle\u00a0\u00bb : \u00ab\u00a0Tenir une boutique pour une artisane, ce n&rsquo;est pas si \u00e9vident. <strong>Travailler et vendre en m\u00eame temps, ce sont des co\u00fbts importants. Donc l&rsquo;id\u00e9e c&rsquo;est de faire collectif et de s&rsquo;entraider. <\/strong>On mutualise nos moyens, nos \u00e9nergies et on tourne en termes de permanence. Cela a du sens. <\/p>\n<p>\u00c7a cr\u00e9e une vraie boutique, mais sp\u00e9cialis\u00e9e en upcycling. L&rsquo;id\u00e9e de la boutique \u00e9ph\u00e9m\u00e8re sur d\u00e9cembre, c&rsquo;est de montrer qu&rsquo;on peut produire et consommer autrement et qu&rsquo;en effet, les p\u00e9riodes de fin d&rsquo;ann\u00e9e sont une forte p\u00e9riode de consommation. Et <strong>nous, on a envie de montrer un autre mod\u00e8le, montrer qu&rsquo;on peut \u00eatre hyper bien habill\u00e9, faire de beaux cadeaux, tout en \u00e9tant responsable et en faisant attention\u00a0\u00bb<\/strong>.\u00a0<\/p>\n<p>Ma\u00eft\u00e9Ma\u00eft\u00e9<\/p>\n<p>Cr\u00e9dit : No\u00eblline Garon<\/p>\n<p>On l&rsquo;aura compris, cette boutique va \u00e0 l&rsquo;encontre m\u00eame de la fast-fashion. C\u00e9cile, qui accueille toutes ces cr\u00e9atrices, produit des nouveaux v\u00eatements dans son atelier boutique, \u00e0 partir de pi\u00e8ces qui existent d\u00e9j\u00e0. Simplement, elle cr\u00e9e des motifs qui sont ensuite brod\u00e9s sur le tissu.<\/p>\n<p>\u00a0<\/p>\n<blockquote><p>\nLa r\u00e9sistance \u00e0 la fast-fashion\n<\/p><\/blockquote>\n<p>\u00a0<\/p>\n<p><strong>\u00ab\u00a0On s&rsquo;inscrit compl\u00e8tement dans la r\u00e9sistance \u00e0 tout ce qui est fast fashion, on prend le temps de faire bien les choses, d&rsquo;accueillir les clients, on fait beaucoup de sur mesure et surtout <\/strong><strong>on se bat contre la surconsommation<\/strong>.<\/p>\n<p>\u00a0<\/p>\n<p><img loading=\"lazy\" decoding=\"async\" style=\"display: block; margin-left: auto; margin-right: auto;\" src=\"https:\/\/www.europesays.com\/fr\/wp-content\/uploads\/2025\/12\/1VKFL7szAf.jpeg\" alt=\"\" width=\"627\" height=\"470\"\/><\/p>\n<p>\u00a0<\/p>\n<p>Clairement, je parle des \u00ab\u00a0fringues\u00a0\u00bb mais je pense qu&rsquo;on pourrait vivre tous cent voire mille vies en changeant d&rsquo;habits tous les jours sans rien produire. <strong>C&rsquo;est exactement le concept qu&rsquo;on veut mettre en avant, valoriser ce qui existe d\u00e9j\u00e0, revaloriser ce qui a d\u00e9j\u00e0 \u00e9t\u00e9 produit pour \u00e9viter de produire parce qu&rsquo;on n&rsquo;en a absolument pas besoin<\/strong>\u00ab\u00a0.\u00a0<\/p>\n<p>C\u00e9cileC\u00e9cile<\/p>\n<p>Cr\u00e9dit : No\u00eblline Garon<\/p>\n<p>Ce jour-l\u00e0, Ma\u00eflys, de la marque \u00ab\u00a0Batarde\u00a0\u00bb est pr\u00e9sente. Elle r\u00e9alise des v\u00eatements depuis une dizaine d&rsquo;ann\u00e9es \u00e0 partir de tissus qu&rsquo;elle chine ou de fin de stocks de collections de pr\u00eat-\u00e0-porter : \u00ab\u00a0Pour vendre mes produits, j&rsquo;aime bien rencontrer les clients &#8230; s&rsquo;ils ont des retours \u00e0 me faire sur les coupes. Comme ce sont des v\u00eatements, c&rsquo;est bien de les voir porter s&rsquo;il y a besoin de retouches. Il y a beaucoup de gens qui ont achet\u00e9 pour eux-m\u00eames et pas seulement pour faire des cadeaux\u00a0\u00bb.<\/p>\n<p>\u00a0<\/p>\n<blockquote>\n<p><strong>Des pi\u00e8ces uniques, et la limite de l&rsquo;upcycling<\/strong><\/p>\n<\/blockquote>\n<p>\u00a0<\/p>\n<p>Une seule chose la frustre dans la mode upcycl\u00e9e : \u00ab\u00a0<strong>Quand il y a un mod\u00e8le qui pla\u00eet beaucoup, on ne peut pas le refaire en plusieurs fois. C&rsquo;est un peu la limite de l&rsquo;upcycling.<\/strong> On ne peut pas produire en grosses s\u00e9ries. Mais c&rsquo;est aussi ce qui est bien pour le client, d&rsquo;avoir un mod\u00e8le assez unique\u00a0\u00bb.\u00a0<\/p>\n<p>\u00a0<\/p>\n<p>Ma\u00eflysMa\u00eflys<\/p>\n<p>Cr\u00e9dit : No\u00eblline Garon<\/p>\n<p><img decoding=\"async\" class=\"\" style=\"width:100%\" src=\"https:\/\/www.europesays.com\/fr\/wp-content\/uploads\/2025\/12\/Pop_upcycling_magasin1765186708610.jpeg\" alt=\"boutique Pop'upcycling\"\/> <\/p>\n<p><strong>La boutique <a href=\"https:\/\/www.instagram.com\/pop_upcycling_rennes\/\" rel=\"noopener\" target=\"_blank\">Pop&rsquo;upcycling<\/a> est ouverte jusqu&rsquo;au 31 d\u00e9cembre dans le centre de Rennes.<\/strong><\/p>\n<p><script async src=\"\/\/www.instagram.com\/embed.js\"><\/script><\/p>\n","protected":false},"excerpt":{"rendered":"Publi\u00e9 : 17h16 par No\u00eblline GARON Cr\u00e9dit : No\u00eblline Garon Une boutique \u00e9ph\u00e9m\u00e8re de No\u00ebl consacr\u00e9e \u00e0 l&rsquo;upcycling&hellip;\n","protected":false},"author":2,"featured_media":586748,"comment_status":"","ping_status":"","sticky":false,"template":"","format":"standard","meta":{"footnotes":""},"categories":[2821],"tags":[1111,11,69989,69988,69987,69984,829,69982,130,69985,1777,674,764,1011,27,45654,69986,12,15830,584,25,69983],"class_list":{"0":"post-586747","1":"post","2":"type-post","3":"status-publish","4":"format-standard","5":"has-post-thumbnail","7":"category-rennes","8":"tag-actu","9":"tag-actualites","10":"tag-boutique-noel-rennes","11":"tag-boutique-noel-upcycling","12":"tag-boutique-popupcycling","13":"tag-boutique-rennes","14":"tag-bretagne","15":"tag-cadeau-noel","16":"tag-consommation","17":"tag-creatrice-rennes","18":"tag-eu","19":"tag-europe","20":"tag-fast-fashion","21":"tag-fr","22":"tag-france","23":"tag-idee-cadeau","24":"tag-la-veste-tatouee","25":"tag-news","26":"tag-noel","27":"tag-rennes","28":"tag-republique-francaise","29":"tag-upcycling"},"share_on_mastodon":{"url":"https:\/\/pubeurope.com\/@fr\/115685037501905817","error":""},"_links":{"self":[{"href":"https:\/\/www.europesays.com\/fr\/wp-json\/wp\/v2\/posts\/586747","targetHints":{"allow":["GET"]}}],"collection":[{"href":"https:\/\/www.europesays.com\/fr\/wp-json\/wp\/v2\/posts"}],"about":[{"href":"https:\/\/www.europesays.com\/fr\/wp-json\/wp\/v2\/types\/post"}],"author":[{"embeddable":true,"href":"https:\/\/www.europesays.com\/fr\/wp-json\/wp\/v2\/users\/2"}],"replies":[{"embeddable":true,"href":"https:\/\/www.europesays.com\/fr\/wp-json\/wp\/v2\/comments?post=586747"}],"version-history":[{"count":0,"href":"https:\/\/www.europesays.com\/fr\/wp-json\/wp\/v2\/posts\/586747\/revisions"}],"wp:featuredmedia":[{"embeddable":true,"href":"https:\/\/www.europesays.com\/fr\/wp-json\/wp\/v2\/media\/586748"}],"wp:attachment":[{"href":"https:\/\/www.europesays.com\/fr\/wp-json\/wp\/v2\/media?parent=586747"}],"wp:term":[{"taxonomy":"category","embeddable":true,"href":"https:\/\/www.europesays.com\/fr\/wp-json\/wp\/v2\/categories?post=586747"},{"taxonomy":"post_tag","embeddable":true,"href":"https:\/\/www.europesays.com\/fr\/wp-json\/wp\/v2\/tags?post=586747"}],"curies":[{"name":"wp","href":"https:\/\/api.w.org\/{rel}","templated":true}]}}