{"id":586765,"date":"2025-12-08T17:13:23","date_gmt":"2025-12-08T17:13:23","guid":{"rendered":"https:\/\/www.europesays.com\/fr\/586765\/"},"modified":"2025-12-08T17:13:23","modified_gmt":"2025-12-08T17:13:23","slug":"la-veuve-de-lancien-maire-nicolas-florian-reprend-le-flambeau-aux-cotes-de-thomas-cazenave","status":"publish","type":"post","link":"https:\/\/www.europesays.com\/fr\/586765\/","title":{"rendered":"la veuve de l\u2019ancien maire Nicolas Florian reprend le flambeau, aux c\u00f4t\u00e9s de Thomas Cazenave"},"content":{"rendered":"<p>\n    <strong>ENTRETIEN EXCLUSIF &#8211;<\/strong> Alors que la droite bordelaise peine toujours \u00e0 s\u2019unir malgr\u00e9 les appels au rassemblement, H\u00e9l\u00e8ne Florian a d\u00e9cid\u00e9 d\u2019\u00eatre fid\u00e8le au choix de son d\u00e9funt mari. Elle annonce ce lundi au Figaro qu\u2019elle rejoint la liste de Thomas Cazenave.<\/p>\n<p class=\"fig-paragraph\">Dix mois apr\u00e8s la\u00a0<a href=\"http:\/\/www.lefigaro.fr\/bordeaux\/bienveillant-gentil-et-droit-les-bordelais-ont-rendu-un-dernier-hommage-a-nicolas-florian-leur-ancien-maire-20250131\" data-fig-type=\"NewsFlash\" data-gtm-custom-categorie=\"navigation\" data-gtm-custom-action=\"crossclick\" data-gtm-custom-label=\"Contextuel\" data-gtm-event=\"customEventSPE\" data-fig-domain=\"LEFIGARO\" target=\"_blank\" rel=\"noopener\">mort brutale de Nicolas Florian<\/a>\u00a0(LR), le 26 janvier dernier, la droite bordelaise n\u2019a toujours pas r\u00e9ussi \u00e0 s\u2019accorder sur un nouveau chef de file et la\u00a0<a href=\"http:\/\/www.lefigaro.fr\/bordeaux\/ce-sera-hurmic-ou-nous-les-principaux-adversaires-politiques-du-maire-de-bordeaux-s-allient-en-vue-des-elections-municipales-2026-20250120\" data-fig-type=\"NewsFlash\" data-gtm-custom-categorie=\"navigation\" data-gtm-custom-action=\"crossclick\" data-gtm-custom-label=\"Contextuel\" data-gtm-event=\"customEventSPE\" data-fig-domain=\"LEFIGARO\" target=\"_blank\" rel=\"noopener\">promesse d\u2019une campagne commune<\/a>\u00a0a vol\u00e9 en \u00e9clat. Alors qu\u2019\u00e0 moins de 100 jours du scrutin municipal Nathalie Delattre (parti radical) et\u00a0<a href=\"http:\/\/www.lefigaro.fr\/bordeaux\/l-heure-de-la-mobilisation-generale-thomas-cazenave-depute-renaissance-investi-par-horizons-pour-les-municipales-a-bordeaux-20251104\" data-fig-type=\"NewsFlash\" data-gtm-custom-categorie=\"navigation\" data-gtm-custom-action=\"crossclick\" data-gtm-custom-label=\"Contextuel\" data-gtm-event=\"customEventSPE\" data-fig-domain=\"LEFIGARO\" target=\"_blank\" rel=\"noopener\">Thomas Cazenave<\/a>\u00a0(Renaissance) cheminent toujours s\u00e9par\u00e9ment, la veuve de l\u2019ancien maire de Bordeaux, H\u00e9l\u00e8ne Florian, a d\u00e9cid\u00e9 de descendre dans l\u2019ar\u00e8ne. Elle annonce en exclusivit\u00e9 au Figaro, ce lundi, s\u2019engager sur la liste de Thomas Cazenave.<\/p>\n<p class=\"fig-paragraph\"><strong>LE FIGARO. &#8211; Depuis le d\u00e9c\u00e8s de votre \u00e9poux, l\u2019alliance que son camp avait scell\u00e9 avec Thomas Cazenave a vol\u00e9 en \u00e9clat&#8230; Pourquoi avez-vous d\u00e9cid\u00e9 de vous engager aux c\u00f4t\u00e9s de ce dernier\u00a0?\u00a0<\/strong><\/p>\n<p class=\"fig-paragraph\"><strong>H\u00e9l\u00e8ne FLORIAN. &#8211;<\/strong> Nicolas f\u00e9d\u00e9rait tout le monde. Il avait tiss\u00e9 avec Thomas Cazenave un lien de confiance qui ne s\u2019est jamais dissous. Ils devaient faire campagne ensemble. Il y avait encore beaucoup de boulot, mais \u00e0 l\u2019\u00e9poque mon mari avait ralli\u00e9 tout le monde derri\u00e8re eux, m\u00eame Nathalie Delattre. Depuis sa mort, les forces en pr\u00e9sence n\u2019arrivent pas \u00e0 se mettre d\u2019accord\u2026<\/p>\n<p class=\"fig-premium-paywall__infos\">\n        Cet article est r\u00e9serv\u00e9 aux abonn\u00e9s.        Il vous reste 68% \u00e0 d\u00e9couvrir.\n    <\/p>\n<p>                <img  data- alt=\"Le Figaro\" class=\"fig-img--complete fig-img\"\/><\/p>\n<p class=\"fig-premium-paywall__title\">Vente Flash<\/p>\n<p class=\"fig-premium-paywall__subtitle\">-50% sur l&rsquo;abonnement num\u00e9rique<\/p>\n<p class=\"fig-premium-paywall__connect\">\n                D\u00e9j\u00e0 abonn\u00e9\u00a0?                <a class=\"fig-premium-paywall__connect-link\" href=\"https:\/\/connect.lefigaro.fr\/login?client=horizon_web&amp;type=main&amp;redirect_uri=https%3A%2F%2Fwww.lefigaro.fr%2Fbordeaux%2Fmunicipales-a-bordeaux-la-veuve-de-l-ancien-maire-nicolas-florian-reprend-le-flambeau-aux-cotes-de-thomas-cazenave-20251208\" data-js-gtm=\"{&quot;customCategorie&quot;: &quot;conversion&quot;, &quot;customAction&quot;: &quot;before_Landing_Connexion_paywall_manuel&quot;, &quot;customLabel&quot;: &quot;bGVmaWdhcm8uZnJfXzFmMGQ0NDEzLTQxMTEtNmRiOC1hZTk4LWRiNTEzN2U3ZTQ4Yl9fTmV3c0ZsYXNo_Municipales \u00e0 Bordeaux\u00a0: la veuve de l\u2019ancien maire Nicolas Florian reprend le flambeau, aux c\u00f4t\u00e9s de Thomas Cazenave_372&quot;, &quot;customIDSPE&quot;: &quot;bGVmaWdhcm8uZnJfXzFmMGQ0NDEzLTQxMTEtNmRiOC1hZTk4LWRiNTEzN2U3ZTQ4Yl9fTmV3c0ZsYXNo&quot;, &quot;event&quot;: &quot;customEventSPE&quot;}\" target=\"_blank\" rel=\"noopener\"><br \/>\n                    Connectez-vous<br \/>\n                <\/a>\n            <\/p>\n","protected":false},"excerpt":{"rendered":"ENTRETIEN EXCLUSIF &#8211; Alors que la droite bordelaise peine toujours \u00e0 s\u2019unir malgr\u00e9 les appels au rassemblement, H\u00e9l\u00e8ne&hellip;\n","protected":false},"author":2,"featured_media":586766,"comment_status":"","ping_status":"","sticky":false,"template":"","format":"standard","meta":{"footnotes":""},"categories":[2817],"tags":[1111,11,1997,1777,674,1011,27,7372,3554,12,2219,316,25],"class_list":{"0":"post-586765","1":"post","2":"type-post","3":"status-publish","4":"format-standard","5":"has-post-thumbnail","7":"category-bordeaux","8":"tag-actu","9":"tag-actualites","10":"tag-bordeaux","11":"tag-eu","12":"tag-europe","13":"tag-fr","14":"tag-france","15":"tag-mairie-de-bordeaux","16":"tag-municipales","17":"tag-news","18":"tag-nouvelle-aquitaine","19":"tag-politique","20":"tag-republique-francaise"},"share_on_mastodon":{"url":"https:\/\/pubeurope.com\/@fr\/115685071615317395","error":""},"_links":{"self":[{"href":"https:\/\/www.europesays.com\/fr\/wp-json\/wp\/v2\/posts\/586765","targetHints":{"allow":["GET"]}}],"collection":[{"href":"https:\/\/www.europesays.com\/fr\/wp-json\/wp\/v2\/posts"}],"about":[{"href":"https:\/\/www.europesays.com\/fr\/wp-json\/wp\/v2\/types\/post"}],"author":[{"embeddable":true,"href":"https:\/\/www.europesays.com\/fr\/wp-json\/wp\/v2\/users\/2"}],"replies":[{"embeddable":true,"href":"https:\/\/www.europesays.com\/fr\/wp-json\/wp\/v2\/comments?post=586765"}],"version-history":[{"count":0,"href":"https:\/\/www.europesays.com\/fr\/wp-json\/wp\/v2\/posts\/586765\/revisions"}],"wp:featuredmedia":[{"embeddable":true,"href":"https:\/\/www.europesays.com\/fr\/wp-json\/wp\/v2\/media\/586766"}],"wp:attachment":[{"href":"https:\/\/www.europesays.com\/fr\/wp-json\/wp\/v2\/media?parent=586765"}],"wp:term":[{"taxonomy":"category","embeddable":true,"href":"https:\/\/www.europesays.com\/fr\/wp-json\/wp\/v2\/categories?post=586765"},{"taxonomy":"post_tag","embeddable":true,"href":"https:\/\/www.europesays.com\/fr\/wp-json\/wp\/v2\/tags?post=586765"}],"curies":[{"name":"wp","href":"https:\/\/api.w.org\/{rel}","templated":true}]}}