{"id":586767,"date":"2025-12-08T17:14:12","date_gmt":"2025-12-08T17:14:12","guid":{"rendered":"https:\/\/www.europesays.com\/fr\/586767\/"},"modified":"2025-12-08T17:14:12","modified_gmt":"2025-12-08T17:14:12","slug":"mon-parfum-ma-signature-ou-lart-de-sniffer-tous-les-jours","status":"publish","type":"post","link":"https:\/\/www.europesays.com\/fr\/586767\/","title":{"rendered":"\u00ab\u00a0Mon parfum Ma signature\u00a0\u00bb ou l&rsquo;art de sniffer tous les jours"},"content":{"rendered":"<p>Son odorat, c\u2019est \u00ab\u00a0un don\u00a0\u00bb. Une offrande de sa grand-m\u00e8re, malvoyante, qui d\u00e8s sa plus tendre enfance lui prodigue la mani\u00e8re de d\u00e9crire \u00ab\u00a0ce que l\u2019on sent mais ne voit pas\u00a0\u00bb. \u00c0 huit ans, Sylvie Roubach est \u00ab\u00a0le petit chien renifleur\u00a0\u00bb de la famille. Adolescente, alors que le jeu se mue en passion, elle collectionne les affiches et les miniatures\u00a0; adulte, c\u2019est tout naturellement qu\u2019elle convertira son talent en m\u00e9tier. Devenue parfumeuse professionnelle, elle fait ses armes dans les plus grandes maisons telles que Dior, Chanel et Galimard, passe par Grasse, puis Paris, avant d\u2019atterrir \u00e0 Toulouse et de lancer en 2017 sa propre enseigne.<\/p>\n<p>Ainsi na\u00eet \u201cMon parfum Ma signature\u201d. Au c\u0153ur de la Ville rose, Sylvie Roubach y anime des ateliers priv\u00e9s pour s\u2019\u00e9veiller aux senteurs et confectionner sa propre fragrance. Une activit\u00e9 destin\u00e9e aux particuliers ou aux entreprises, et accessible \u00e0 tous&#8230; M\u00eame ceux qui attrapent la migraine d\u00e8s qu\u2019ils franchissent la porte d\u2019une parfumerie\u00a0: \u00ab\u00a0C\u2019est totalement diff\u00e9rent. L\u00e0-bas, l\u2019air est satur\u00e9 de parfums, tr\u00e8s concentr\u00e9s. Une odeur seule n\u2019est jamais \u00e9coeurante\u00a0\u00bb, explique-t-elle.<\/p>\n<p>Les entreprises repr\u00e9sentent d\u00e9j\u00e0 20\u00a0% de sa client\u00e8le. Avec des formats con\u00e7us pour l\u2019\u00e9v\u00e9nementiel, les s\u00e9minaires et autres team buildings, la parfumeuse aimerait d\u00e9velopper ce volet professionnel, o\u00f9 la demande se fait sentir.<\/p>\n<p>\u00ab\u00a0Les odeurs ont un pouvoir extraordinaire\u00a0\u00bb<\/p>\n<p>On la r\u00e9duit souvent \u00e0 son organe de pr\u00e9dilection. \u00ab\u00a0Nez\u00a0\u00bb. Un qualificatif un peu court, selon l\u2019int\u00e9ress\u00e9e. \u00ab\u00a0Je dis toujours \u00ab\u00a0parfumeuse\u00a0\u00bb. Le nez, c\u2019est juste l\u2019outil, comme les doigts d\u2019un musicien ou les jambes d\u2019un athl\u00e8te. Pour l\u2019entra\u00eener, je sniffe tous les jours\u00a0\u00bb, affirme-t-elle, non sans humour mais tr\u00e8s s\u00e9rieusement. Car tout l\u2019art de la formulation r\u00e9side dans la capacit\u00e9 du professionnel \u00e0 \u00ab\u00a0apprivoiser les odeurs\u00a0\u00bb\u00a0: \u00e0 la sortie de l\u2019\u00e9cole, le jeune parfumeur doit \u00eatre capable d\u2019en identifier au moins 350 \u00e0 l\u2019aveugle. Il lui faudra ensuite apprendre \u00e0 les associer, des plus \u00e9tranges au plus oppos\u00e9es, pour en tirer un bon jus &#8211; le nom donn\u00e9 au parfum avant qu\u2019il ne quitte le laboratoire. Celui de Sylvie Roubach, cach\u00e9 quelque part autour de Toulouse, renferme plus de 2000 odeurs\u00a0: un v\u00e9ritable tr\u00e9sor qu\u2019elle pr\u00e9serve dans un endroit tenu secret.<\/p>\n<p>\u00ab\u00a0Les odeurs ont un pouvoir extraordinaire. Et un parfum, c\u2019est quelque chose d\u2019intime, de profond, d\u2019\u00e9motionnel\u00a0\u00bb, indique l\u2019entrepreneure. En parall\u00e8le des ateliers, elle propose \u00e9galement des r\u00e9\u00e9ducations olfactives pour les personnes souffrant d\u2019anosmie (perte de l\u2019odorat), mais aussi des th\u00e9rapies olfactives pour accompagner les malades. \u00ab\u00a0Certaines mol\u00e9cules ont des propri\u00e9t\u00e9s th\u00e9rapeutiques. Au-del\u00e0 de cela, nous avons tous des \u201codeurs-refuges\u201d, des senteurs qui nous font du bien, dont on se sert\u00a0\u00bb, explique-t-elle.<\/p>\n<p>Enfin, son plus beau projet n\u2019est pas encore abouti. \u00ab\u00a0J\u2019\u00e9cris un livre. On ne choisit pas les odeurs par hasard, il existe des facteurs g\u00e9n\u00e9tiques, d\u2019autres in utero et au cours de la vie. On commence \u00e0 peine \u00e0 d\u00e9couvrir la complexit\u00e9 de ce sens, nich\u00e9 dans le cerveau limbique\u00a0\u00bb, d\u00e9taille-t-elle. Chacun sa madeleine de Proust. En percera-t-elle les myst\u00e8res\u00a0?<br class=\"autobr\"\/><br \/>\nMarie-Dominique Lacour<\/p>\n<p>Sur la photo\u00a0: Sylvie Roubach dans son atelier Mon Parfum Ma Signature, rue de la Pomme, \u00e0 Toulouse. Cr\u00e9dit\u00a0: Camille Chr\u00e9tien.<\/p>\n","protected":false},"excerpt":{"rendered":"Son odorat, c\u2019est \u00ab\u00a0un don\u00a0\u00bb. Une offrande de sa grand-m\u00e8re, malvoyante, qui d\u00e8s sa plus tendre enfance lui&hellip;\n","protected":false},"author":2,"featured_media":586768,"comment_status":"","ping_status":"","sticky":false,"template":"","format":"standard","meta":{"footnotes":""},"categories":[2816],"tags":[1111,11,52293,1777,674,69990,1011,27,12,2680,25,2312],"class_list":{"0":"post-586767","1":"post","2":"type-post","3":"status-publish","4":"format-standard","5":"has-post-thumbnail","7":"category-toulouse","8":"tag-actu","9":"tag-actualites","10":"tag-cosmetique","11":"tag-eu","12":"tag-europe","13":"tag-femmes-chefs-dentreprise-31","14":"tag-fr","15":"tag-france","16":"tag-news","17":"tag-occitanie","18":"tag-republique-francaise","19":"tag-toulouse"},"share_on_mastodon":{"url":"https:\/\/pubeurope.com\/@fr\/115685075549699853","error":""},"_links":{"self":[{"href":"https:\/\/www.europesays.com\/fr\/wp-json\/wp\/v2\/posts\/586767","targetHints":{"allow":["GET"]}}],"collection":[{"href":"https:\/\/www.europesays.com\/fr\/wp-json\/wp\/v2\/posts"}],"about":[{"href":"https:\/\/www.europesays.com\/fr\/wp-json\/wp\/v2\/types\/post"}],"author":[{"embeddable":true,"href":"https:\/\/www.europesays.com\/fr\/wp-json\/wp\/v2\/users\/2"}],"replies":[{"embeddable":true,"href":"https:\/\/www.europesays.com\/fr\/wp-json\/wp\/v2\/comments?post=586767"}],"version-history":[{"count":0,"href":"https:\/\/www.europesays.com\/fr\/wp-json\/wp\/v2\/posts\/586767\/revisions"}],"wp:featuredmedia":[{"embeddable":true,"href":"https:\/\/www.europesays.com\/fr\/wp-json\/wp\/v2\/media\/586768"}],"wp:attachment":[{"href":"https:\/\/www.europesays.com\/fr\/wp-json\/wp\/v2\/media?parent=586767"}],"wp:term":[{"taxonomy":"category","embeddable":true,"href":"https:\/\/www.europesays.com\/fr\/wp-json\/wp\/v2\/categories?post=586767"},{"taxonomy":"post_tag","embeddable":true,"href":"https:\/\/www.europesays.com\/fr\/wp-json\/wp\/v2\/tags?post=586767"}],"curies":[{"name":"wp","href":"https:\/\/api.w.org\/{rel}","templated":true}]}}