{"id":586773,"date":"2025-12-08T17:18:16","date_gmt":"2025-12-08T17:18:16","guid":{"rendered":"https:\/\/www.europesays.com\/fr\/586773\/"},"modified":"2025-12-08T17:18:16","modified_gmt":"2025-12-08T17:18:16","slug":"marche-de-noel-parade-musicale-et-feu-dartifice-gratuits-a-deux-pas-de-lille-ce-samedi","status":"publish","type":"post","link":"https:\/\/www.europesays.com\/fr\/586773\/","title":{"rendered":"March\u00e9 de No\u00ebl, parade musicale et feu d&rsquo;artifice gratuits \u00e0 deux pas de Lille ce samedi"},"content":{"rendered":"<p>                    Par<br \/>\n        <strong><br \/>\n            <a href=\"https:\/\/actu.fr\/auteur\/nicolas-demollien\" title=\"Consulter tous les articles de Nicolas Demollien\" target=\"_blank\" rel=\"noopener\">Nicolas Demollien<\/a><br \/>\n                    <\/strong><\/p>\n<p>        Publi\u00e9 le<\/p>\n<p>            8 d\u00e9c. 2025 \u00e0 17h26        <\/p>\n<p>Voil\u00e0 un \u00e9v\u00e9nement des plus prometteurs \u00e0 <b>seulement deux pas<\/b> de <a href=\"https:\/\/actu.fr\/hauts-de-france\/lille_59350\" target=\"_blank\" rel=\"noopener\">Lille<\/a> (Nord) ! Ce samedi 13 d\u00e9cembre 2025, <a href=\"https:\/\/actu.fr\/hauts-de-france\/marcq-en-baroeul_59378\" target=\"_blank\" rel=\"noopener\">Marcq-en-Bar\u0153ul<\/a> propose son traditionnel <a href=\"https:\/\/actu.fr\/tag\/noel\" target=\"_blank\" rel=\"noopener\">No\u00ebl<\/a> \u00e0 l\u2019<b>hippodrome<\/b> avec des <b>animations \u00e0 la pelle<\/b> : <b>march\u00e9<\/b>, <b>parade musicale<\/b> mais aussi et surtout un toujours magnifique <a href=\"https:\/\/actu.fr\/tag\/feu-dartifice\" target=\"_blank\" rel=\"noopener\">feu d\u2019artifice<\/a>. Et en plus l\u2019<b>entr\u00e9e est gratuite<\/b> ! D\u00e9tails.<\/p>\n<p>March\u00e9 de No\u00ebl, parade musicale et feu d\u2019artifice \u00e0 Marcq-en-Bar\u0153ul<\/p>\n<p class=\" wall-content\">Le march\u00e9 de No\u00ebl vous attendra sur place \u00e0 partir de 14h, et ce jusqu\u2019\u00e0 19h. Il s\u2019agit d\u2019un <b>march\u00e9 associatif avec pr\u00e8s de 30 stands<\/b> o\u00f9 vous pourrez trouver\u00a0 des <b>objets et produits vari\u00e9s<\/b> : \u00ab\u00a0d\u00e9corations, bougies, pochons en tissu, peluches, \u00e9tuis \u00e0 brosse \u00e0 dents, sacs \u00e0 tarte, porte-cl\u00e9s, bijoux et artisanat africain\u00a0\u00bb, annonce-t-on du c\u00f4t\u00e9 de municipalit\u00e9.<\/p>\n<p data-end=\"780\" class=\" wall-content\">Et ce n\u2019est pas tout puisque vous retrouverez aussi sur place \u00ab\u00a0le P\u00e8re No\u00ebl dans son tra\u00eeneau, un petit march\u00e9 de No\u00ebl pour les enfants, un <b>sculpteur sur ballons<\/b>, des lutins malicieux, des ateliers cr\u00e9atifs ou encore un stand de maquillage\u00a0\u00bb. Le tout dans une <b>ambiance f\u00e9\u00e9rique<\/b>, accompagn\u00e9e de musique et d\u2019un <b>grand sapin scintillant<\/b>.<\/p>\n<p data-end=\"962\" class=\" wall-content\">\u00c0 18h, vous serez invit\u00e9s \u00e0 vous rendre \u00e0 l\u2019ext\u00e9rieur pour assister \u00e0 la parade musicale du <b>Marching Band<\/b> et profiter de la <b>distribution gratuite de chocolat chaud et de vin chaud<\/b>.<\/p>\n<p data-end=\"962\" class=\" wall-content\">Le clou du spectacle vous attend d\u00e8s 19h avec le <b>spectacle pyrotechnique<\/b>\u00a0 imagin\u00e9 par la Compagnie Lux Factory. \u00ab\u00a0En amont, des <b>\u00e9chassiers lumineux<\/b> guideront le public pour s\u2019installer et admirer un <b>show d\u2019une vingtaine de minutes<\/b>\u00ab\u00a0, annonce encore la Ville.<\/p>\n<p data-end=\"962\" class=\" wall-content\">Cette ann\u00e9e, l\u2019<b>artificier champion du monde 2025<\/b> au Festival de Montr\u00e9al propose un voyage fantastique sur le th\u00e8me \u00ab\u00a0Les couleurs de No\u00ebl\u00a0\u00bb.<\/p>\n<p data-end=\"962\" class=\" wall-content\">On a h\u00e2te !<\/p>\n<p>Votre r\u00e9gion, votre actu !<\/p>\n<p>Recevez chaque jour les infos qui comptent pour vous.<\/p>\n<p>\t<a href=\"https:\/\/actu.fr\/newsletter\" class=\"ac-btn ac-btn--corner ac-btn--medium ac-btn--blue800\" target=\"_blank\" rel=\"noopener\">S&rsquo;incrire<\/a><\/p>\n<p>    <a href=\"https:\/\/www.facebook.com\/plugins\/post.php?href=https%3A%2F%2Fwww.facebook.com%2Fvilledemarcq%2Fposts%2F1381555000366677%3A1381555000366677&amp;show_text=true&amp;width=350\" title=\"Ouvrie le lien\" target=\"_blank\" rel=\"noopener\">Cliquez ici pour visualiser le contenu<\/a><\/p>\n<p data-end=\"1461\" class=\" wall-content\">L\u2019entr\u00e9e de l\u2019hippodrome se trouve au 137, boulevard Clemenceau. Entr\u00e9e libre.<\/p>\n<p class=\" wall-content\">Personnalisez votre actualit\u00e9 en ajoutant vos villes et m\u00e9dias en favori avec <a href=\"https:\/\/moncompte.actu.fr\" title=\"D\u00e9couvez Mon Actu\" rel=\"nofollow noopener\" data-trk=\"{&quot;cta&quot;:{&quot;action&quot;:&quot;https:\\\/\\\/moncompte.actu.fr&quot;,&quot;category&quot;:&quot;mon compte&quot;,&quot;from&quot;:&quot;article footer&quot;,&quot;name&quot;:&quot;Mon actu&quot;,&quot;type&quot;:&quot;cta&quot;}}\" target=\"_blank\">Mon Actu<\/a>.<\/p>\n","protected":false},"excerpt":{"rendered":"Par Nicolas Demollien Publi\u00e9 le 8 d\u00e9c. 2025 \u00e0 17h26 Voil\u00e0 un \u00e9v\u00e9nement des plus prometteurs \u00e0 seulement&hellip;\n","protected":false},"author":2,"featured_media":586774,"comment_status":"","ping_status":"","sticky":false,"template":"","format":"standard","meta":{"footnotes":""},"categories":[2815],"tags":[1111,11,1777,674,16701,1011,27,811,1307,1652,12,15830,25],"class_list":{"0":"post-586773","1":"post","2":"type-post","3":"status-publish","4":"format-standard","5":"has-post-thumbnail","7":"category-lille","8":"tag-actu","9":"tag-actualites","10":"tag-eu","11":"tag-europe","12":"tag-feu-dartifice","13":"tag-fr","14":"tag-france","15":"tag-hauts-de-france","16":"tag-lille","17":"tag-loisirs-culture","18":"tag-news","19":"tag-noel","20":"tag-republique-francaise"},"share_on_mastodon":{"url":"https:\/\/pubeurope.com\/@fr\/115685091257892637","error":""},"_links":{"self":[{"href":"https:\/\/www.europesays.com\/fr\/wp-json\/wp\/v2\/posts\/586773","targetHints":{"allow":["GET"]}}],"collection":[{"href":"https:\/\/www.europesays.com\/fr\/wp-json\/wp\/v2\/posts"}],"about":[{"href":"https:\/\/www.europesays.com\/fr\/wp-json\/wp\/v2\/types\/post"}],"author":[{"embeddable":true,"href":"https:\/\/www.europesays.com\/fr\/wp-json\/wp\/v2\/users\/2"}],"replies":[{"embeddable":true,"href":"https:\/\/www.europesays.com\/fr\/wp-json\/wp\/v2\/comments?post=586773"}],"version-history":[{"count":0,"href":"https:\/\/www.europesays.com\/fr\/wp-json\/wp\/v2\/posts\/586773\/revisions"}],"wp:featuredmedia":[{"embeddable":true,"href":"https:\/\/www.europesays.com\/fr\/wp-json\/wp\/v2\/media\/586774"}],"wp:attachment":[{"href":"https:\/\/www.europesays.com\/fr\/wp-json\/wp\/v2\/media?parent=586773"}],"wp:term":[{"taxonomy":"category","embeddable":true,"href":"https:\/\/www.europesays.com\/fr\/wp-json\/wp\/v2\/categories?post=586773"},{"taxonomy":"post_tag","embeddable":true,"href":"https:\/\/www.europesays.com\/fr\/wp-json\/wp\/v2\/tags?post=586773"}],"curies":[{"name":"wp","href":"https:\/\/api.w.org\/{rel}","templated":true}]}}