{"id":586777,"date":"2025-12-08T17:20:22","date_gmt":"2025-12-08T17:20:22","guid":{"rendered":"https:\/\/www.europesays.com\/fr\/586777\/"},"modified":"2025-12-08T17:20:22","modified_gmt":"2025-12-08T17:20:22","slug":"les-journalistes-se-mobilisent-sur-le-vieux-port-de-marseille","status":"publish","type":"post","link":"https:\/\/www.europesays.com\/fr\/586777\/","title":{"rendered":"les journalistes se mobilisent sur le Vieux-Port de Marseille"},"content":{"rendered":"<p>La Provence, BFM Marseille-Provence, L&rsquo;Equipe, France T\u00e9l\u00e9visions, La Marseillaise&#8230; De nombreux m\u00e9dias \u00e9taient repr\u00e9sent\u00e9s ce lundi matin sur le Vieux-Port de Marseille pour r\u00e9pondre \u00e0 l&rsquo;appel de l&rsquo;<a href=\"https:\/\/www.laprovence.com\/article\/om\/8659513917195615\/prix-pape-diouf-2023-lom-et-lujsf-mettent-la-provence-a-lhonneur\" target=\"_blank\" rel=\"noopener\">Union des Journalistes de Sport en France<\/a> \u00e0 soutenir Christophe Gleizes. Objectif du rassemblement organis\u00e9 par la <a href=\"https:\/\/www.laprovence.com\/article\/sports\/1701458\/furiani-20-ans-apres-pour-ne-jamais-oublier.html\" target=\"_blank\" rel=\"noopener\">section Provence de l&rsquo;UJSF<\/a> : montrer \u00e0 ce journaliste de So Foot, \u00e2g\u00e9 de 36 ans, et \u00e0 sa famille qu&rsquo;ils ne sont pas seuls dans leur combat contre l&rsquo;injustice qui le frappe.<\/p>\n<p>\u00ab\u00a0Indignation et solidarit\u00e9\u00a0\u00bb<\/p>\n<p>Pour rappel, <a href=\"https:\/\/www.laprovence.com\/article\/france-monde\/2047151024999815\/algerie-le-journaliste-francais-christophe-gleizes-condamne-en-appel-a-sept-ans-de-prison\" target=\"_blank\" rel=\"noopener\">le reporter s&rsquo;\u00e9tait rendu en Alg\u00e9rie en mai 2024 pour un article sur le club de football le plus titr\u00e9 du pays<\/a>, la Jeunesse Sportive de Kabylie (JSK), bas\u00e9 \u00e0 Tizi Ouzou, \u00e0 100 km \u00e0 l&rsquo;est d&rsquo;Alger. Alors que le contexte diplomatique est tr\u00e8s tendu entre la France et l&rsquo;Alg\u00e9rie, il a \u00e9t\u00e9 emprisonn\u00e9 fin juin et a \u00e9t\u00e9 condamn\u00e9 la semaine pass\u00e9e en appel \u00e0 sept ans de prison pour \u00ab\u00a0apologie du terrorisme\u00a0\u00bb et \u00ab\u00a0possession de publications dans un but de propagande nuisant \u00e0 l&rsquo;int\u00e9r\u00eat national\u00a0\u00bb. Il est accus\u00e9 d&rsquo;avoir eu des \u00e9changes avec l&rsquo;un des dirigeants de la JSK, responsable du \u00ab\u00a0Mouvement pour l&rsquo;autod\u00e9termination de la Kabylie\u00a0\u00bb, class\u00e9e comme terroriste par les autorit\u00e9s alg\u00e9riennes.<\/p>\n<p>Dans un message envoy\u00e9 \u00e0 tous ses adh\u00e9rents, l&rsquo;Union des Journalistes de Sport en France avait tenu, en fin de semaine pass\u00e9e, \u00e0 exprimer \u00ab\u00a0son indignation et sa solidarit\u00e9\u00a0\u00bb.\u00a0\u00ab\u00a0Cette d\u00e9cision s&rsquo;inscrit en contradiction totale avec les principes de libert\u00e9 d&rsquo;informer et de libert\u00e9 de la presse que nous d\u00e9fendons collectivement,\u00a0avait soulign\u00e9 l&rsquo;UJSF. Parce qu&rsquo;aucun journaliste ne devrait \u00eatre inqui\u00e9t\u00e9, poursuivi ou emprisonn\u00e9 pour son travail, nous appelons \u00e0 un geste de solidarit\u00e9 simple, visible et commun, \u00e0 l&rsquo;occasion des \u00e9v\u00e9nements sportifs qui se tiendront ce week-end dans les stades et les salles de France.\u00a0\u00bb\u00a0C&rsquo;est ainsi que la section Provence de l&rsquo;UJSF a organis\u00e9 le rassemblement symbolique de ce lundi matin \u00e0 Marseille, durant lequel les messages \u00ab\u00a0Libert\u00e9 pour Christophe Gleizes\u00a0\u00bb et \u00ab\u00a0#FreeGleizes ont \u00e9t\u00e9 brandis.<\/p>\n","protected":false},"excerpt":{"rendered":"La Provence, BFM Marseille-Provence, L&rsquo;Equipe, France T\u00e9l\u00e9visions, La Marseillaise&#8230; De nombreux m\u00e9dias \u00e9taient repr\u00e9sent\u00e9s ce lundi matin sur&hellip;\n","protected":false},"author":2,"featured_media":586778,"comment_status":"","ping_status":"","sticky":false,"template":"","format":"standard","meta":{"footnotes":""},"categories":[2814],"tags":[17,1111,11,14141,4073,1777,674,1011,27,35622,8299,151,884,16073,12,882,25,60,3356],"class_list":{"0":"post-586777","1":"post","2":"type-post","3":"status-publish","4":"format-standard","5":"has-post-thumbnail","7":"category-marseille","8":"tag-17","9":"tag-actu","10":"tag-actualites","11":"tag-christophe","12":"tag-condamnation","13":"tag-eu","14":"tag-europe","15":"tag-fr","16":"tag-france","17":"tag-gleizes","18":"tag-journalistes","19":"tag-les","20":"tag-marseille","21":"tag-mobilisent","22":"tag-news","23":"tag-provence-alpes-cote-dazur","24":"tag-republique-francaise","25":"tag-sports","26":"tag-sur"},"share_on_mastodon":{"url":"https:\/\/pubeurope.com\/@fr\/115685098965289197","error":""},"_links":{"self":[{"href":"https:\/\/www.europesays.com\/fr\/wp-json\/wp\/v2\/posts\/586777","targetHints":{"allow":["GET"]}}],"collection":[{"href":"https:\/\/www.europesays.com\/fr\/wp-json\/wp\/v2\/posts"}],"about":[{"href":"https:\/\/www.europesays.com\/fr\/wp-json\/wp\/v2\/types\/post"}],"author":[{"embeddable":true,"href":"https:\/\/www.europesays.com\/fr\/wp-json\/wp\/v2\/users\/2"}],"replies":[{"embeddable":true,"href":"https:\/\/www.europesays.com\/fr\/wp-json\/wp\/v2\/comments?post=586777"}],"version-history":[{"count":0,"href":"https:\/\/www.europesays.com\/fr\/wp-json\/wp\/v2\/posts\/586777\/revisions"}],"wp:featuredmedia":[{"embeddable":true,"href":"https:\/\/www.europesays.com\/fr\/wp-json\/wp\/v2\/media\/586778"}],"wp:attachment":[{"href":"https:\/\/www.europesays.com\/fr\/wp-json\/wp\/v2\/media?parent=586777"}],"wp:term":[{"taxonomy":"category","embeddable":true,"href":"https:\/\/www.europesays.com\/fr\/wp-json\/wp\/v2\/categories?post=586777"},{"taxonomy":"post_tag","embeddable":true,"href":"https:\/\/www.europesays.com\/fr\/wp-json\/wp\/v2\/tags?post=586777"}],"curies":[{"name":"wp","href":"https:\/\/api.w.org\/{rel}","templated":true}]}}