{"id":586779,"date":"2025-12-08T17:22:17","date_gmt":"2025-12-08T17:22:17","guid":{"rendered":"https:\/\/www.europesays.com\/fr\/586779\/"},"modified":"2025-12-08T17:22:17","modified_gmt":"2025-12-08T17:22:17","slug":"lyon-pagaille-a-la-gare-sncf-part-dieu-de-tres-gros-retards-et-des-trains-supprimes","status":"publish","type":"post","link":"https:\/\/www.europesays.com\/fr\/586779\/","title":{"rendered":"Lyon. Pagaille \u00e0 la gare SNCF Part-Dieu, de tr\u00e8s gros retards et des trains supprim\u00e9s"},"content":{"rendered":"<p>                    Par<br \/>\n        <strong><br \/>\n            <a href=\"https:\/\/actu.fr\/auteur\/julien-damboise\" title=\"Consulter tous les articles de Julien Damboise\" target=\"_blank\" rel=\"noopener\">Julien Damboise<\/a><br \/>\n                    <\/strong><\/p>\n<p>        Publi\u00e9 le<\/p>\n<p>            8 d\u00e9c. 2025 \u00e0 16h00        <\/p>\n<p>Le trafic des trains est <strong>fortement perturb\u00e9<\/strong> ce lundi 8 d\u00e9cembre au d\u00e9part de la gare de <a href=\"https:\/\/actu.fr\/tag\/lyon-part-dieu\" target=\"_blank\" rel=\"noopener\">Lyon Part-Dieu<\/a>. <strong>Des milliers de voyageurs sont affect\u00e9s<\/strong> \u00e0 cause d\u2019une d\u00e9faillance de mat\u00e9riel sur la ligne Paris \u2013 <a href=\"https:\/\/actu.fr\/lyon\/\" target=\"_blank\" rel=\"noopener\">Lyon<\/a>. Voici ce qu\u2019il se passe.<\/p>\n<p>Un gros couac sur la ligne Lyon \u2013 Paris<\/p>\n<p class=\" wall-content\">Selon la <a href=\"https:\/\/actu.fr\/tag\/sncf\" target=\"_blank\" rel=\"noopener\">SNCF<\/a>, c\u2019est suite \u00e0 une d\u00e9faillance de mat\u00e9riel sur un train circulant entre Paris et Le Creusot que le trafic est perturb\u00e9 dans ce secteur depuis 10 h 40 ce lundi matin. Certains trains empruntent un<strong> itin\u00e9raire alternatif<\/strong> pour \u00e9viter la zone, occasionnant des allongements de temps de parcours.<\/p>\n<p>    <img   decoding=\"async\" loading=\"lazy\" src=\"https:\/\/www.europesays.com\/fr\/wp-content\/uploads\/2025\/12\/retards-lyon-part-dieu-8-decembre-960x640.png\" alt=\"Les retards sont importants sur la ligne Lyon - Paris ce lundi 8 d\u00e9cembre 2025.\" width=\"960\" height=\"640\"\/><br \/>\n    Les retards sont importants sur la ligne Lyon \u2013 Paris ce lundi 8 d\u00e9cembre 2025. (\u00a9Site internet SNCF)<\/p>\n<p class=\" wall-content\">Certains trains \u00e0 l\u2019arriv\u00e9e enregistrent <strong>jusqu\u2019\u00e0 2h30 de retards<\/strong> d\u2019apr\u00e8s le tableau d\u2019affichage. Pour les d\u00e9parts, certains voyageurs voient leur trajet s\u2019allonger de plus d\u2019une heure. Certains trains ont aussi \u00e9t\u00e9 supprim\u00e9s.<\/p>\n<p>Du mieux dans les prochaines heures<\/p>\n<p class=\" wall-content\">Depuis 15 h environ, la SNCF a indiqu\u00e9 que \u00ab\u00a0la circulation peut reprendre sur une voie\u00a0\u00bb sur les rails particuli\u00e8rement emprunt\u00e9s. \u00ab\u00a0Nos \u00e9quipes sont mobilis\u00e9es\u00a0\u00bb, assure encore l\u2019entreprise ferroviaire.<\/p>\n<p class=\" wall-content\"><strong>Cet article sera mis \u00e0 jour selon les derni\u00e8res informations\u2026<\/strong><\/p>\n<p class=\" wall-content\">Personnalisez votre actualit\u00e9 en ajoutant vos villes et m\u00e9dias en favori avec <a href=\"https:\/\/moncompte.actu.fr\" title=\"D\u00e9couvez Mon Actu\" rel=\"nofollow noopener\" data-trk=\"{&quot;cta&quot;:{&quot;action&quot;:&quot;https:\\\/\\\/moncompte.actu.fr&quot;,&quot;category&quot;:&quot;mon compte&quot;,&quot;from&quot;:&quot;article footer&quot;,&quot;name&quot;:&quot;Mon actu&quot;,&quot;type&quot;:&quot;cta&quot;}}\" target=\"_blank\">Mon Actu<\/a>.<\/p>\n","protected":false},"excerpt":{"rendered":"Par Julien Damboise Publi\u00e9 le 8 d\u00e9c. 2025 \u00e0 16h00 Le trafic des trains est fortement perturb\u00e9 ce&hellip;\n","protected":false},"author":2,"featured_media":586780,"comment_status":"","ping_status":"","sticky":false,"template":"","format":"standard","meta":{"footnotes":""},"categories":[1889],"tags":[1111,11,2430,1777,674,1011,27,2428,6178,12,25,2215,104],"class_list":{"0":"post-586779","1":"post","2":"type-post","3":"status-publish","4":"format-standard","5":"has-post-thumbnail","7":"category-lyon","8":"tag-actu","9":"tag-actualites","10":"tag-auvergne-rhone-alpes","11":"tag-eu","12":"tag-europe","13":"tag-fr","14":"tag-france","15":"tag-lyon","16":"tag-lyon-part-dieu","17":"tag-news","18":"tag-republique-francaise","19":"tag-sncf","20":"tag-societe"},"share_on_mastodon":{"url":"https:\/\/pubeurope.com\/@fr\/115685108111145175","error":""},"_links":{"self":[{"href":"https:\/\/www.europesays.com\/fr\/wp-json\/wp\/v2\/posts\/586779","targetHints":{"allow":["GET"]}}],"collection":[{"href":"https:\/\/www.europesays.com\/fr\/wp-json\/wp\/v2\/posts"}],"about":[{"href":"https:\/\/www.europesays.com\/fr\/wp-json\/wp\/v2\/types\/post"}],"author":[{"embeddable":true,"href":"https:\/\/www.europesays.com\/fr\/wp-json\/wp\/v2\/users\/2"}],"replies":[{"embeddable":true,"href":"https:\/\/www.europesays.com\/fr\/wp-json\/wp\/v2\/comments?post=586779"}],"version-history":[{"count":0,"href":"https:\/\/www.europesays.com\/fr\/wp-json\/wp\/v2\/posts\/586779\/revisions"}],"wp:featuredmedia":[{"embeddable":true,"href":"https:\/\/www.europesays.com\/fr\/wp-json\/wp\/v2\/media\/586780"}],"wp:attachment":[{"href":"https:\/\/www.europesays.com\/fr\/wp-json\/wp\/v2\/media?parent=586779"}],"wp:term":[{"taxonomy":"category","embeddable":true,"href":"https:\/\/www.europesays.com\/fr\/wp-json\/wp\/v2\/categories?post=586779"},{"taxonomy":"post_tag","embeddable":true,"href":"https:\/\/www.europesays.com\/fr\/wp-json\/wp\/v2\/tags?post=586779"}],"curies":[{"name":"wp","href":"https:\/\/api.w.org\/{rel}","templated":true}]}}