{"id":586781,"date":"2025-12-08T17:24:22","date_gmt":"2025-12-08T17:24:22","guid":{"rendered":"https:\/\/www.europesays.com\/fr\/586781\/"},"modified":"2025-12-08T17:24:22","modified_gmt":"2025-12-08T17:24:22","slug":"cest-parti-pour-le-dernier-soir-celui-des-lyonnais-et-des-lumignons","status":"publish","type":"post","link":"https:\/\/www.europesays.com\/fr\/586781\/","title":{"rendered":"c&rsquo;est parti pour le dernier soir, celui des \u00ab\u00a0Lyonnais\u00a0\u00bb et des lumignons"},"content":{"rendered":"<p class=\"chiffre\">Transports en commun<\/p>\n<p><strong>C&rsquo;est le choix du sage<\/strong>. Les m\u00e9tros sont prolong\u00e9s jusqu&rsquo;\u00e0 2 heures du matin. Les tramways T1, T2, T4 et T6 sont renforc\u00e9s.\u00a0Ce\u00a0lundi, les transports sont <strong>gratuits<\/strong>\u00a0depuis\u00a016 heures.<\/p>\n<p class=\"chiffre\">\u00c0 pied<\/p>\n<p><strong>Simple et efficace<\/strong>. Vous ma\u00eetrisez votre heure d&rsquo;arriv\u00e9e et votre itin\u00e9raire. Mais sachez que quatre passerelles seront ferm\u00e9es\u00a0: la passerelle du Palais-de-Justice, de l&rsquo;Homme-de-la-Roche, Saint-Vincent et Paul-Couturier (Saint-Georges).\u200b<\/p>\n<p class=\"chiffre\">En voiture<\/p>\n<p><strong>\u00c0 \u00e9viter<\/strong>. La Presqu&rsquo;\u00eele et le boulevard des Belges seront ferm\u00e9s \u00e0 la circulation des v\u00e9hicules de 17 heures \u00e0 minuit. Plusieurs rues sont interdites au stationnement\u00a0depuis\u00a0midi. Les parkings publics seront ferm\u00e9s de 18 heures \u00e0 minuit (17 \u00e0 23 heures le dimanche). Si vous venez en voiture, garez-vous en p\u00e9riph\u00e9rie et prenez les transports. Les 23 parcs-relais du r\u00e9seau TCL restent ouverts jusqu&rsquo;\u00e0 3 heures du matin.<\/p>\n<p class=\"note\">Plus d&rsquo;informations dans notre article complet,\u00a0<a href=\"https:\/\/www.leprogres.fr\/culture-loisirs\/2025\/12\/05\/velo-trottinette-tcl-voiture-ou-marche-comment-circuler-pendant-la-fete-des-lumieres\" target=\"_blank\" rel=\"noopener\"><strong>\u00e0 lire ici<\/strong><\/a>.<\/p>\n","protected":false},"excerpt":{"rendered":"Transports en commun C&rsquo;est le choix du sage. Les m\u00e9tros sont prolong\u00e9s jusqu&rsquo;\u00e0 2 heures du matin. Les&hellip;\n","protected":false},"author":2,"featured_media":586782,"comment_status":"","ping_status":"","sticky":false,"template":"","format":"standard","meta":{"footnotes":""},"categories":[1889],"tags":[1111,11,2430,1687,3152,2757,3153,3154,1777,674,48836,3326,107,1011,27,937,2428,12,5889,25,2429,104],"class_list":{"0":"post-586781","1":"post","2":"type-post","3":"status-publish","4":"format-standard","5":"has-post-thumbnail","7":"category-lyon","8":"tag-actu","9":"tag-actualites","10":"tag-auvergne-rhone-alpes","11":"tag-culture-loisirs","12":"tag-edition-est-lyonnais","13":"tag-edition-lyon-villeurbanne","14":"tag-edition-ouest-lyonnais","15":"tag-edition-sud-lyonnais","16":"tag-eu","17":"tag-europe","18":"tag-fete-des-lumieres","19":"tag-fete-locale","20":"tag-fil-info","21":"tag-fr","22":"tag-france","23":"tag-histoire","24":"tag-lyon","25":"tag-news","26":"tag-religion-croyance","27":"tag-republique-francaise","28":"tag-rhone","29":"tag-societe"},"share_on_mastodon":{"url":"https:\/\/pubeurope.com\/@fr\/115685114732086951","error":""},"_links":{"self":[{"href":"https:\/\/www.europesays.com\/fr\/wp-json\/wp\/v2\/posts\/586781","targetHints":{"allow":["GET"]}}],"collection":[{"href":"https:\/\/www.europesays.com\/fr\/wp-json\/wp\/v2\/posts"}],"about":[{"href":"https:\/\/www.europesays.com\/fr\/wp-json\/wp\/v2\/types\/post"}],"author":[{"embeddable":true,"href":"https:\/\/www.europesays.com\/fr\/wp-json\/wp\/v2\/users\/2"}],"replies":[{"embeddable":true,"href":"https:\/\/www.europesays.com\/fr\/wp-json\/wp\/v2\/comments?post=586781"}],"version-history":[{"count":0,"href":"https:\/\/www.europesays.com\/fr\/wp-json\/wp\/v2\/posts\/586781\/revisions"}],"wp:featuredmedia":[{"embeddable":true,"href":"https:\/\/www.europesays.com\/fr\/wp-json\/wp\/v2\/media\/586782"}],"wp:attachment":[{"href":"https:\/\/www.europesays.com\/fr\/wp-json\/wp\/v2\/media?parent=586781"}],"wp:term":[{"taxonomy":"category","embeddable":true,"href":"https:\/\/www.europesays.com\/fr\/wp-json\/wp\/v2\/categories?post=586781"},{"taxonomy":"post_tag","embeddable":true,"href":"https:\/\/www.europesays.com\/fr\/wp-json\/wp\/v2\/tags?post=586781"}],"curies":[{"name":"wp","href":"https:\/\/api.w.org\/{rel}","templated":true}]}}