{"id":586785,"date":"2025-12-08T17:27:13","date_gmt":"2025-12-08T17:27:13","guid":{"rendered":"https:\/\/www.europesays.com\/fr\/586785\/"},"modified":"2025-12-08T17:27:13","modified_gmt":"2025-12-08T17:27:13","slug":"la-mere-arretee-pour-des-violences-sur-son-fils-de-6-ans-dans-le-tgv-devra-suivre-un-stage-de-responsabilite-parentale","status":"publish","type":"post","link":"https:\/\/www.europesays.com\/fr\/586785\/","title":{"rendered":"La m\u00e8re arr\u00eat\u00e9e pour des violences sur son fils de 6 ans dans le TGV devra suivre un stage de responsabilit\u00e9 parentale"},"content":{"rendered":"<p class=\"paragraph text_align_left lp-f-body-02\">Affaire class\u00e9e, sous condition d\u2019accomplir un stage de responsabilit\u00e9 parentale \u00e0 ses frais. C\u2019est la d\u00e9cision prise par le parquet de Meaux (Seine-et-Marne) \u00e0 l\u2019issue du d\u00e9ferrement -ce lundi 8 d\u00e9cembre- de la m\u00e8re de famille <a href=\"https:\/\/www.leparisien.fr\/faits-divers\/une-femme-interpellee-pour-avoir-frappe-violemment-son-fils-de-6-ans-dans-le-tgv-07-12-2025-2GAGPRUFLNGXVDWQWN6OV3EI2A.php\" target=\"_self\" rel=\"noopener\">interpell\u00e9e samedi en d\u00e9but de soir\u00e9e dans le TGV Lille-N\u00eemes<\/a> pour avoir frapp\u00e9 son fils \u00e2g\u00e9 de six ans.<\/p>\n<p class=\"paragraph text_align_left lp-f-body-02\">Originaire de Polyn\u00e9sie fran\u00e7aise et domicili\u00e9e \u00e0 N\u00eemes (Gard), cette femme de 42 ans avait \u00e9t\u00e9 plac\u00e9e en garde \u00e0 vue pour violences sur mineur de 15 ans par ascendant. En cause : son comportement dans le train. Selon plusieurs t\u00e9moins, elle avait violemment sanctionn\u00e9 son fiston alors qu\u2019il venait de renverser une canette de soda sur une passag\u00e8re.<\/p>\n<p class=\"paragraph text_align_left lp-f-body-02\">\u00ab Elle l\u2019aurait saisi par les cheveux pour le remonter sur son si\u00e8ge avant de lui claquer la t\u00eate contre la tablette \u00e0 trois reprises \u00bb, pr\u00e9cise le procureur du tribunal judiciaire de Meaux, Jean-Baptiste Bladier, dans un communiqu\u00e9. La sc\u00e8ne a sorti de leur torpeur les voyageurs souvent berc\u00e9s dans le TGV.<\/p>\n<p class=\"paragraph text_align_left lp-f-body-02\">Choqu\u00e9s, des t\u00e9moins ont aussit\u00f4t contact\u00e9 le 31 17 (ou 31 117 par SMS). Un num\u00e9ro qui permet aux passagers de la SNCF et de la RATP de signaler les violences dans les transports en commun. Aussit\u00f4t les agents de la s\u00fbret\u00e9 ferroviaire (ou Suge) ont interpell\u00e9 la dame \u00e0 l\u2019arr\u00eat du train \u00e0 la gare de Marne-la-Vall\u00e9e-Chessy (Seine-et-Marne).<\/p>\n<p class=\"paragraph text_align_left lp-f-body-02\">Les enqu\u00eateurs du commissariat de Lagny-sur-Marne ont v\u00e9rifi\u00e9 si cette femme \u00e9tait coutumi\u00e8re du fait, si elle avait d\u00e9j\u00e0 \u00e9t\u00e9 \u00e9pingl\u00e9e pour ce type de ch\u00e2timent violent. Ce n\u2019est pas le cas. Son casier judiciaire est vierge.<\/p>\n<p class=\"paragraph text_align_left lp-f-body-02\">A-t-elle eu la main trop lourde comme l\u2019ont affirm\u00e9 les t\u00e9moins ? Face aux enqu\u00eateurs, elle a reconnu \u00ab s\u2019\u00eatre \u00e9nerv\u00e9e en raison du comportement de son fils et lui avoir administr\u00e9 une claque derri\u00e8re la t\u00eate, ainsi que l\u2019avoir empoign\u00e9 \u00bb, indique le procureur de Meaux. Mais les investigations \u00ab n\u2019ont pas permis de confirmer de mani\u00e8re certaine les violences les plus graves, et notamment le fait que la mise en cause aurait volontairement cogn\u00e9 ou claqu\u00e9 la t\u00eate de l\u2019enfant contre une tablette \u00bb selon le magistrat.<\/p>\n<p>Une ordonnance de placement provisoire d\u00e9livr\u00e9e pour l\u2019enfant<\/p>\n<p class=\"paragraph text_align_left lp-f-body-02\">Selon son avocate commise d\u2019office, Me Sophia Rizk, la m\u00e8re de famille \u00ab regrette \u00e9norm\u00e9ment \u00bb ce qui s\u2019est pass\u00e9. \u00ab En garde \u00e0 vue, elle paraissait tr\u00e8s affect\u00e9e. Elle disait sans arr\u00eat je veux m\u2019excuser aupr\u00e8s de mon fils \u00bb. L\u2019avocate d\u00e9crit une femme \u00ab en d\u00e9tresse psychologique et sociale, qui \u00e9l\u00e8ve seule son fils \u00bb, et qui rentrait \u00ab \u00e9puis\u00e9e \u00bb d\u2019un week-end \u00e9court\u00e9 \u00e0 Lille.<\/p>\n<p class=\"paragraph text_align_left lp-f-body-02\">\u00ab Elle y est arriv\u00e9e vendredi soir pour rencontrer une personne qui n\u2019est pas venue. Sans emploi, elle a pass\u00e9 la nuit devant une \u00e9glise de Lille \u00e0 couvrir son enfant pour le prot\u00e9ger du froid. Elle n\u2019a pas dormi et s\u2019est d\u00e9brouill\u00e9e pour rentrer en TGV samedi au lieu de dimanche comme c\u2019\u00e9tait pr\u00e9vu \u00bb.<\/p>\n<p class=\"paragraph text_align_left lp-f-body-02\">\u00c0 la suite du manque de sommeil, les nerfs ont repris le dessus. \u00ab Le petit \u00e9tait infernal dans le train\u2026 Sa m\u00e8re admet lui avoir donn\u00e9 une claque derri\u00e8re la t\u00eate et l\u2019avoir tir\u00e9 par ses v\u00eatements pour qu\u2019il se rasseye, mais elle nie formellement lui avoir tap\u00e9 la t\u00eate sur la tablette \u00bb, insiste Me Rizk.<\/p>\n<p class=\"paragraph text_align_left lp-f-body-02\">Cette m\u00e8re effectuera son stage de responsabilit\u00e9 parentale dans le ressort du tribunal judiciaire de N\u00eemes o\u00f9 elle r\u00e9side. L\u2019enfant orphelin de p\u00e8re et accueilli d\u00e8s samedi soir par l\u2019Aide sociale \u00e0 l\u2019enfance (ASE) du d\u00e9partement de Seine-et-Marne dans le cadre d\u2019un accueil dit \u00ab de 72 heures \u00bb, fait l\u2019objet d\u2019une ordonnance de placement provisoire d\u00e9livr\u00e9e par le parquet de Meaux. Celui-ci se dessaisit au profit de celui de N\u00eemes.<\/p>\n<p class=\"paragraph text_align_left lp-f-body-02\">L\u2019affaire avait beaucoup \u00e9mu, jusqu\u2019\u00e0 la haute-commissaire \u00e0 l\u2019Enfance. Sarah El Ha\u00efry s\u2019est f\u00e9licit\u00e9e sur X qu\u2019\u00ab \u00e0 bord d\u2019un TGV, des passagers ont refus\u00e9 de d\u00e9tourner le regard. Gr\u00e2ce \u00e0 leur alerte, un enfant victime de violences a pu \u00eatre mis \u00e0 l\u2019abri \u00bb. Elle a salu\u00e9 l\u2019intervention des passagers, qualifi\u00e9e de \u00ab r\u00e9flexe protecteur \u00e0 avoir \u00bb.<\/p>\n","protected":false},"excerpt":{"rendered":"Affaire class\u00e9e, sous condition d\u2019accomplir un stage de responsabilit\u00e9 parentale \u00e0 ses frais. C\u2019est la d\u00e9cision prise par&hellip;\n","protected":false},"author":2,"featured_media":584755,"comment_status":"","ping_status":"","sticky":false,"template":"","format":"standard","meta":{"footnotes":""},"categories":[1888],"tags":[1111,1928,11,1927,1777,674,118,1011,27,1944,12,1926,626,1925,25,1937],"class_list":{"0":"post-586785","1":"post","2":"type-post","3":"status-publish","4":"format-standard","5":"has-post-thumbnail","7":"category-paris","8":"tag-actu","9":"tag-actu-paris","10":"tag-actualites","11":"tag-actualites-paris","12":"tag-eu","13":"tag-europe","14":"tag-faits-divers","15":"tag-fr","16":"tag-france","17":"tag-ma-ville","18":"tag-news","19":"tag-news-paris","20":"tag-paris","21":"tag-paris-news","22":"tag-republique-francaise","23":"tag-seine-et-marne"},"share_on_mastodon":{"url":"https:\/\/pubeurope.com\/@fr\/115685126725324701","error":""},"_links":{"self":[{"href":"https:\/\/www.europesays.com\/fr\/wp-json\/wp\/v2\/posts\/586785","targetHints":{"allow":["GET"]}}],"collection":[{"href":"https:\/\/www.europesays.com\/fr\/wp-json\/wp\/v2\/posts"}],"about":[{"href":"https:\/\/www.europesays.com\/fr\/wp-json\/wp\/v2\/types\/post"}],"author":[{"embeddable":true,"href":"https:\/\/www.europesays.com\/fr\/wp-json\/wp\/v2\/users\/2"}],"replies":[{"embeddable":true,"href":"https:\/\/www.europesays.com\/fr\/wp-json\/wp\/v2\/comments?post=586785"}],"version-history":[{"count":0,"href":"https:\/\/www.europesays.com\/fr\/wp-json\/wp\/v2\/posts\/586785\/revisions"}],"wp:featuredmedia":[{"embeddable":true,"href":"https:\/\/www.europesays.com\/fr\/wp-json\/wp\/v2\/media\/584755"}],"wp:attachment":[{"href":"https:\/\/www.europesays.com\/fr\/wp-json\/wp\/v2\/media?parent=586785"}],"wp:term":[{"taxonomy":"category","embeddable":true,"href":"https:\/\/www.europesays.com\/fr\/wp-json\/wp\/v2\/categories?post=586785"},{"taxonomy":"post_tag","embeddable":true,"href":"https:\/\/www.europesays.com\/fr\/wp-json\/wp\/v2\/tags?post=586785"}],"curies":[{"name":"wp","href":"https:\/\/api.w.org\/{rel}","templated":true}]}}