{"id":586786,"date":"2025-12-08T17:28:14","date_gmt":"2025-12-08T17:28:14","guid":{"rendered":"https:\/\/www.europesays.com\/fr\/586786\/"},"modified":"2025-12-08T17:28:14","modified_gmt":"2025-12-08T17:28:14","slug":"une-nouvelle-plainte-pour-agression-sexuelle-deposee-contre-un-animateur-dune-ecole-maternelle","status":"publish","type":"post","link":"https:\/\/www.europesays.com\/fr\/586786\/","title":{"rendered":"Une nouvelle plainte pour \u00ab\u00a0agression sexuelle\u00a0\u00bb d\u00e9pos\u00e9e contre un animateur d\u2019une \u00e9cole maternelle"},"content":{"rendered":"<p>La liste de signalements <a href=\"https:\/\/www.20minutes.fr\/faits_divers\/4179719-20251016-paris-trois-animateurs-periscolaires-suspendus-soupcons-exhibition-agressions-sexuelles\" class=\"c-link c-link--is-underlined\" target=\"_blank\" rel=\"noopener\">d\u2019agressions sexuelles dans les \u00e9coles parisiennes<\/a> s\u2019allonge encore un peu. Selon nos informations, la m\u00e8re d\u2019une fillette de 3 ans, scolaris\u00e9e en maternelle dans un \u00e9tablissement public de la rue Faidherbe, dans le 11e\u00a0arrondissement, a d\u00e9pos\u00e9 plainte samedi dans un commissariat de la capitale. Une information que le parquet de <a href=\"https:\/\/www.20minutes.fr\/paris\/\" class=\"c-link c-link--is-underlined\" target=\"_blank\" rel=\"noopener\">Paris<\/a> n\u2019a pas \u00e9t\u00e9 en mesure de confirmer \u00e0 20 Minutes ce lundi. Mais selon une source polici\u00e8re, une enqu\u00eate pr\u00e9liminaire a bien \u00e9t\u00e9 ouverte, ce genre d\u2019affaires \u00e9tant d\u00e9sormais <a href=\"https:\/\/www.20minutes.fr\/faits_divers\/faits-divers-paris\/4174086-20250919-paris-animateur-ecole-maternelle-suspendu-apres-soupcons-agression-sexuelle\" class=\"c-link c-link--is-underlined\" target=\"_blank\" rel=\"noopener\">prises tr\u00e8s au s\u00e9rieux par les autorit\u00e9s<\/a>.<\/p>\n<\/p>\n<p>Les parents de l\u2019enfant ont constat\u00e9 qu\u2019elle avait chang\u00e9 de comportement depuis la rentr\u00e9e. La petite fille a, selon eux, d\u00e9velopp\u00e9 une sorte de \u00ab\u00a0phobie\u00a0\u00bb \u00e0 l\u2019id\u00e9e de rester \u00e0 l\u2019\u00e9cole sur le temps du p\u00e9riscolaire, lors du d\u00e9jeuner \u00e0 la cantine ou lors du go\u00fbter. Leur fille se serait plainte \u00e0 plusieurs reprises de douleurs au niveau des fesses et aurait d\u00e9crit des sensations de piq\u00fbres. Elle aurait aussi \u00e9voqu\u00e9 de possibles coups de balai. Un autre enfant se serait plaint de douleurs similaires. Contact\u00e9 par 20 Minutes, le rectorat n\u2019a, pour l\u2019heure, pas r\u00e9pondu \u00e0 nos questions.<\/p>\n<p>Plaintes des parents de 70 enfants<\/p>\n<p>Dans cette \u00e9cole maternelle de la rue Faidherbe, deux animateurs avaient d\u00e9j\u00e0 \u00e9t\u00e9 suspendus en novembre dernier, l\u2019un apr\u00e8s un signalement pour des faits d\u2019agression sexuelle, indiquait r\u00e9cemment <a href=\"https:\/\/www.leparisien.fr\/faits-divers\/paris-une-deuxieme-animatrice-suspendue-a-lecole-faidherbe-a-la-suite-de-violences-20-11-2025-DDEF6ZI34NEQTCU3JO2HN7ZTNE.php\" rel=\"nofollow noopener\" target=\"_blank\" class=\"c-link c-link--is-underlined\">Le Parisien<\/a>.<\/p>\n<p>Les enqu\u00eates ouvertes sont confi\u00e9es \u00e0 la brigade de protection des mineurs. Les policiers qui travaillent sur ces dossiers ont appris \u00e0 recueillir la parole des enfants et \u00e0 l\u2019analyser. Apr\u00e8s avoir enregistr\u00e9 leurs t\u00e9moignages, ils entendent dans un deuxi\u00e8me temps les personnes d\u00e9nonc\u00e9es ou suspect\u00e9es. \u00ab\u00a0Avant cette \u00e9tape, des mesures conservatoires peuvent \u00eatre prises par les employeurs afin de mettre un terme au risque de laisser les enfants en proximit\u00e9 avec leur potentiel agresseur\u00a0\u00bb, pr\u00e9cise le parquet de Paris.<\/p>\n<p>Plusieurs faits dans le 11e\u00a0arrondissement<\/p>\n<p>Plusieurs faits d\u00e9nonc\u00e9s auraient \u00e9t\u00e9 <a href=\"https:\/\/www.20minutes.fr\/faits_divers\/4185822-20251115-paris-animateur-ecole-maternelle-vise-plainte-viol-aggrave\" class=\"c-link c-link--is-underlined\" target=\"_blank\" rel=\"noopener\">commis dans le 11e\u00a0arrondissement de la capitale<\/a>. Le 5 mai\u00a02026, un animateur qui travaillait \u00e0 l\u2019\u00e9cole \u00e9l\u00e9mentaire Titon doit \u00eatre jug\u00e9 devant la 15e chambre du tribunal correctionnel. Cet homme de 47 ans est poursuivi pour harc\u00e8lement sexuel sur mineur de 15 ans sur neuf jeunes filles, ainsi que pour agression sexuelle sur mineur de 15 ans sur trois d\u2019entre elles. Les enfants entendues, \u00e2g\u00e9es de 10 ans, ont d\u00e9nonc\u00e9 \u00ab\u00a0des c\u00e2lins appuy\u00e9s non sollicit\u00e9s, des surnoms et mimes d\u00e9plac\u00e9s, voire des attouchements\u00a0\u00bb, indique le parquet de Paris. L\u2019animateur a \u00e9t\u00e9 suspendu le 9\u00a0octobre 2024 et plac\u00e9 sous contr\u00f4le judiciaire dans l\u2019attente de son proc\u00e8s.<\/p>\n<p>Un animateur scolaire de l\u2019\u00e9cole Alphonse Baudin doit lui aussi compara\u00eetre le 26\u00a0mai 2026 devant le tribunal correctionnel. Cet homme de 35 ans est soup\u00e7onn\u00e9 d\u2019avoir agress\u00e9 huit enfants. Il a \u00e9t\u00e9 suspendu de ses fonctions par l\u2019\u00c9ducation nationale le 9\u00a0avril.<\/p>\n<p>Cette ann\u00e9e, \u00e0 \u00ab\u00a0Paris, \u00e0 date, il y a eu 36 suspensions d\u2019animateurs, dont 19 pour violences sexuelles sur mineurs\u00a0\u00bb, a indiqu\u00e9 Patrick Bloche, le premier adjoint PS charg\u00e9 de l\u2019\u00e9ducation et de la petite enfance \u00e0 la Mairie de Paris, dans un entretien \u00e0 <a href=\"https:\/\/www.latribune.fr\/article\/la-tribune-dimanche\/societe\/36255475469968\/patrick-bloche-sur-les-violences-sexuelles-dans-les-creches-et-les-ecoles-il-y-aura-des-sanctions-disciplinaires-a-tous-les-niveaux\" rel=\"nofollow noopener\" target=\"_blank\" class=\"c-link c-link--is-underlined\">La Tribune Dimanche<\/a>. La Ville de Paris a annonc\u00e9 jeudi dernier un plan de lutte contre les violences sexistes et sexuelles faites aux enfants dans les \u00e9coles. Elle a notamment cr\u00e9\u00e9 un poste de d\u00e9fenseur des enfants et promis un renforcement de la formation des animateurs du p\u00e9riscolaire.<\/p>\n","protected":false},"excerpt":{"rendered":"La liste de signalements d\u2019agressions sexuelles dans les \u00e9coles parisiennes s\u2019allonge encore un peu. Selon nos informations, la&hellip;\n","protected":false},"author":2,"featured_media":586787,"comment_status":"","ping_status":"","sticky":false,"template":"","format":"standard","meta":{"footnotes":""},"categories":[1888],"tags":[1111,1928,47,11,1927,1267,6688,847,1777,674,118,658,1011,27,662,12,1926,626,1925,25,34347],"class_list":{"0":"post-586786","1":"post","2":"type-post","3":"status-publish","4":"format-standard","5":"has-post-thumbnail","7":"category-paris","8":"tag-actu","9":"tag-actu-paris","10":"tag-actualite","11":"tag-actualites","12":"tag-actualites-paris","13":"tag-agression-sexuelle","14":"tag-ecole-maternelle","15":"tag-enfant","16":"tag-eu","17":"tag-europe","18":"tag-faits-divers","19":"tag-faits-divers-paris","20":"tag-fr","21":"tag-france","22":"tag-ile-de-france","23":"tag-news","24":"tag-news-paris","25":"tag-paris","26":"tag-paris-news","27":"tag-republique-francaise","28":"tag-violences-sur-mineurs"},"share_on_mastodon":{"url":"https:\/\/pubeurope.com\/@fr\/115685130544650260","error":""},"_links":{"self":[{"href":"https:\/\/www.europesays.com\/fr\/wp-json\/wp\/v2\/posts\/586786","targetHints":{"allow":["GET"]}}],"collection":[{"href":"https:\/\/www.europesays.com\/fr\/wp-json\/wp\/v2\/posts"}],"about":[{"href":"https:\/\/www.europesays.com\/fr\/wp-json\/wp\/v2\/types\/post"}],"author":[{"embeddable":true,"href":"https:\/\/www.europesays.com\/fr\/wp-json\/wp\/v2\/users\/2"}],"replies":[{"embeddable":true,"href":"https:\/\/www.europesays.com\/fr\/wp-json\/wp\/v2\/comments?post=586786"}],"version-history":[{"count":0,"href":"https:\/\/www.europesays.com\/fr\/wp-json\/wp\/v2\/posts\/586786\/revisions"}],"wp:featuredmedia":[{"embeddable":true,"href":"https:\/\/www.europesays.com\/fr\/wp-json\/wp\/v2\/media\/586787"}],"wp:attachment":[{"href":"https:\/\/www.europesays.com\/fr\/wp-json\/wp\/v2\/media?parent=586786"}],"wp:term":[{"taxonomy":"category","embeddable":true,"href":"https:\/\/www.europesays.com\/fr\/wp-json\/wp\/v2\/categories?post=586786"},{"taxonomy":"post_tag","embeddable":true,"href":"https:\/\/www.europesays.com\/fr\/wp-json\/wp\/v2\/tags?post=586786"}],"curies":[{"name":"wp","href":"https:\/\/api.w.org\/{rel}","templated":true}]}}