{"id":586792,"date":"2025-12-08T17:32:15","date_gmt":"2025-12-08T17:32:15","guid":{"rendered":"https:\/\/www.europesays.com\/fr\/586792\/"},"modified":"2025-12-08T17:32:15","modified_gmt":"2025-12-08T17:32:15","slug":"mort-subite-de-lambassadeur-russe-en-coree-du-nord-figure-cle-du-rapprochement-entre-moscou-et-pyongyang","status":"publish","type":"post","link":"https:\/\/www.europesays.com\/fr\/586792\/","title":{"rendered":"Mort subite de l\u2019ambassadeur russe en Cor\u00e9e du Nord, figure cl\u00e9 du rapprochement entre Moscou et Pyongyang"},"content":{"rendered":"<p>\n                                                                    l&rsquo;essentiel<br \/>\n                                                                L\u2019ambassadeur russe en Cor\u00e9e du Nord, Alexandre Matsegora, est mort subitement \u00e0 70 ans, a annonc\u00e9 Moscou ce lundi 8\u00a0d\u00e9cembre, saluant le r\u00f4le central de ce diplomate dans le r\u00e9cent rapprochement entre les deux pays.\n                            <\/p>\n<p>L\u2019ambassadeur de Russie en Cor\u00e9e du Nord, Alexandre Matsegora, est d\u00e9c\u00e9d\u00e9 \u00ab\u00a0subitement\u00a0\u00bb le 6\u00a0d\u00e9cembre, a annonc\u00e9 ce lundi le minist\u00e8re russe des Affaires \u00e9trang\u00e8res. \u00c2g\u00e9 de 70 ans et en poste \u00e0 Pyongyang depuis plus de dix ans, le diplomate \u00e9tait consid\u00e9r\u00e9 comme l\u2019un des artisans majeurs du resserrement des liens entre les deux \u00c9tats. Moscou n\u2019a fourni aucune pr\u00e9cision sur les causes du d\u00e9c\u00e8s.<\/p>\n<p class=\"std-elt__inline\">\n        <strong>\u00c0 lire aussi :<\/strong><br \/>\n        <a href=\"https:\/\/www.ladepeche.fr\/2025\/12\/01\/guerre-en-ukraine-faites-vous-exploser-cet-ordre-insense-de-la-coree-du-nord-a-ses-soldats-faits-prisonniers-13083757.php\" target=\"_blank\" rel=\"noopener\">Guerre en Ukraine\u00a0: \u00ab\u00a0Faites vous exploser\u00a0!\u00a0\u00bb, cet ordre insens\u00e9 de la Cor\u00e9e du Nord \u00e0 ses soldats faits prisonniers<\/a>\n    <\/p>\n<p>Dans un communiqu\u00e9 relay\u00e9 notamment sur Facebook, la diplomatie russe a exprim\u00e9 son \u00ab\u00a0profond regret\u00a0\u00bb et salu\u00e9 la carri\u00e8re d\u2019un cor\u00e9anophone pass\u00e9 d\u00e8s la fin des ann\u00e9es 1970 par les services charg\u00e9s des relations entre Pyongyang et l\u2019URSS. Le minist\u00e8re souligne que \u00ab\u00a0sous sa direction avis\u00e9e et sensible, plusieurs g\u00e9n\u00e9rations de diplomates et de sp\u00e9cialistes de la Cor\u00e9e ont vu le jour\u00a0\u00bb. Matsegora, en poste depuis 2014, est d\u00e9crit comme \u00ab\u00a0une force motrice\u00a0\u00bb du patient travail ayant conduit au \u00ab\u00a0niveau de relations actuel sans pr\u00e9c\u00e9dent\u00a0\u00bb entre Moscou et Pyongyang.<\/p>\n<p>Contexte de rapprochement<\/p>\n<p>Sa disparition intervient alors que les deux pays ont nettement intensifi\u00e9 leur coop\u00e9ration diplomatique, militaire et \u00e9conomique. Depuis 2024, un pacte de d\u00e9fense mutuelle les unit, sign\u00e9 \u00e0 l\u2019occasion d\u2019une visite de Vladimir Poutine en Cor\u00e9e du Nord. Ce rapprochement s\u2019est traduit, selon S\u00e9oul, par la livraison d\u2019armes et de munitions nord-cor\u00e9ennes \u00e0 la Russie, mais aussi par l\u2019envoi de milliers de soldats nord-cor\u00e9ens pour appuyer les forces russes face aux troupes ukrainiennes ayant bri\u00e8vement progress\u00e9 dans la r\u00e9gion de Koursk entre fin 2024 et le printemps 2025.<\/p>\n<p class=\"std-elt__inline\">\n        <strong>\u00c0 lire aussi :<\/strong><br \/>\n        <a href=\"https:\/\/www.ladepeche.fr\/2025\/10\/19\/donald-trump-va-t-il-rencontrer-kim-jong-un-en-coree-du-nord-un-type-intelligent-selon-le-president-americain-13001943.php\" target=\"_blank\" rel=\"noopener\">Donald Trump\u00a0va-t-il rencontrer Kim Jong-un en Cor\u00e9e du Nord\u00a0? \u00ab\u00a0Un type intelligent\u00a0\u00bb selon le pr\u00e9sident am\u00e9ricain<\/a>\n    <\/p>\n<p>La Russie n\u2019a pas r\u00e9agi aux accusations sud-cor\u00e9ennes portant sur d\u2019\u00e9ventuels transferts de technologies militaires sensibles vers Pyongyang. Aucun \u00e9l\u00e9ment n\u2019a \u00e9t\u00e9 communiqu\u00e9 non plus sur la succession de Matsegora, dont la longue exp\u00e9rience faisait de lui un interlocuteur central dans une relation bilat\u00e9rale en plein renforcement.<\/p>\n","protected":false},"excerpt":{"rendered":"l&rsquo;essentiel L\u2019ambassadeur russe en Cor\u00e9e du Nord, Alexandre Matsegora, est mort subitement \u00e0 70 ans, a annonc\u00e9 Moscou&hellip;\n","protected":false},"author":2,"featured_media":586793,"comment_status":"","ping_status":"","sticky":false,"template":"","format":"standard","meta":{"footnotes":""},"categories":[1591],"tags":[11,1887,329,14,12,1885,1886,132],"class_list":{"0":"post-586792","1":"post","2":"type-post","3":"status-publish","4":"format-standard","5":"has-post-thumbnail","7":"category-russie","8":"tag-actualites","9":"tag-federation-de-russie","10":"tag-france-monde","11":"tag-international","12":"tag-news","13":"tag-russia","14":"tag-russian-federation","15":"tag-russie"},"share_on_mastodon":{"url":"https:\/\/pubeurope.com\/@fr\/115685146486756279","error":""},"_links":{"self":[{"href":"https:\/\/www.europesays.com\/fr\/wp-json\/wp\/v2\/posts\/586792","targetHints":{"allow":["GET"]}}],"collection":[{"href":"https:\/\/www.europesays.com\/fr\/wp-json\/wp\/v2\/posts"}],"about":[{"href":"https:\/\/www.europesays.com\/fr\/wp-json\/wp\/v2\/types\/post"}],"author":[{"embeddable":true,"href":"https:\/\/www.europesays.com\/fr\/wp-json\/wp\/v2\/users\/2"}],"replies":[{"embeddable":true,"href":"https:\/\/www.europesays.com\/fr\/wp-json\/wp\/v2\/comments?post=586792"}],"version-history":[{"count":0,"href":"https:\/\/www.europesays.com\/fr\/wp-json\/wp\/v2\/posts\/586792\/revisions"}],"wp:featuredmedia":[{"embeddable":true,"href":"https:\/\/www.europesays.com\/fr\/wp-json\/wp\/v2\/media\/586793"}],"wp:attachment":[{"href":"https:\/\/www.europesays.com\/fr\/wp-json\/wp\/v2\/media?parent=586792"}],"wp:term":[{"taxonomy":"category","embeddable":true,"href":"https:\/\/www.europesays.com\/fr\/wp-json\/wp\/v2\/categories?post=586792"},{"taxonomy":"post_tag","embeddable":true,"href":"https:\/\/www.europesays.com\/fr\/wp-json\/wp\/v2\/tags?post=586792"}],"curies":[{"name":"wp","href":"https:\/\/api.w.org\/{rel}","templated":true}]}}