{"id":586796,"date":"2025-12-08T17:34:14","date_gmt":"2025-12-08T17:34:14","guid":{"rendered":"https:\/\/www.europesays.com\/fr\/586796\/"},"modified":"2025-12-08T17:34:14","modified_gmt":"2025-12-08T17:34:14","slug":"les-parcs-nationaux-americains-seront-gratuits-le-jour-de-lanniversaire-de-donald-trump","status":"publish","type":"post","link":"https:\/\/www.europesays.com\/fr\/586796\/","title":{"rendered":"les parcs nationaux am\u00e9ricains seront gratuits\u2026 le jour de l\u2019anniversaire de Donald Trump"},"content":{"rendered":"<p>Outre le 14\u00a0juin 2026, pr\u00e9cis\u00e9ment le jour des 80\u00a0ans de Donald Trump, qui co\u00efncide avec le Jour du drapeau (Flag day), on y trouve Presidents Day, le 16\u00a0f\u00e9vrier, Memorial Day, le 5\u00a0mai, en m\u00e9moire des soldats am\u00e9ricains morts au combat, le week-end autour de la f\u00eate nationale, du 3 au 5\u00a0juillet, Constitution Day, le 17\u00a0septembre, ou encore Veterans Day, le 11\u00a0novembre, en hommage aux anciens combattants.<\/p>\n<p>Habituellement dans la liste des jours de gratuit\u00e9, le Martin Luther King Day (19\u00a0janvier en 2026) et Juneteenth (19\u00a0juin), qui comm\u00e9more la fin de l\u2019esclavage, en ont disparu. \u00ab\u00a0Le pr\u00e9sident n\u2019a pas simplement ajout\u00e9 son propre anniversaire \u00e0 la liste, il a retir\u00e9 les deux jours f\u00e9ri\u00e9s qui comm\u00e9morent la lutte des Afro-am\u00e9ricains pour les droits civiques et la libert\u00e9. Notre pays m\u00e9rite mieux\u00a0\u00bb, a d\u00e9plor\u00e9 la s\u00e9natrice d\u00e9mocrate Catherine Cortez Masto sur X.<\/p>\n<p>R\u00e9serv\u00e9 aux r\u00e9sidents am\u00e9ricains<\/p>\n","protected":false},"excerpt":{"rendered":"Outre le 14\u00a0juin 2026, pr\u00e9cis\u00e9ment le jour des 80\u00a0ans de Donald Trump, qui co\u00efncide avec le Jour du&hellip;\n","protected":false},"author":2,"featured_media":586797,"comment_status":"","ping_status":"","sticky":false,"template":"","format":"standard","meta":{"footnotes":""},"categories":[1589],"tags":[11,73,1866,12,1864,1865,1863,308],"class_list":{"0":"post-586796","1":"post","2":"type-post","3":"status-publish","4":"format-standard","5":"has-post-thumbnail","7":"category-etats-unis","8":"tag-actualites","9":"tag-etats-unis","10":"tag-etats-unis-damerique","11":"tag-news","12":"tag-united-states","13":"tag-united-states-of-america","14":"tag-us","15":"tag-usa"},"share_on_mastodon":{"url":"https:\/\/pubeurope.com\/@fr\/115685154346642861","error":""},"_links":{"self":[{"href":"https:\/\/www.europesays.com\/fr\/wp-json\/wp\/v2\/posts\/586796","targetHints":{"allow":["GET"]}}],"collection":[{"href":"https:\/\/www.europesays.com\/fr\/wp-json\/wp\/v2\/posts"}],"about":[{"href":"https:\/\/www.europesays.com\/fr\/wp-json\/wp\/v2\/types\/post"}],"author":[{"embeddable":true,"href":"https:\/\/www.europesays.com\/fr\/wp-json\/wp\/v2\/users\/2"}],"replies":[{"embeddable":true,"href":"https:\/\/www.europesays.com\/fr\/wp-json\/wp\/v2\/comments?post=586796"}],"version-history":[{"count":0,"href":"https:\/\/www.europesays.com\/fr\/wp-json\/wp\/v2\/posts\/586796\/revisions"}],"wp:featuredmedia":[{"embeddable":true,"href":"https:\/\/www.europesays.com\/fr\/wp-json\/wp\/v2\/media\/586797"}],"wp:attachment":[{"href":"https:\/\/www.europesays.com\/fr\/wp-json\/wp\/v2\/media?parent=586796"}],"wp:term":[{"taxonomy":"category","embeddable":true,"href":"https:\/\/www.europesays.com\/fr\/wp-json\/wp\/v2\/categories?post=586796"},{"taxonomy":"post_tag","embeddable":true,"href":"https:\/\/www.europesays.com\/fr\/wp-json\/wp\/v2\/tags?post=586796"}],"curies":[{"name":"wp","href":"https:\/\/api.w.org\/{rel}","templated":true}]}}