{"id":586799,"date":"2025-12-08T17:36:28","date_gmt":"2025-12-08T17:36:28","guid":{"rendered":"https:\/\/www.europesays.com\/fr\/586799\/"},"modified":"2025-12-08T17:36:28","modified_gmt":"2025-12-08T17:36:28","slug":"spie-a-realise-lacquisition-de-cyqueo-en-allemagne","status":"publish","type":"post","link":"https:\/\/www.europesays.com\/fr\/586799\/","title":{"rendered":"Spie a r\u00e9alis\u00e9 l&rsquo;acquisition de Cyqueo en Allemagne"},"content":{"rendered":"<p>Spie annonce l&rsquo;acquisition de Cyqueo en Allemagne. Cette op\u00e9ration permet \u00e0 Spie d&rsquo;\u00e9largir son portefeuille dans le secteur en pleine croissance de la cybers\u00e9curit\u00e9.<\/p>\n<p>Cyqueo, bas\u00e9 \u00e0 Munich, est un fournisseur de solutions sp\u00e9cialis\u00e9 en cybers\u00e9curit\u00e9. <\/p>\n<p>L&rsquo;entreprise dispose d&rsquo;un vaste r\u00e9seau de partenaires, d&rsquo;une expertise approfondie en Zero Trust, s\u00e9curit\u00e9 cloud, protection des terminaux et services de s\u00e9curit\u00e9 manag\u00e9s. <\/p>\n<p>Actuellement, 1,6 million d&rsquo;utilisateurs sont prot\u00e9g\u00e9s gr\u00e2ce aux solutions de Cyqueo.<\/p>\n<p>Cyqueo emploie 28 personnes et a r\u00e9alis\u00e9 un&#8230;<\/p>\n<p style=\"margin-top:20px;\"><a href=\"https:\/\/www.zonebourse.com\/actualite-bourse\/spie-a-realise-l-acquisition-de-cyqueo-en-allemagne-ce7d51d2d98dff21\" target=\"_blank\" rel=\"noopener noreferrer\" class=\"lien-cta-article\">Lire l&rsquo;article complet sur Zonebourse.com<\/a><\/p>\n<p><img decoding=\"async\" src=\"https:\/\/www.zonebourse.com\/zbcache\/charts\/ObjectChart.aspx?Name=22363257&amp;Type=Custom&amp;Intraday=1&amp;Width=800&amp;Height=600&amp;Cycle=DAY1&amp;Duration=12&amp;Render=Candle&amp;ShowCopyright=2&amp;Locale=fr&amp;ShowVolume=1\" alt=\"Graphique pour  Spie a r\u00e9alis\u00e9 l'acquisition de Cyqueo en Allemagne \"\/><\/p>\n","protected":false},"excerpt":{"rendered":"Spie annonce l&rsquo;acquisition de Cyqueo en Allemagne. Cette op\u00e9ration permet \u00e0 Spie d&rsquo;\u00e9largir son portefeuille dans le secteur&hellip;\n","protected":false},"author":2,"featured_media":586800,"comment_status":"","ping_status":"","sticky":false,"template":"","format":"standard","meta":{"footnotes":""},"categories":[1587],"tags":[11,672,1804,1805,1803,1777,674,1801,12,1802],"class_list":{"0":"post-586799","1":"post","2":"type-post","3":"status-publish","4":"format-standard","5":"has-post-thumbnail","7":"category-allemagne","8":"tag-actualites","9":"tag-allemagne","10":"tag-bundesrepublik-deutschland","11":"tag-de","12":"tag-deutschland","13":"tag-eu","14":"tag-europe","15":"tag-germany","16":"tag-news","17":"tag-republique-federale-dallemagne"},"share_on_mastodon":{"url":"https:\/\/pubeurope.com\/@fr\/115685162245766734","error":""},"_links":{"self":[{"href":"https:\/\/www.europesays.com\/fr\/wp-json\/wp\/v2\/posts\/586799","targetHints":{"allow":["GET"]}}],"collection":[{"href":"https:\/\/www.europesays.com\/fr\/wp-json\/wp\/v2\/posts"}],"about":[{"href":"https:\/\/www.europesays.com\/fr\/wp-json\/wp\/v2\/types\/post"}],"author":[{"embeddable":true,"href":"https:\/\/www.europesays.com\/fr\/wp-json\/wp\/v2\/users\/2"}],"replies":[{"embeddable":true,"href":"https:\/\/www.europesays.com\/fr\/wp-json\/wp\/v2\/comments?post=586799"}],"version-history":[{"count":0,"href":"https:\/\/www.europesays.com\/fr\/wp-json\/wp\/v2\/posts\/586799\/revisions"}],"wp:featuredmedia":[{"embeddable":true,"href":"https:\/\/www.europesays.com\/fr\/wp-json\/wp\/v2\/media\/586800"}],"wp:attachment":[{"href":"https:\/\/www.europesays.com\/fr\/wp-json\/wp\/v2\/media?parent=586799"}],"wp:term":[{"taxonomy":"category","embeddable":true,"href":"https:\/\/www.europesays.com\/fr\/wp-json\/wp\/v2\/categories?post=586799"},{"taxonomy":"post_tag","embeddable":true,"href":"https:\/\/www.europesays.com\/fr\/wp-json\/wp\/v2\/tags?post=586799"}],"curies":[{"name":"wp","href":"https:\/\/api.w.org\/{rel}","templated":true}]}}