{"id":586803,"date":"2025-12-08T17:38:25","date_gmt":"2025-12-08T17:38:25","guid":{"rendered":"https:\/\/www.europesays.com\/fr\/586803\/"},"modified":"2025-12-08T17:38:25","modified_gmt":"2025-12-08T17:38:25","slug":"blue-bloods-jai-eu-la-joie-dincarner-sean-andrew-terraciano-revient-sur-son-eviction-du-spin-off-divertissements","status":"publish","type":"post","link":"https:\/\/www.europesays.com\/fr\/586803\/","title":{"rendered":"Blue Bloods : \u00ab\u00a0J&rsquo;ai eu la joie d&rsquo;incarner Sean\u00a0\u00bb&#8230; Andrew Terraciano revient sur son \u00e9viction du spin-off : Divertissements"},"content":{"rendered":"<p class=\"lead\">Le 13 d\u00e9cembre 2024, apr\u00e8s 14 saisons et pr\u00e8s de 293 \u00e9pisodes, la s\u00e9rie polici\u00e8re Blue Bloods port\u00e9 par Tom Selleck tirait sa r\u00e9v\u00e9rence CBS. Un arr\u00eat qui n&rsquo;a cependant pas sign\u00e9 la fin des aventures de la famille Reagan.<\/p>\n<p class=\"lead\">Quelques mois plus tard, CBS a en effet annonc\u00e9 que la s\u00e9rie allait revenir sous la forme d&rsquo;un spin-off centr\u00e9 autour du personnage de Danny Reagan, incarn\u00e9 par l&rsquo;acteur Donnie Wahlberg.<\/p>\n<p class=\"lead\"> Sur le m\u00eame sujet\u00a0:  <\/p>\n<p class=\"lead\">Intitul\u00e9e Boston Blue, la s\u00e9rie voit le h\u00e9ros quitter sa famille et New York pour aller vivre \u00e0 Boston. Malheureusement, les fans de la premi\u00e8re heure ont d\u00fb faire face \u00e0 une surprise de taille en d\u00e9couvrant le casting : <a href=\"https:\/\/divertissements.orange.fr\/cinema-series\/toutes-les-actus-series\/blue-bloods-gros-changement-pour-le-spin-off-de-la-serie-avec-tom-selleck-CNT000002jwv0A.html\" target=\"_blank\" rel=\"noopener\">Sean, le plus jeune fils de Danny Reagan, a en effet chang\u00e9 de visage<\/a>. Le personnage n&rsquo;est plus incarn\u00e9 par Andrew Terraciano mais par Mika Amonson.<\/p>\n<p class=\"lead\"><strong>Comment Andrew Terraciano a-t-il appris qu&rsquo;il ne serait pas dans Boston Blue ?<\/strong><\/p>\n<p class=\"lead\">Dans une interview accord\u00e9e \u00e0 US Weekly, Andrew Terraciano s&rsquo;est confi\u00e9 sur son ressenti face \u00e0 ce changement de casting. \u00ab\u00a0Quelqu&rsquo;un m&rsquo;a appel\u00e9, le jour o\u00f9 j&rsquo;ai re\u00e7u mon dipl\u00f4me d&rsquo;ailleurs, et ils avaient appel\u00e9 ma m\u00e8re qui m&rsquo;a ensuite appel\u00e9 [en pleurant]\u00a0\u00bb, a-t-il ainsi expliqu\u00e9 \u00e0 nos confr\u00e8res.<\/p>\n<p class=\"lead\">\u00ab\u00a0Ils m&rsquo;ont dit : &lsquo;Ils cherchent peut-\u00eatre un autre Sean&rsquo;. Quelque temps apr\u00e8s avoir appris la nouvelle, Donnie m&rsquo;a appel\u00e9. C&rsquo;\u00e9tait formidable d&rsquo;avoir des nouvelles d&rsquo;un vieil ami, et de quelqu&rsquo;un que vous respectez \u00e9norm\u00e9ment et qui vous a tant appris.\u00a0\u00bb<\/p>\n<p class=\"lead\">\u00ab\u00a0C&rsquo;est merveilleux parce que je me souviendrai toujours de chaque ligne de dialogue et chaque journ\u00e9e o\u00f9 j&rsquo;ai eu l&rsquo;opportunit\u00e9 de jouer ce personnage. Cela ne signifie pas pour autant que quelqu&rsquo;un d&rsquo;autre ne pourra pas en faire quelque chose de magnifique.\u00a0\u00bb<\/p>\n<p class=\"lead\">\n<p>\u00ab\u00a0J&rsquo;ai eu la joie d&rsquo;incarner Sean et de l&rsquo;offrir au monde entier. Maintenant, c&rsquo;est \u00e0 quelqu&rsquo;un d&rsquo;autre de conna\u00eetre cette joie. Nous avons tous les deux l&rsquo;occasion de montrer ce que nous pouvons faire avec lui.\u00a0\u00bb<\/p>\n<p class=\"lead\">Bien que Andrew Terraciano n&rsquo;ait pas encore vu Boston Blue, le jeune homme pr\u00e9f\u00e9rant se concentrer sur ses \u00e9tudes, il a h\u00e2te de pouvoir regarder la s\u00e9rie. \u00ab\u00a0Je vais lui accorder le temps et le respect qu&rsquo;elle m\u00e9rite\u00a0\u00bb, a-t-il ainsi expliqu\u00e9. \u00ab\u00a0[Mais en ce qui concerne un \u00e9ventuel retour dans la s\u00e9rie], je l&rsquo;ai dit \u00e0 Donnie. S&rsquo;il me le demande, je serai l\u00e0. Pas seulement pour Blue Bloods ou Boston Blue, mais dans la vie en g\u00e9n\u00e9ral.\u00a0\u00bb<\/p>\n<p class=\"lead\">Le com\u00e9dien a tout de m\u00eame tenu \u00e0 remercier les fans pour leur soutien lorsque la nouvelle a \u00e9t\u00e9 annonc\u00e9e. \u00ab\u00a0C&rsquo;est tellement gratifiant de savoir que les gens aiment le personnage que j&rsquo;ai eu la chance de contribuer \u00e0 cr\u00e9er. Je ne m&rsquo;y attendais pas, c&rsquo;est le moins qu&rsquo;on puisse dire.\u00a0\u00bb<\/p>\n<p class=\"lead\">Reste maintenant \u00e0 savoir si le com\u00e9dien fera un jour un cam\u00e9o dans Boston Blue. Affaire \u00e0 suivre&#8230;<\/p>\n<p class=\"lead\">AlloCin\u00e9, c&rsquo;est tous les jours plus de 40 articles traitant de l&rsquo;actualit\u00e9 du cin\u00e9ma et des s\u00e9ries, des interviews, des recommandations streaming, des anecdotes insolites et cin\u00e9philes sur vos films et vos s\u00e9ries pr\u00e9f\u00e9r\u00e9s. Vous abonner \u00e0 AlloCin\u00e9 sur Google Discover, c&rsquo;est l&rsquo;assurance d&rsquo;explorer au quotidien les richesses d&rsquo;un site con\u00e7u par des passionn\u00e9s pour des passionn\u00e9s.<\/p>\n","protected":false},"excerpt":{"rendered":"Le 13 d\u00e9cembre 2024, apr\u00e8s 14 saisons et pr\u00e8s de 293 \u00e9pisodes, la s\u00e9rie polici\u00e8re Blue Bloods port\u00e9&hellip;\n","protected":false},"author":2,"featured_media":586804,"comment_status":"","ping_status":"","sticky":false,"template":"","format":"standard","meta":{"footnotes":""},"categories":[1586],"tags":[11,1777,674,1779,1011,27,12,25,69991,1314,1778,364],"class_list":{"0":"post-586803","1":"post","2":"type-post","3":"status-publish","4":"format-standard","5":"has-post-thumbnail","7":"category-europe","8":"tag-actualites","9":"tag-eu","10":"tag-europe","11":"tag-european-union","12":"tag-fr","13":"tag-france","14":"tag-news","15":"tag-republique-francaise","16":"tag-sries-la-tv","17":"tag-series","18":"tag-ue","19":"tag-union-europeenne"},"share_on_mastodon":{"url":"https:\/\/pubeurope.com\/@fr\/115685169874832101","error":""},"_links":{"self":[{"href":"https:\/\/www.europesays.com\/fr\/wp-json\/wp\/v2\/posts\/586803","targetHints":{"allow":["GET"]}}],"collection":[{"href":"https:\/\/www.europesays.com\/fr\/wp-json\/wp\/v2\/posts"}],"about":[{"href":"https:\/\/www.europesays.com\/fr\/wp-json\/wp\/v2\/types\/post"}],"author":[{"embeddable":true,"href":"https:\/\/www.europesays.com\/fr\/wp-json\/wp\/v2\/users\/2"}],"replies":[{"embeddable":true,"href":"https:\/\/www.europesays.com\/fr\/wp-json\/wp\/v2\/comments?post=586803"}],"version-history":[{"count":0,"href":"https:\/\/www.europesays.com\/fr\/wp-json\/wp\/v2\/posts\/586803\/revisions"}],"wp:featuredmedia":[{"embeddable":true,"href":"https:\/\/www.europesays.com\/fr\/wp-json\/wp\/v2\/media\/586804"}],"wp:attachment":[{"href":"https:\/\/www.europesays.com\/fr\/wp-json\/wp\/v2\/media?parent=586803"}],"wp:term":[{"taxonomy":"category","embeddable":true,"href":"https:\/\/www.europesays.com\/fr\/wp-json\/wp\/v2\/categories?post=586803"},{"taxonomy":"post_tag","embeddable":true,"href":"https:\/\/www.europesays.com\/fr\/wp-json\/wp\/v2\/tags?post=586803"}],"curies":[{"name":"wp","href":"https:\/\/api.w.org\/{rel}","templated":true}]}}