{"id":586805,"date":"2025-12-08T17:39:14","date_gmt":"2025-12-08T17:39:14","guid":{"rendered":"https:\/\/www.europesays.com\/fr\/586805\/"},"modified":"2025-12-08T17:39:14","modified_gmt":"2025-12-08T17:39:14","slug":"si-la-guerre-eclate-cest-sur-nos-agriculteurs-quil-faudra-compter-avertit-annie-genevard-depuis-rungis","status":"publish","type":"post","link":"https:\/\/www.europesays.com\/fr\/586805\/","title":{"rendered":"\u00abSi la guerre \u00e9clate, c\u2019est sur nos agriculteurs qu\u2019il faudra compter\u00bb, avertit Annie Genevard depuis Rungis"},"content":{"rendered":"<p>\n    <strong>REPORTAGE &#8211;<\/strong> La ministre ouvrait ce lundi les conf\u00e9rences de la souverainet\u00e9 alimentaire devant un parterre de responsables politiques et \u00e9conomiques.<\/p>\n<p class=\"fig-paragraph\">Plus d\u2019un fruit et l\u00e9gumes sur deux, un bovin sur quatre et 60 % du miel sont import\u00e9s en France, alors que ces denr\u00e9es agricoles pourraient \u00eatre produites sur notre territoire gr\u00e2ce \u00e0 son climat favorable et ses terres fertiles. La ministre de l\u2019Agriculture,\u00a0<a href=\"http:\/\/www.lefigaro.fr\/politique\/municipales-2026-annie-genevard-lr-lance-la-reconquete-des-grandes-villes-et-veut-deloger-la-gauche-partout-20250731\" target=\"_blank\" data-fig-type=\"Article\" rel=\"noopener\" data-gtm-custom-categorie=\"navigation\" data-gtm-custom-action=\"crossclick\" data-gtm-custom-label=\"Contextuel\" data-gtm-event=\"customEventSPE\" data-fig-domain=\"LEFIGARO\">Annie Genevard<\/a>, n\u2019y voit pas une fatalit\u00e9 et veut se battre. Elle lan\u00e7ait ce lundi matin, \u00e0 Rungis,<a href=\"http:\/\/www.lefigaro.fr\/actualite-france\/mercosur-dermatose-ces-assises-de-la-souverainete-alimentaire-qui-s-ouvrent-ce-lundi-dans-un-contexte-tendu-20251207\" target=\"_blank\" data-fig-type=\"Article\" rel=\"noopener\" data-gtm-custom-categorie=\"navigation\" data-gtm-custom-action=\"crossclick\" data-gtm-custom-label=\"Contextuel\" data-gtm-event=\"customEventSPE\" data-fig-domain=\"LEFIGARO\">\u00a0les conf\u00e9rences de la souverainet\u00e9 alimentaire<\/a>\u00a0devant un parterre de responsables politiques et \u00e9conomiques du secteur parmi lesquels l\u2019ancien ministre de l\u2019Agriculture St\u00e9phane Travert, le pr\u00e9sident de la Coop\u00e9ration agricole Dominique Charg\u00e9 et l\u2019ancien ministre du Redressement productif<a href=\"http:\/\/www.lefigaro.fr\/societes\/comment-arnaud-montebourg-soutenu-par-le-fonds-de-pierre-edouard-sterin-federe-des-entreprises-de-la-filiere-nucleaire-20251026\" target=\"_blank\" data-fig-type=\"Article\" rel=\"noopener\" data-gtm-custom-categorie=\"navigation\" data-gtm-custom-action=\"crossclick\" data-gtm-custom-label=\"Contextuel\" data-gtm-event=\"customEventSPE\" data-fig-domain=\"LEFIGARO\">\u00a0Arnaud Montebourg<\/a>. Annie Genevard plante d\u2019embl\u00e9e le d\u00e9cor.<\/p>\n<p class=\"fig-paragraph\">\u00ab La guerre entre arm\u00e9es ram\u00e8ne avec elle la guerre des champs, a-t-elle averti.\u00a0<a href=\"http:\/\/www.lefigaro.fr\/international\/dossier\/tensions-entre-la-russie-et-l-ukraine-tout-comprendre-a-la-menace-d-une-invasion-russe\" target=\"_blank\" data-fig-type=\"Topic\" rel=\"noopener\" data-gtm-custom-categorie=\"navigation\" data-gtm-custom-action=\"crossclick\" data-gtm-custom-label=\"Contextuel\" data-gtm-event=\"customEventSPE\" data-fig-domain=\"LEFIGARO\">L\u2019invasion de l\u2019Ukraine<\/a> \u00a0l\u2019a rappel\u00e9 cruellement. Le blocus de la mer Noire et le bombardement des silos de grains ukrainiens ne doivent rien au hasard\u00a0: en frappant ces cibles prioritaires, Moscou a fait\u2026<\/p>\n<p class=\"fig-premium-paywall__infos\">\n        Cet article est r\u00e9serv\u00e9 aux abonn\u00e9s.        Il vous reste 70% \u00e0 d\u00e9couvrir.\n    <\/p>\n<p>                <img  data- alt=\"Le Figaro\" class=\"fig-img--complete fig-img\"\/><\/p>\n<p class=\"fig-premium-paywall__title\">Vente Flash<\/p>\n<p class=\"fig-premium-paywall__subtitle\">-50% sur l&rsquo;abonnement num\u00e9rique<\/p>\n<p class=\"fig-premium-paywall__connect\">\n                D\u00e9j\u00e0 abonn\u00e9\u00a0?                <a class=\"fig-premium-paywall__connect-link\" href=\"https:\/\/connect.lefigaro.fr\/login?client=horizon_web&amp;type=main&amp;redirect_uri=https%3A%2F%2Fwww.lefigaro.fr%2Fflash-actu%2Fsi-la-guerre-eclate-c-est-sur-nos-agriculteurs-qu-il-faudra-compter-avertit-annie-genevard-depuis-rungis-20251208\" data-js-gtm=\"{&quot;customCategorie&quot;: &quot;conversion&quot;, &quot;customAction&quot;: &quot;before_Landing_Connexion_paywall_auto&quot;, &quot;customLabel&quot;: &quot;bGVmaWdhcm8uZnJfXzFmMGQ0NDNmLTZmNmUtNmJiMi05YTI5LWM5ZDQ2YzJhZDE2YV9fTmV3c0ZsYXNo_\u00abSi la guerre \u00e9clate, c\u2019est sur nos agriculteurs qu\u2019il faudra compter\u00bb, avertit Annie Genevard depuis Rungis_290&quot;, &quot;customIDSPE&quot;: &quot;bGVmaWdhcm8uZnJfXzFmMGQ0NDNmLTZmNmUtNmJiMi05YTI5LWM5ZDQ2YzJhZDE2YV9fTmV3c0ZsYXNo&quot;, &quot;event&quot;: &quot;customEventSPE&quot;}\" target=\"_blank\" rel=\"noopener\"><br \/>\n                    Connectez-vous<br \/>\n                <\/a>\n            <\/p>\n","protected":false},"excerpt":{"rendered":"REPORTAGE &#8211; La ministre ouvrait ce lundi les conf\u00e9rences de la souverainet\u00e9 alimentaire devant un parterre de responsables&hellip;\n","protected":false},"author":2,"featured_media":586806,"comment_status":"","ping_status":"","sticky":false,"template":"","format":"standard","meta":{"footnotes":""},"categories":[2],"tags":[11,327,5825,21193,1011,27,12,25],"class_list":{"0":"post-586805","1":"post","2":"type-post","3":"status-publish","4":"format-standard","5":"has-post-thumbnail","7":"category-actualites","8":"tag-actualites","9":"tag-agriculture","10":"tag-agroalimentaire","11":"tag-commerce-exterieur","12":"tag-fr","13":"tag-france","14":"tag-news","15":"tag-republique-francaise"},"share_on_mastodon":{"url":"https:\/\/pubeurope.com\/@fr\/115685173887672914","error":""},"_links":{"self":[{"href":"https:\/\/www.europesays.com\/fr\/wp-json\/wp\/v2\/posts\/586805","targetHints":{"allow":["GET"]}}],"collection":[{"href":"https:\/\/www.europesays.com\/fr\/wp-json\/wp\/v2\/posts"}],"about":[{"href":"https:\/\/www.europesays.com\/fr\/wp-json\/wp\/v2\/types\/post"}],"author":[{"embeddable":true,"href":"https:\/\/www.europesays.com\/fr\/wp-json\/wp\/v2\/users\/2"}],"replies":[{"embeddable":true,"href":"https:\/\/www.europesays.com\/fr\/wp-json\/wp\/v2\/comments?post=586805"}],"version-history":[{"count":0,"href":"https:\/\/www.europesays.com\/fr\/wp-json\/wp\/v2\/posts\/586805\/revisions"}],"wp:featuredmedia":[{"embeddable":true,"href":"https:\/\/www.europesays.com\/fr\/wp-json\/wp\/v2\/media\/586806"}],"wp:attachment":[{"href":"https:\/\/www.europesays.com\/fr\/wp-json\/wp\/v2\/media?parent=586805"}],"wp:term":[{"taxonomy":"category","embeddable":true,"href":"https:\/\/www.europesays.com\/fr\/wp-json\/wp\/v2\/categories?post=586805"},{"taxonomy":"post_tag","embeddable":true,"href":"https:\/\/www.europesays.com\/fr\/wp-json\/wp\/v2\/tags?post=586805"}],"curies":[{"name":"wp","href":"https:\/\/api.w.org\/{rel}","templated":true}]}}