{"id":586807,"date":"2025-12-08T17:40:20","date_gmt":"2025-12-08T17:40:20","guid":{"rendered":"https:\/\/www.europesays.com\/fr\/586807\/"},"modified":"2025-12-08T17:40:20","modified_gmt":"2025-12-08T17:40:20","slug":"nouveau-champion-du-monde-norris-a-choisi-son-numero-pour-2026","status":"publish","type":"post","link":"https:\/\/www.europesays.com\/fr\/586807\/","title":{"rendered":"Nouveau champion du monde, Norris a choisi son num\u00e9ro pour 2026"},"content":{"rendered":"<p>Fra\u00eechement sacr\u00e9 champion du monde pour la premi\u00e8re fois de sa carri\u00e8re, dimanche \u00e0 Abu Dhabi, <a href=\"https:\/\/fr.motorsport.com\/driver\/lando-norris\/289708\/\" target=\"_blank\" rel=\"noopener\">Lando Norris<\/a> n&rsquo;a pas tergivers\u00e9 longtemps. Habitu\u00e9 \u00e0 porter le num\u00e9ro 4 sur sa McLaren depuis ses d\u00e9buts en Formule 1 en 2019, le pilote britannique lui fera une infid\u00e9lit\u00e9 en 2026. Et pour cause, il a choisi de porter le num\u00e9ro un, droit r\u00e9serv\u00e9 exclusivement au champion du monde en titre.<\/p>\n<p>Pas toujours utilis\u00e9 par les pilotes sacr\u00e9s, <a href=\"https:\/\/fr.motorsport.com\/driver\/lewis-hamilton\/76878\/\" target=\"_blank\" rel=\"noopener\">Lewis Hamilton<\/a> lui ayant par exemple r\u00e9guli\u00e8rement pr\u00e9f\u00e9r\u00e9 le num\u00e9ro 44, l&rsquo;as sera donc encore sur la grille l&rsquo;an prochain, alors que <a href=\"https:\/\/fr.motorsport.com\/driver\/max-verstappen\/93029\/\" target=\"_blank\" rel=\"noopener\">Max Verstappen<\/a> le portait ces quatre derni\u00e8res saisons.\u00a0\u00a0<\/p>\n<p>\u00ab\u00a0C&rsquo;est la tradition\u00a0\u00bb, a justifi\u00e9 Lando Norris en annon\u00e7ant son choix au micro de <a href=\"https:\/\/www.skysports.com\/f1\/news\/12040\/13481020\/lando-norris-f1-world-champion-mclaren-driver-to-take-car-number-1-away-from-max-verstappen-from-2026-season\" target=\"_blank\" rel=\"noopener\">Sky Sports<\/a>. \u00ab\u00a0\u00c7a existe pour une bonne raison. C&rsquo;est l\u00e0 parce que tu peux essayer de l&rsquo;avoir, tu peux travailler dur pour essayer de l&rsquo;obtenir. Nous tous dans l&rsquo;\u00e9quipe, tous ceux qui jouent un r\u00f4le chez McLaren ou sur ma voiture, nous pourrons le porter avec fiert\u00e9. Ce sont tous mes m\u00e9caniciens, mes ing\u00e9nieurs, tous ceux qui font partie de McLaren qui obtiennent aussi cette reconnaissance.\u00a0\u00bb<\/p>\n<p>\u00ab\u00a0Donc ce n&rsquo;est pas pour moi, c&rsquo;est aussi pour eux. C&rsquo;est leur fiert\u00e9, sachant qu&rsquo;ils ont fourni \u00e9norm\u00e9ment de travail et d&rsquo;efforts dans tout ce qu&rsquo;ils font, et qu&rsquo;ils peuvent aussi dire &lsquo;Nous sommes num\u00e9ro un&rsquo;. C&rsquo;est moins cool quand tu dis &lsquo;Nous sommes num\u00e9ro quatre&rsquo;, donc ils seront encore plus heureux que moi !\u00a0\u00bb<\/p>\n<p>Malgr\u00e9 ce choix, le num\u00e9ro 4 de Lando Norris lui restera r\u00e9serv\u00e9 pour le moment. En revanche, concernant Max Verstappen, le retour au 33 n&rsquo;est pas garanti. Alors que la FIA pourrait assouplir les r\u00e8gles dans les prochaines semaines, le N\u00e9erlandais a plusieurs fois laiss\u00e9 entendre qu&rsquo;il pourrait changer de num\u00e9ro, avec notamment des vues sur le num\u00e9ro 3 port\u00e9 jusqu&rsquo;\u00e0 l&rsquo;an dernier par <a href=\"https:\/\/fr.motorsport.com\/driver\/daniel-ricciardo\/84941\/\" target=\"_blank\" rel=\"noopener\">Daniel Ricciardo<\/a>, son ancien co\u00e9quipier chez Red Bull.\u00a0<\/p>\n<p>   <img decoding=\"async\" draggable=\"false\" src=\"https:\/\/www.europesays.com\/fr\/wp-content\/uploads\/2025\/12\/lando-norris-mclaren.jpg\" alt=\"Le num\u00e9ro 4 sera mis de c\u00f4t\u00e9 en 2026.\" width=\"1200\" height=\"800\" loading=\"lazy\"\/> <\/p>\n<p class=\"title\">Le num\u00e9ro 4 sera mis de c\u00f4t\u00e9 en 2026.<\/p>\n<p class=\"photographer\">Photo de: Erik Junius<\/p>\n<p>Lire aussi :<\/p>\n<p>            Votre avis nous int\u00e9resse !<\/p>\n<p class=\"mt-auto\">Qu&rsquo;aimeriez-vous voir sur Motorsport.com ?<\/p>\n<p>            <a href=\"#\" class=\"ms-link text-link font-bold\">R\u00e9pondez \u00e0 notre enqu\u00eate en 5 minutes.<\/a><\/p>\n<p class=\"mt-1 text-body\">&#8211; L&rsquo;\u00e9quipe Motorsport.com<\/p>\n","protected":false},"excerpt":{"rendered":"Fra\u00eechement sacr\u00e9 champion du monde pour la premi\u00e8re fois de sa carri\u00e8re, dimanche \u00e0 Abu Dhabi, Lando Norris&hellip;\n","protected":false},"author":2,"featured_media":586808,"comment_status":"","ping_status":"","sticky":false,"template":"","format":"standard","meta":{"footnotes":""},"categories":[2],"tags":[11,1454,1011,27,2243,4475,12,69993,69992,25],"class_list":{"0":"post-586807","1":"post","2":"type-post","3":"status-publish","4":"format-standard","5":"has-post-thumbnail","7":"category-actualites","8":"tag-actualites","9":"tag-formule-1","10":"tag-fr","11":"tag-france","12":"tag-lando-norris","13":"tag-mclaren","14":"tag-news","15":"tag-norris-a-choisi-son-numu00e9ro-pour-2026","16":"tag-nouveau-champion-du-monde","17":"tag-republique-francaise"},"share_on_mastodon":{"url":"https:\/\/pubeurope.com\/@fr\/115685178999819390","error":""},"_links":{"self":[{"href":"https:\/\/www.europesays.com\/fr\/wp-json\/wp\/v2\/posts\/586807","targetHints":{"allow":["GET"]}}],"collection":[{"href":"https:\/\/www.europesays.com\/fr\/wp-json\/wp\/v2\/posts"}],"about":[{"href":"https:\/\/www.europesays.com\/fr\/wp-json\/wp\/v2\/types\/post"}],"author":[{"embeddable":true,"href":"https:\/\/www.europesays.com\/fr\/wp-json\/wp\/v2\/users\/2"}],"replies":[{"embeddable":true,"href":"https:\/\/www.europesays.com\/fr\/wp-json\/wp\/v2\/comments?post=586807"}],"version-history":[{"count":0,"href":"https:\/\/www.europesays.com\/fr\/wp-json\/wp\/v2\/posts\/586807\/revisions"}],"wp:featuredmedia":[{"embeddable":true,"href":"https:\/\/www.europesays.com\/fr\/wp-json\/wp\/v2\/media\/586808"}],"wp:attachment":[{"href":"https:\/\/www.europesays.com\/fr\/wp-json\/wp\/v2\/media?parent=586807"}],"wp:term":[{"taxonomy":"category","embeddable":true,"href":"https:\/\/www.europesays.com\/fr\/wp-json\/wp\/v2\/categories?post=586807"},{"taxonomy":"post_tag","embeddable":true,"href":"https:\/\/www.europesays.com\/fr\/wp-json\/wp\/v2\/tags?post=586807"}],"curies":[{"name":"wp","href":"https:\/\/api.w.org\/{rel}","templated":true}]}}