{"id":586811,"date":"2025-12-08T17:43:25","date_gmt":"2025-12-08T17:43:25","guid":{"rendered":"https:\/\/www.europesays.com\/fr\/586811\/"},"modified":"2025-12-08T17:43:25","modified_gmt":"2025-12-08T17:43:25","slug":"chaumont-tes-supporters-sont-la","status":"publish","type":"post","link":"https:\/\/www.europesays.com\/fr\/586811\/","title":{"rendered":"Chaumont, tes supporters sont l\u00e0 !\u00a0"},"content":{"rendered":"<p>Avec plus de 1 200 spectateurs pr\u00e9sents pour la venue de Paris, mardi 2 d\u00e9cembre, \u00e0 Palestra, le Chaumont VB 52 Haute-Marne a pu compter sur le plus fort soutien de son public depuis le d\u00e9but de saison. Outre les Fanatic\u2019s, toujours aussi investis, La Jeunesse Chaumontaise, l\u2019autre groupe de supporters du CVB 52, avait d\u00e9cid\u00e9 de faire une r\u00e9apparition ponctuelle pour ce match de la 9e journ\u00e9e. Des fid\u00e8les qui \u00e9taient \u00e9galement accompagn\u00e9s pour l\u2019occasion par pr\u00e8s de 500 \u00e9l\u00e8ves venus d\u2019\u00e9tablissements haut-marnais, mais \u00e9galement de Ch\u00e2tillon-sur-Seine (C\u00f4te d\u2019Or) et de Besan\u00e7on (Doubs). Palestra a rugi de plaisir au coup de sifflet final et la victoire de ses favoris (3-0).<\/p>\n<p>Sous le regard de Nicolas Lacroix<\/p>\n<p>Le duel face \u00e0 l\u2019\u00e9quipe parisienne du mardi 2 d\u00e9cembre avait \u00e9galement attir\u00e9 en tribune le pr\u00e9sident du Comit\u00e9 d\u00e9partemental, Nicolas Lacroix. Le chef de file de l\u2019institution d\u00e9partementale, l\u2019un des plus gros partenaires du club c\u00e9v\u00e9biste, a d\u00fb appr\u00e9cier le spectacle, sur le terrain comme dans les tribunes. De quoi lui donner peut-\u00eatre l\u2019envie de revenir plus souvent\u2026<\/p>\n<p>Le \u201cdoubl\u00e9\u201d de Pierre Toledo<\/p>\n<p>D\u00e9j\u00e0 sacr\u00e9 \u201cmeilleur homme du match\u201d lors de la premi\u00e8re victoire (3-1) du CVB 52 cette saison, face \u00e0 Nice, \u00e0 Palestra, le 15 novembre dernier, Pierre Toledo a r\u00e9cidiv\u00e9, mardi soir, en s\u2019offrant de nouveau le troph\u00e9e de \u201cMVP\u201d de la rencontre face \u00e0 Paris (gagn\u00e9e 3-0). Il est donc le seul \u00e0 collectionner les honneurs individuels depuis le d\u00e9but de saison, en esp\u00e9rant qu\u2019il soit rapidement rejoint par quelques uns de ses co\u00e9quipiers\u2026 ou qu\u2019il en gagne beaucoup d\u2019autres.<\/p>\n<p>Les clubs fran\u00e7ais d\u00e9butent l\u2019aventure europ\u00e9enne<\/p>\n<p>C\u2019est en milieu de semaine que les cinq clubs de la Marmara Spikeligue entrent en sc\u00e8ne, lors des trois coupes d\u2019Europe. Pendant que le CVB 52 se rendra \u00e0 Syros, en Gr\u00e8ce, pour son seizi\u00e8me de finale aller de la Challenge cup, mardi 9 d\u00e9cembre (19 h), Tours et Montpellier, eux, vont entamer les phases de poules de la Ligue des champions. Les H\u00e9raultais d\u00e9marreront par un voyage en Italie de c\u00f4t\u00e9 de la Lube Civitanova, \u201cl\u2019ogre\u201d de leur groupe E, mardi (20 h 30). Les Tourangeaux, eux, attendront le lendemain, et un d\u00e9placement chez les Turcs du Ziraat Ankara, mercredi (17 h). En seizi\u00e8mes de finale de la coupe CEV, Poitiers accueillera les Grecs du Panathina\u00efkos \u00e0 l\u2019Arena du Futuroscope, mardi, \u00e0 19h 30. Tandis que Tourcoing se d\u00e9placera chez ses voisins belges de Maaseik, le lendemain (20 h30).<\/p>\n<p>Le CVB \u00e9teint sa \u201clanterne\u201d<\/p>\n<p><a href=\"https:\/\/jhm.fr\/le-paradoxe-du-chaumont-vb-52\/\" target=\"_blank\" rel=\"noopener\">Apr\u00e8s le point pris \u00e0 Tours, jeudi (3-2)<\/a>, le Chaumont VB 52 Haute-Marne (12e) n\u2019est plus en queue de peloton de la Marmara Spikeligue au terme de la 10e journ\u00e9e. Samedi 6 d\u00e9cembre, lors des six derniers matches, Saint-Nazaire et Cannes, d\u00e9faits face \u00e0 Montpellier et Toulouse (3-0) sont d\u00e9sormais, derri\u00e8re lui. Un leader h\u00e9raultais qui confirme sa place en haut de tableau, alors que Tourcoing et Tours le suivent de pr\u00e8s. En revanche, Le Plessis-Robinson a laiss\u00e9 des plumes face \u00e0 des S\u00e9tois retrouv\u00e9s. Poitiers et Nice, eux, se donnent de l\u2019air.<\/p>\n<p><strong>Laurent G\u00e9nin<\/strong><\/p>\n<p>                   l.genin@jhm.fr<\/p>\n","protected":false},"excerpt":{"rendered":"Avec plus de 1 200 spectateurs pr\u00e9sents pour la venue de Paris, mardi 2 d\u00e9cembre, \u00e0 Palestra, le&hellip;\n","protected":false},"author":2,"featured_media":586812,"comment_status":"","ping_status":"","sticky":false,"template":"","format":"standard","meta":{"footnotes":""},"categories":[1417],"tags":[1011,27,60,1470,1469],"class_list":{"0":"post-586811","1":"post","2":"type-post","3":"status-publish","4":"format-standard","5":"has-post-thumbnail","7":"category-volley","8":"tag-fr","9":"tag-france","10":"tag-sports","11":"tag-volley","12":"tag-volleyball"},"share_on_mastodon":{"url":"https:\/\/pubeurope.com\/@fr\/115685189614732717","error":""},"_links":{"self":[{"href":"https:\/\/www.europesays.com\/fr\/wp-json\/wp\/v2\/posts\/586811","targetHints":{"allow":["GET"]}}],"collection":[{"href":"https:\/\/www.europesays.com\/fr\/wp-json\/wp\/v2\/posts"}],"about":[{"href":"https:\/\/www.europesays.com\/fr\/wp-json\/wp\/v2\/types\/post"}],"author":[{"embeddable":true,"href":"https:\/\/www.europesays.com\/fr\/wp-json\/wp\/v2\/users\/2"}],"replies":[{"embeddable":true,"href":"https:\/\/www.europesays.com\/fr\/wp-json\/wp\/v2\/comments?post=586811"}],"version-history":[{"count":0,"href":"https:\/\/www.europesays.com\/fr\/wp-json\/wp\/v2\/posts\/586811\/revisions"}],"wp:featuredmedia":[{"embeddable":true,"href":"https:\/\/www.europesays.com\/fr\/wp-json\/wp\/v2\/media\/586812"}],"wp:attachment":[{"href":"https:\/\/www.europesays.com\/fr\/wp-json\/wp\/v2\/media?parent=586811"}],"wp:term":[{"taxonomy":"category","embeddable":true,"href":"https:\/\/www.europesays.com\/fr\/wp-json\/wp\/v2\/categories?post=586811"},{"taxonomy":"post_tag","embeddable":true,"href":"https:\/\/www.europesays.com\/fr\/wp-json\/wp\/v2\/tags?post=586811"}],"curies":[{"name":"wp","href":"https:\/\/api.w.org\/{rel}","templated":true}]}}