{"id":586815,"date":"2025-12-08T17:45:21","date_gmt":"2025-12-08T17:45:21","guid":{"rendered":"https:\/\/www.europesays.com\/fr\/586815\/"},"modified":"2025-12-08T17:45:21","modified_gmt":"2025-12-08T17:45:21","slug":"wta-errani-rejoint-le-staff-de-paolini-pour-2026","status":"publish","type":"post","link":"https:\/\/www.europesays.com\/fr\/586815\/","title":{"rendered":"WTA : Errani rejoint le staff de Paolini pour 2026"},"content":{"rendered":"<p><strong>Partenaires en double, Sara<br \/>\nErrani va rejoindre le staff de Jasmine Paolini la saison prochaine<br \/>\ncomme l&rsquo;a annonc\u00e9 la num\u00e9ro 8 mondiale.<\/strong><\/p>\n<p>C\u2019est une paire qui a domin\u00e9 le circuit mondial en 2025. Sara<br \/>\nErrani (38 ans, 4e mondiale en double) et Jasmine Paolini (29 ans,<br \/>\n3e mondiale en double, 8e en simple) ont notamment remport\u00e9<br \/>\nRoland-Garros cette saison, un an quasiment apr\u00e8s l\u2019or olympique<br \/>\nremport\u00e9 sur la terre battue parisienne. Demi-finaliste \u00e9galement \u00e0<br \/>\nl\u2019US Open, Errani s\u2019est adjug\u00e9e en compagnie d\u2019Andrea Vavassori le<br \/>\ntournoi de double mixte nouvelle version \u00e0 New-York, au milieu des<br \/>\nSwiatek, Ruud, Djokovic, Pegula ou encore Alcaraz.<\/p>\n<p>Moins en r\u00e9ussite lors du Masters WTA \u00e0 Riyadh \u2013 la paire de<br \/>\ndouble a \u00e9t\u00e9 sortie d\u00e8s les poules tout comme Paolini en simple<br \/>\navec trois d\u00e9faites \u2013 les deux joueuses vont se retrouver la saison<br \/>\nprochaine avec une nouvelle entente. En effet, Paolini annonce que<br \/>\nsa compatriote de double fera partie de son staff pour 2026. Une<br \/>\nassociation presque logique au vu des r\u00e9sultats obtenus par les<br \/>\ndeux joueuses l\u2019an pass\u00e9.<\/p>\n<p>Errani pour accompagner Paolini<\/p>\n<p>Titr\u00e9e en Billie Jean King face aux Etats-Unis avec l\u2019Italie \u2013<br \/>\npour la deuxi\u00e8me ann\u00e9e cons\u00e9cutive \u2013 Jasmine Paolini a r\u00e9alis\u00e9 une<br \/>\ngrande saison, confirmant son statut depuis maintenant deux ans.<br \/>\nFinaliste malheureuse \u00e0 Cincinnati, l\u2019Italienne a remport\u00e9 le WTA<br \/>\n1000 de Rome devant son public. Demi-finaliste \u00e0 Madrid, \u00e0<br \/>\nStuttgart, Paolini a eu moins de chance en Grand Chelem ne faisant<br \/>\npas mieux qu\u2019un huiti\u00e8me de finale \u00e0 Roland-Garros.<\/p>\n<p>Pour tenter de retrouver les sommets \u2013 elle a \u00e9t\u00e9 num\u00e9ro 4<br \/>\nmondiale en 2024 avec deux finales de GC \u00e0 son actif :<br \/>\nRoland-Garros et Wimbledon \u2013 Paolini sera donc accompagn\u00e9e de Sara<br \/>\nErrani. \u00ab Il y aura deux personnes \u00e0 mes c\u00f4t\u00e9s: Danilo Pizzorno<br \/>\nsera mon entra\u00eeneur et Sara sera en charge des questions tactiques,<br \/>\ncar dans ce domaine, elle est \u00e0 un autre niveau\u00bb, a-t-elle<br \/>\nexpliqu\u00e9. En mars dernier, Paolini s\u2019\u00e9tait s\u00e9par\u00e9e de Renzo Furlan,<br \/>\nson entra\u00eeneur pendant dix ans. Avec Errani, elle tentera d\u2019\u00eatre<br \/>\nperformante en simple tout en continuant de remporter des titres en<br \/>\ndouble.<\/p>\n","protected":false},"excerpt":{"rendered":"Partenaires en double, Sara Errani va rejoindre le staff de Jasmine Paolini la saison prochaine comme l&rsquo;a annonc\u00e9&hellip;\n","protected":false},"author":2,"featured_media":586816,"comment_status":"","ping_status":"","sticky":false,"template":"","format":"standard","meta":{"footnotes":""},"categories":[1415],"tags":[69994,1011,27,2126,57681,60,1467,4170],"class_list":{"0":"post-586815","1":"post","2":"type-post","3":"status-publish","4":"format-standard","5":"has-post-thumbnail","7":"category-tennis","8":"tag-errani","9":"tag-fr","10":"tag-france","11":"tag-paolini","12":"tag-sport365-fr","13":"tag-sports","14":"tag-tennis","15":"tag-wta"},"share_on_mastodon":{"url":"https:\/\/pubeurope.com\/@fr\/115685197272367973","error":""},"_links":{"self":[{"href":"https:\/\/www.europesays.com\/fr\/wp-json\/wp\/v2\/posts\/586815","targetHints":{"allow":["GET"]}}],"collection":[{"href":"https:\/\/www.europesays.com\/fr\/wp-json\/wp\/v2\/posts"}],"about":[{"href":"https:\/\/www.europesays.com\/fr\/wp-json\/wp\/v2\/types\/post"}],"author":[{"embeddable":true,"href":"https:\/\/www.europesays.com\/fr\/wp-json\/wp\/v2\/users\/2"}],"replies":[{"embeddable":true,"href":"https:\/\/www.europesays.com\/fr\/wp-json\/wp\/v2\/comments?post=586815"}],"version-history":[{"count":0,"href":"https:\/\/www.europesays.com\/fr\/wp-json\/wp\/v2\/posts\/586815\/revisions"}],"wp:featuredmedia":[{"embeddable":true,"href":"https:\/\/www.europesays.com\/fr\/wp-json\/wp\/v2\/media\/586816"}],"wp:attachment":[{"href":"https:\/\/www.europesays.com\/fr\/wp-json\/wp\/v2\/media?parent=586815"}],"wp:term":[{"taxonomy":"category","embeddable":true,"href":"https:\/\/www.europesays.com\/fr\/wp-json\/wp\/v2\/categories?post=586815"},{"taxonomy":"post_tag","embeddable":true,"href":"https:\/\/www.europesays.com\/fr\/wp-json\/wp\/v2\/tags?post=586815"}],"curies":[{"name":"wp","href":"https:\/\/api.w.org\/{rel}","templated":true}]}}