{"id":586817,"date":"2025-12-08T17:49:20","date_gmt":"2025-12-08T17:49:20","guid":{"rendered":"https:\/\/www.europesays.com\/fr\/586817\/"},"modified":"2025-12-08T17:49:20","modified_gmt":"2025-12-08T17:49:20","slug":"groupama-fdj-gregoire-je-me-rapproche-du-plus-haut-niveau-sports","status":"publish","type":"post","link":"https:\/\/www.europesays.com\/fr\/586817\/","title":{"rendered":"Groupama-FDJ &#8211; Gr\u00e9goire : \u00ab Je me rapproche du plus haut niveau \u00bb : Sports"},"content":{"rendered":"<p class=\"date\">\n                                                            Marie Mah\u00e9, Media365, publi\u00e9 le lundi 08 d\u00e9cembre 2025 \u00e0 17h40\n                                                    <\/p>\n<p>Pr\u00e9sent \u00e0 la c\u00e9r\u00e9monie du V\u00e9lo d&rsquo;Or, le Fran\u00e7ais Romain Gr\u00e9goire (Groupama-FDJ) s&rsquo;est ensuite confi\u00e9 \u00e0 la presse, sur la saison 2026.<\/p>\n<p>Romain Gr\u00e9goire fera encore partie des coureurs \u00e0 suivre en 2026. Ce vendredi, le Fran\u00e7ais \u00e9tait pr\u00e9sent \u00e0 la troisi\u00e8me c\u00e9r\u00e9monie du V\u00e9lo d&rsquo;Or, au Pavillon Gabriel \u00e0 Paris. En lice pour recevoir le Troph\u00e9e Bernard Hinault, le coureur a finalement vu K\u00e9vin Vauquelin \u00eatre sacr\u00e9 meilleur coureur fran\u00e7ais sur route. Romain Gr\u00e9goire, pensionnaire de l&rsquo;\u00e9quipe cycliste fran\u00e7aise Groupama-FDJ a ensuite accord\u00e9 un entretien au site internet sp\u00e9cialis\u00e9 Cyclism&rsquo;actu.<\/p>\n<p>Le Fran\u00e7ais a commenc\u00e9 par \u00e9voquer ses ambitions pour la saison 2026 : \u00ab\u00a0<strong>Je me rapproche du plus haut niveau, mais il faut encore que je travaille si je veux l&rsquo;atteindre.<\/strong> Il me manque une petite marche \u00e0 gravir. L&rsquo;objectif, c&rsquo;est de bien travailler cet hiver pour progresser encore, combler ce petit gap avec les tout meilleurs et enfin aller chercher cette grande victoire que j&rsquo;attends.\u00a0\u00bb<\/p>\n<p>Gr\u00e9goire : \u00ab\u00a0On n&rsquo;a pas encore pos\u00e9 les bases pr\u00e9cises de la saison\u00a0\u00bb<\/p>\n<p>Dans ses premiers gros objectifs du prochain exercice, il pourrait bien y avoir, notamment, les Ardennaises : \u00ab\u00a0Oui, certainement. Apr\u00e8s, on n&rsquo;a pas encore pos\u00e9 les bases pr\u00e9cises de la saison. On se retrouve en stage en Espagne d\u00e8s demain pour en parler avec le staff et les directeurs sportifs. Mais oui, les Ardennaises seront s\u00fbrement le premier grand rendez-vous de l&rsquo;ann\u00e9e.\u00a0\u00bb Outre Romain Gr\u00e9goire, ils seront plusieurs autres Fran\u00e7ais, faisant d&rsquo;ailleurs partie de la m\u00eame g\u00e9n\u00e9ration, \u00e0 tenter de briller en 2026.<\/p>\n<p><strong>Ce devrait \u00eatre notamment le cas de Paul Magnier, Paul Seixas ou bien encore de K\u00e9vin Vauquelin<\/strong>, septi\u00e8me du classement g\u00e9n\u00e9ral du dernier Tour de France : \u00ab\u00a0Oui, bien s\u00fbr. Il y a du monde, \u00e7a pousse derri\u00e8re. C&rsquo;est bien, \u00e7a nous tire tous vers le haut et on progresse ensemble.\u00a0\u00bb En 2025, Romain Gr\u00e9goire a brill\u00e9 plus d&rsquo;une fois. Le Fran\u00e7ais a d\u00e9croch\u00e9 l&rsquo;Ard\u00e8che Classic, la premi\u00e8re \u00e9tape du Tour de Suisse, la quatri\u00e8me \u00e9tape et le classement g\u00e9n\u00e9ral du Tour de Grande-Bretagne, ainsi que les premi\u00e8re et cinqui\u00e8me \u00e9tapes du Tour du Luxembourg.<\/p>\n","protected":false},"excerpt":{"rendered":"Marie Mah\u00e9, Media365, publi\u00e9 le lundi 08 d\u00e9cembre 2025 \u00e0 17h40 Pr\u00e9sent \u00e0 la c\u00e9r\u00e9monie du V\u00e9lo d&rsquo;Or,&hellip;\n","protected":false},"author":2,"featured_media":586818,"comment_status":"","ping_status":"","sticky":false,"template":"","format":"standard","meta":{"footnotes":""},"categories":[1411],"tags":[1154,207,1011,27,60],"class_list":{"0":"post-586817","1":"post","2":"type-post","3":"status-publish","4":"format-standard","5":"has-post-thumbnail","7":"category-cyclisme","8":"tag-cycling","9":"tag-cyclisme","10":"tag-fr","11":"tag-france","12":"tag-sports"},"share_on_mastodon":{"url":"https:\/\/pubeurope.com\/@fr\/115685213119310927","error":""},"_links":{"self":[{"href":"https:\/\/www.europesays.com\/fr\/wp-json\/wp\/v2\/posts\/586817","targetHints":{"allow":["GET"]}}],"collection":[{"href":"https:\/\/www.europesays.com\/fr\/wp-json\/wp\/v2\/posts"}],"about":[{"href":"https:\/\/www.europesays.com\/fr\/wp-json\/wp\/v2\/types\/post"}],"author":[{"embeddable":true,"href":"https:\/\/www.europesays.com\/fr\/wp-json\/wp\/v2\/users\/2"}],"replies":[{"embeddable":true,"href":"https:\/\/www.europesays.com\/fr\/wp-json\/wp\/v2\/comments?post=586817"}],"version-history":[{"count":0,"href":"https:\/\/www.europesays.com\/fr\/wp-json\/wp\/v2\/posts\/586817\/revisions"}],"wp:featuredmedia":[{"embeddable":true,"href":"https:\/\/www.europesays.com\/fr\/wp-json\/wp\/v2\/media\/586818"}],"wp:attachment":[{"href":"https:\/\/www.europesays.com\/fr\/wp-json\/wp\/v2\/media?parent=586817"}],"wp:term":[{"taxonomy":"category","embeddable":true,"href":"https:\/\/www.europesays.com\/fr\/wp-json\/wp\/v2\/categories?post=586817"},{"taxonomy":"post_tag","embeddable":true,"href":"https:\/\/www.europesays.com\/fr\/wp-json\/wp\/v2\/tags?post=586817"}],"curies":[{"name":"wp","href":"https:\/\/api.w.org\/{rel}","templated":true}]}}