{"id":586821,"date":"2025-12-08T17:51:17","date_gmt":"2025-12-08T17:51:17","guid":{"rendered":"https:\/\/www.europesays.com\/fr\/586821\/"},"modified":"2025-12-08T17:51:17","modified_gmt":"2025-12-08T17:51:17","slug":"la-jess-elle-a-la-pantoufle-en-feu-ad-laurent-balance-sur-jessica-thivenin-apres-son-divorce-davec-thibault-garcia","status":"publish","type":"post","link":"https:\/\/www.europesays.com\/fr\/586821\/","title":{"rendered":"\u00ab\u00a0La Jess elle a la pantoufle en feu\u00a0\u00bb : AD Laurent balance sur Jessica Thivenin apr\u00e8s son divorce d&rsquo;avec Thibault Garcia"},"content":{"rendered":"<p>Depuis <a href=\"https:\/\/www.public.fr\/thibault-garcia-et-jessica-apres-8-ans-damour-cest-fini\" target=\"_blank\" rel=\"noopener\">l\u2019annonce de la s\u00e9paration<\/a> entre <a href=\"https:\/\/www.public.fr\/tag\/jessica-les-marseillais\" target=\"_blank\" rel=\"noopener\">Jessica Thivenin<\/a> et <a href=\"https:\/\/www.public.fr\/tag\/thibault-garcia\" target=\"_blank\" rel=\"noopener\">Thibault Garcia<\/a>, les r\u00e9seaux sociaux ne parlent plus que d\u2019eux et les r\u00e9actions fusent. La majorit\u00e9 des internautes tacle violemment le jeune homme pour avoir eu le \u00ab\u00a0malheur\u00a0\u00bb de divorcer. Mais il y a quelques heures, le papa de Leewane et Maylone a re\u00e7u <strong>le \u00ab\u00a0soutien\u00a0\u00bb de la part d\u2019AD Laurent. <\/strong>\u00a0<\/p>\n<p>En effet, dans une r\u00e9cente vid\u00e9o post\u00e9e sur TikTok, AD Laurent n\u2019a pas h\u00e9sit\u00e9 \u00e0 sortir les crocs, estimant que Jessica portait aussi sa part de responsabilit\u00e9 dans <a href=\"https:\/\/vsd.fr\/89997-jessica-thivenin-et-thibault-garcia-annoncent-officiellement-divorcer\/\" target=\"_blank\" rel=\"noopener\">la fin du couple<\/a>. <strong>\u00ab\u00a0La Jessica Thivenin aussi elle a la pantoufle en feu !\u00a0\u00bb<\/strong>, a-t-il notamment l\u00e2ch\u00e9 dans une vid\u00e9o publi\u00e9e sur ses r\u00e9seaux sociaux et reprise par nos confr\u00e8res d\u2019Officielles. Certains applaudissent son honn\u00eatet\u00e9 et sa mani\u00e8re de penser, d\u2019autres l\u2019attaquent pour avoir os\u00e9 d\u00e9fendre Thibault Garcia.\u00a0<\/p>\n<p>Un tacle frontal de AD Laurent envers la jeune maman<\/p>\n<p>AD Laurent a souhait\u00e9 r\u00e9agir au divorce le plus comment\u00e9 de ces derniers jours. Dans ladite vid\u00e9o publi\u00e9e par l\u2019influenceur, ce dernier affirme que <strong>la responsabilit\u00e9 de Jessica Thivenin ne peut \u00eatre ignor\u00e9e<\/strong> : \u00ab\u00a08 ans de relation ! Le m\u00eame cul pendant 8 ans, la m\u00eame t*ub pendant 8 ans, c\u2019est bon ! Arr\u00eatez de mettre la faute sur Thibault de suite.\u00a0\u00bb<\/p>\n<p>Par cette d\u00e9claration, l\u2019influenceur <strong>remet en cause l\u2019id\u00e9e que Jessica serait la seule \u00ab\u00a0victime\u00a0\u00bb<\/strong> de la rupture, et invite ainsi sa communaut\u00e9, mais surtout tous les internautes qui taclent Thibault Garcia, \u00e0 envisager un sc\u00e9nario plus nuanc\u00e9, qu\u2019il s\u2019agisse du jeune papa ou de la jeune maman. <\/p>\n<p>En effet, il prend l\u2019exemple des images o\u00f9 Jessica Thivenin, apparue \u00e9m\u00e9ch\u00e9e en soir\u00e9e en compagnie d\u2019amies et d\u2019un jeune homme, qui a suscit\u00e9 de nombreuses r\u00e9actions sur les r\u00e9seaux sociaux. Pour AD Laurent, les critiques suite \u00e0 cette vid\u00e9o n\u2019ont pas lieu d\u2019\u00eatre: \u00ab\u00a0Laissez-les vivre !! Laissez-les vivre !\u00a0\u00bb, peste-t-il en d\u00e9fendant l\u2019id\u00e9e que chacun des ex a le droit de reconstruire sa vie, mais que la critique port\u00e9e uniquement sur Thibault est injuste.\u00a0<\/p>\n<p>Retour sur le divorce de Jessica Thivenin et Thibault Garcia<\/p>\n<p>Le divorce entre Thibault Garcia et Jessica Thivenin a \u00e9t\u00e9 officialis\u00e9 le 23 octobre 2025 apr\u00e8s huit ans d\u2019histoire, un mariage \u00e0 Duba\u00ef et la naissance de deux enfants, Maylone et Leewane. Dans un message publi\u00e9 sur ses r\u00e9seaux sociaux, Jessica a d\u00e9clar\u00e9 qu\u2019elle acceptait la r\u00e9alit\u00e9 m\u00eame <a href=\"https:\/\/www.public.fr\/jai-mendie-jai-supplie-en-larmes-jessica-thivenin-revele-que-son-divorce-avec-thibault-nest-pas-de-son-fait\" target=\"_blank\" rel=\"noopener\">s\u2019il ne s\u2019agissait pas de sa d\u00e9cision<\/a> : \u00ab\u00a0<strong>Je n\u2019ai pas d\u2019autre choix que d\u2019accepter qu\u2019il ne m\u2019aime plus<\/strong>\u00ab\u00a0. Elle a toutefois tenu \u00e0 pr\u00e9ciser, dans les jours qui ont suivi qu\u2019une \u00e9ventualit\u00e9 infid\u00e9lit\u00e9 de la part de son ex-mari n\u2019\u00e9tait pas la cause de la s\u00e9paration.\u00a0<\/p>\n<p>Du c\u00f4t\u00e9 de Thibault, apr\u00e8s un premier silence, s\u2019est exprim\u00e9 d\u00e9but novembre et a d\u00e9crit cette rupture comme une \u00ab\u00a0renaissance\u00a0\u00bb. Il affirme se sentir d\u00e9sormais \u00ab\u00a0apais\u00e9\u00a0\u00bb, en accord avec lui-m\u00eame, et fier d\u2019avoir eu le courage d\u2019affronter cette p\u00e9riode difficile. Il a aussi insist\u00e9 sur son d\u00e9sir de ne pas alimenter le \u00ab\u00a0drama\u00a0\u00bb pour pr\u00e9server ses enfants.\u00a0<\/p>\n<p>Depuis, de nombreuses images et vid\u00e9os anciennes du couple refont surface, suscitant l\u2019interrogation des fans quant \u00e0 la r\u00e9alit\u00e9 derri\u00e8re le couple \u00ab\u00a0parfait\u00a0\u00bb et ne faisant qu\u2019accro\u00eetre les critiques envers le jeune papa depuis la fin de son histoire avec Jessica Thivenin.<\/p>\n<p>\n          Hits &amp; People en continu\n        <\/p>\n<p>\n          Public Radio\n        <\/p>\n<p>      Mentionn\u00e9s dans cet article<\/p>\n<p>      Sur le m\u00eame sujet<\/p>\n","protected":false},"excerpt":{"rendered":"Depuis l\u2019annonce de la s\u00e9paration entre Jessica Thivenin et Thibault Garcia, les r\u00e9seaux sociaux ne parlent plus que&hellip;\n","protected":false},"author":2,"featured_media":586822,"comment_status":"","ping_status":"","sticky":false,"template":"","format":"standard","meta":{"footnotes":""},"categories":[1359],"tags":[53663,1193,58,7681,59,1011,27,60801,973,60800],"class_list":{"0":"post-586821","1":"post","2":"type-post","3":"status-publish","4":"format-standard","5":"has-post-thumbnail","7":"category-people","8":"tag-ad-laurent","9":"tag-couple","10":"tag-divertissement","11":"tag-divorce","12":"tag-entertainment","13":"tag-fr","14":"tag-france","15":"tag-jessica-thivenin","16":"tag-people","17":"tag-thibault-garcia"},"share_on_mastodon":{"url":"https:\/\/pubeurope.com\/@fr\/115685221024246605","error":""},"_links":{"self":[{"href":"https:\/\/www.europesays.com\/fr\/wp-json\/wp\/v2\/posts\/586821","targetHints":{"allow":["GET"]}}],"collection":[{"href":"https:\/\/www.europesays.com\/fr\/wp-json\/wp\/v2\/posts"}],"about":[{"href":"https:\/\/www.europesays.com\/fr\/wp-json\/wp\/v2\/types\/post"}],"author":[{"embeddable":true,"href":"https:\/\/www.europesays.com\/fr\/wp-json\/wp\/v2\/users\/2"}],"replies":[{"embeddable":true,"href":"https:\/\/www.europesays.com\/fr\/wp-json\/wp\/v2\/comments?post=586821"}],"version-history":[{"count":0,"href":"https:\/\/www.europesays.com\/fr\/wp-json\/wp\/v2\/posts\/586821\/revisions"}],"wp:featuredmedia":[{"embeddable":true,"href":"https:\/\/www.europesays.com\/fr\/wp-json\/wp\/v2\/media\/586822"}],"wp:attachment":[{"href":"https:\/\/www.europesays.com\/fr\/wp-json\/wp\/v2\/media?parent=586821"}],"wp:term":[{"taxonomy":"category","embeddable":true,"href":"https:\/\/www.europesays.com\/fr\/wp-json\/wp\/v2\/categories?post=586821"},{"taxonomy":"post_tag","embeddable":true,"href":"https:\/\/www.europesays.com\/fr\/wp-json\/wp\/v2\/tags?post=586821"}],"curies":[{"name":"wp","href":"https:\/\/api.w.org\/{rel}","templated":true}]}}