{"id":586823,"date":"2025-12-08T17:52:17","date_gmt":"2025-12-08T17:52:17","guid":{"rendered":"https:\/\/www.europesays.com\/fr\/586823\/"},"modified":"2025-12-08T17:52:17","modified_gmt":"2025-12-08T17:52:17","slug":"tableau-de-claude-monet-asperge-de-peinture-en-suede-les-militants-ecologistes-acquittes","status":"publish","type":"post","link":"https:\/\/www.europesays.com\/fr\/586823\/","title":{"rendered":"Tableau de Claude Monet asperg\u00e9 de peinture en Su\u00e8de\u00a0: les militants \u00e9cologistes acquitt\u00e9s"},"content":{"rendered":"\n<p class=\"c-chapo \">\n  \u00ab\u00a0Le Jardin de l&rsquo;artiste \u00e0 Giverny (1900)\u00a0\u00bb avait \u00e9t\u00e9 pr\u00eat\u00e9 par le mus\u00e9e d&rsquo;Orsay au Mus\u00e9e national de Su\u00e8de (National museum) dans le cadre d&rsquo;une exposition consacr\u00e9e aux jardins et \u00e0 la nature.\n<\/p>\n<p>      lire plus tard<\/p>\n<p id=\"dialog__title\" class=\"dialog__title\">Pour sauvegarder cet article, connectez-vous ou cr\u00e9ez un compte franceinfo<\/p>\n<p class=\"dialog__description\">Sans paiement. Sans abonnement.<\/p>\n<p>        Fermer la fen\u00eatre d\u2019activation des notifications France Info<\/p>\n<p>      cr\u00e9er votre compte<\/p>\n<p>      se connecter<\/p>\n<p>        Fermer la fen\u00eatre de pr\u00e9sentation<\/p>\n<p>    <img loading=\"lazy\" decoding=\"async\" class=\"signature__image lazyload\" width=\"100\" height=\"100\" data- alt=\"\" src=\"https:\/\/www.europesays.com\/fr\/wp-content\/uploads\/2025\/05\/64abd44855ee1_placeholder-36b69ec8.png\"\/><\/p>\n<p>          France T\u00e9l\u00e9visions &#8211; R\u00e9daction Culture<\/p>\n<p>    Publi\u00e9 le 08\/12\/2025 17:49<\/p>\n<p>        Temps de lecture : 1min<\/p>\n<p>    <img decoding=\"async\"  alt=\"Cette capture d'\u00e9cran montre deux militants en train de barbouiller de peinture la vitre de protection du tableau &quot;Le Jardin de l'artiste \u00e0 Giverny&quot; de Claude Monet (1840-1926), au Mus\u00e9e national de Stockholm, en Su\u00e8de. (HANDOUT\u00a0\/\u00a0ATERSTALL VATMARKER\u00a0\/\u00a0AFP)\" width=\"432\" height=\"243\" src=\"https:\/\/www.europesays.com\/fr\/wp-content\/uploads\/2025\/12\/rrwdege-6936ff5d7d5ee048859558.jpg\" fetchpriority=\"high\"\/><\/p>\n<p>      Cette capture d&rsquo;\u00e9cran montre deux militants en train de barbouiller de peinture la vitre de protection du tableau \u00ab\u00a0Le Jardin de l&rsquo;artiste \u00e0 Giverny\u00a0\u00bb de Claude Monet (1840-1926), au Mus\u00e9e national de Stockholm, en Su\u00e8de. (HANDOUT\u00a0\/\u00a0ATERSTALL VATMARKER\u00a0\/\u00a0AFP)<\/p>\n<p>Un tribunal su\u00e9dois a acquitt\u00e9 lundi\u00a08\u00a0d\u00e9cembre les militants \u00e9cologistes qui avaient badigeonn\u00e9 de peinture la vitre prot\u00e9geant un tableau de Claude Monet, estimant que l&rsquo;intention n&rsquo;avait pas \u00e9t\u00e9 d&rsquo;endommager l&rsquo;\u0153uvre d&rsquo;art.<\/p>\n<p>Le 14 juin 2023, deux jeunes femmes ont tremp\u00e9 leurs mains dans de la peinture rouge avant d&rsquo;en \u00e9taler sur Le Jardin de l&rsquo;artiste \u00e0 Giverny (1900), dans le cadre d&rsquo;une exposition consacr\u00e9e aux jardins et \u00e0 la nature.<\/p>\n<p>L&rsquo;organisation Aterst\u00e4ll Vatmarker (R\u00e9tablissez les zones humides) avait revendiqu\u00e9 et diffus\u00e9 une vid\u00e9o de cette action dans laquelle on les entendait scander \u00ab\u00a0la situation climatique est urgente\u00a0\u00bb et \u00ab\u00a0notre sant\u00e9 est menac\u00e9e\u00a0\u00bb.<\/p>\n<p>Le tableau n&rsquo;a subi aucun dommage, avait assur\u00e9 le lendemain le directeur du mus\u00e9e d&rsquo;Orsay.<\/p>\n<p>Les deux jeunes femmes et quatre autres activistes ont toutefois \u00e9t\u00e9 inculp\u00e9s de vandalisme. Selon le jugement rendu lundi par le tribunal de Stockholm, les militants ont ni\u00e9 avoir eu la volont\u00e9 d&rsquo;endommager le tableau, affirmant que leur geste \u00e9tait motiv\u00e9 par la \u00ab\u00a0crise climatique\u00a0\u00bb. Ils avaient d\u00e9lib\u00e9r\u00e9ment choisi un tableau prot\u00e9g\u00e9 par une vitre et utilis\u00e9 une peinture facile \u00e0 enlever.<\/p>\n<p>Une argumentation que la cour a suivie\u00a0: les activistes n&rsquo;avaient pas pour intention de causer des dommages durables \u00e0 l&rsquo;\u0153uvre, bien qu&rsquo;un peu de peinture ait fini sur le cadre, a-t-elle jug\u00e9. Les six ont \u00e9t\u00e9 acquitt\u00e9s et n&rsquo;ont pas eu \u00e0 payer de dommages et int\u00e9r\u00eats.<\/p>\n","protected":false},"excerpt":{"rendered":"\u00ab\u00a0Le Jardin de l&rsquo;artiste \u00e0 Giverny (1900)\u00a0\u00bb avait \u00e9t\u00e9 pr\u00eat\u00e9 par le mus\u00e9e d&rsquo;Orsay au Mus\u00e9e national de&hellip;\n","protected":false},"author":2,"featured_media":586824,"comment_status":"","ping_status":"","sticky":false,"template":"","format":"standard","meta":{"footnotes":""},"categories":[1358],"tags":[1348,1384,1385,1386,58,59,1011,27],"class_list":{"0":"post-586823","1":"post","2":"type-post","3":"status-publish","4":"format-standard","5":"has-post-thumbnail","7":"category-arts-et-design","8":"tag-arts","9":"tag-arts-and-design","10":"tag-arts-et-design","11":"tag-design","12":"tag-divertissement","13":"tag-entertainment","14":"tag-fr","15":"tag-france"},"share_on_mastodon":{"url":"https:\/\/pubeurope.com\/@fr\/115685225699392401","error":""},"_links":{"self":[{"href":"https:\/\/www.europesays.com\/fr\/wp-json\/wp\/v2\/posts\/586823","targetHints":{"allow":["GET"]}}],"collection":[{"href":"https:\/\/www.europesays.com\/fr\/wp-json\/wp\/v2\/posts"}],"about":[{"href":"https:\/\/www.europesays.com\/fr\/wp-json\/wp\/v2\/types\/post"}],"author":[{"embeddable":true,"href":"https:\/\/www.europesays.com\/fr\/wp-json\/wp\/v2\/users\/2"}],"replies":[{"embeddable":true,"href":"https:\/\/www.europesays.com\/fr\/wp-json\/wp\/v2\/comments?post=586823"}],"version-history":[{"count":0,"href":"https:\/\/www.europesays.com\/fr\/wp-json\/wp\/v2\/posts\/586823\/revisions"}],"wp:featuredmedia":[{"embeddable":true,"href":"https:\/\/www.europesays.com\/fr\/wp-json\/wp\/v2\/media\/586824"}],"wp:attachment":[{"href":"https:\/\/www.europesays.com\/fr\/wp-json\/wp\/v2\/media?parent=586823"}],"wp:term":[{"taxonomy":"category","embeddable":true,"href":"https:\/\/www.europesays.com\/fr\/wp-json\/wp\/v2\/categories?post=586823"},{"taxonomy":"post_tag","embeddable":true,"href":"https:\/\/www.europesays.com\/fr\/wp-json\/wp\/v2\/tags?post=586823"}],"curies":[{"name":"wp","href":"https:\/\/api.w.org\/{rel}","templated":true}]}}