{"id":586825,"date":"2025-12-08T17:54:22","date_gmt":"2025-12-08T17:54:22","guid":{"rendered":"https:\/\/www.europesays.com\/fr\/586825\/"},"modified":"2025-12-08T17:54:22","modified_gmt":"2025-12-08T17:54:22","slug":"le-reve-de-tout-recale-va-pouvoir-se-realiser-ou-presque","status":"publish","type":"post","link":"https:\/\/www.europesays.com\/fr\/586825\/","title":{"rendered":"le r\u00eave de tout recal\u00e9 va pouvoir se r\u00e9aliser (ou presque)"},"content":{"rendered":"<p>        <img decoding=\"async\" loading=\"lazy\" src=\"https:\/\/www.europesays.com\/fr\/wp-content\/uploads\/2025\/12\/da9e3f7_upload-1-afrq0if9tvec-staracademy-8.jpg\"  width=\"728\" height=\"409\" alt=\"Le corps professoral de la \u00ab\u00a0Star Academy\u00a0\u00bb va donner des cours \u00ab\u00a0exclusifs\u00a0\u00bb aux fans du programme, pendant quatre jours. (Photo d\u2019illustration)\"\/>  <\/p>\n<p>Laurent Vu<\/p>\n<p>Le corps professoral de la \u00ab\u00a0Star Academy\u00a0\u00bb va donner des cours \u00ab\u00a0exclusifs\u00a0\u00bb aux fans du programme, pendant quatre jours. (Photo d\u2019illustration)<\/p>\n<p>      <strong>EN BREF<\/strong> <strong>\u2022 <\/strong>La \u00ab\u00a0Star Academy\u00a0\u00bb propose des cours exclusifs avec ses professeurs dans un pop-up store \u00e0 Paris du 18 au 21\u00a0d\u00e9cembre. <br \/><strong>\u2022 <\/strong>L\u2019\u00e9v\u00e9nement inclut une \u00ab\u00a0pyjama party\u00a0\u00bb, des viewing partys et une boutique avec des produits d\u00e9riv\u00e9s. <br \/><strong>\u2022 <\/strong>Le dernier prime a attir\u00e9 2\u00a07 millions de t\u00e9l\u00e9spectateurs.                         <\/p>\n<p class=\"asset asset-text\">\u00ab\u00a0Et on ouvre grand le larynx.\u00a0\u00bb Cette phrase, que beaucoup de fans de la <a href=\"https:\/\/www.huffingtonpost.fr\/divertissement\/article\/star-academy-l-emotion-palpable-du-duo-tina-arena-victor-a-conquis-jury-et-telespectateurs_257685.html\" target=\"_blank\" rel=\"noopener\">Star Academy<\/a> ont d\u00e9j\u00e0 entendue lors du visionnage d\u2019un cours de <a href=\"https:\/\/www.huffingtonpost.fr\/divertissement\/article\/star-academy-saison-12-sofia-morgavi-la-nouvelle-prof-de-chant-ne-vous-est-peut-etre-pas-inconnue_240670.html\" target=\"_blank\" rel=\"noopener\">Sofia Morgavi<\/a> au ch\u00e2teau de Dammarie-les-Lys, une petite poign\u00e9e d\u2019entre eux vont peut-\u00eatre avoir la chance d\u2019en profiter dans la vraie vie. En cause\u00a0? Le lancement de cours \u00ab\u00a0exclusifs\u00a0\u00bb avec les professeurs de l\u2019\u00e9cole.<\/p>\n<p class=\"asset asset-text\">Ils vont avoir lieu le temps de quatre petits jours dans un pop-up d\u00e9di\u00e9 au t\u00e9l\u00e9crochet entre les 18\u00a0et 21\u00a0d\u00e9cembre prochains. L\u2019information a \u00e9t\u00e9 envoy\u00e9e \u00e0 la presse, ce lundi 8\u00a0d\u00e9cembre, sans toutefois pr\u00e9ciser la dur\u00e9e, ni m\u00eame le nombre de places disponibles \u00e0 cet atelier. Les cours seront sur inscription, dont la date n\u2019a pas non plus \u00e9t\u00e9 communiqu\u00e9e.<\/p>\n<p class=\"asset asset-text\">Baptis\u00e9 \u00ab\u00a0L\u2019Appart de No\u00ebl\u00a0\u00bb, l\u2019espace \u00e9ph\u00e9m\u00e8re doit s\u2019installer au c\u0153ur de Paris au sein du Showroom R\u00e9publique-Valmy, un espace de plus de 700\u00a0m\u00e8tres carr\u00e9s. Au menu \u00e9galement, une \u00ab\u00a0pyjama party\u00a0\u00bb en compagnie d\u2019anciens \u00e9l\u00e8ves, des viewing partys des quotidiennes et un atelier de confection de pancartes et d\u2019\u00e9criture de lettres aux \u00e9l\u00e8ves.<\/p>\n<p class=\"asset asset-text\">Une boutique est bien \u00e9videmment pr\u00e9vue. Elle devrait commercialiser la plupart des produits d\u00e9j\u00e0 en vente, dont le fameux sweat-shirt \u00e0 capuche des acad\u00e9miciens. Mieux\u00a0: vous allez pouvoir vous prendre en photo avec l\u2019embl\u00e9matique t\u00e9l\u00e9phone rouge, qu\u2019on esp\u00e8re avoir entre les mains plus d\u2019une petite minute.<\/p>\n<p>    2,7\u00a0millions    <\/p>\n<p class=\"asset asset-text\">Si les pop-up stores ont le vent en poupe, comme ont pu r\u00e9cemment en t\u00e9moigner ceux organis\u00e9s pour la s\u00e9rie Stranger Things ou le rappeur Jul, celui d\u00e9di\u00e9 \u00e0 la Star Academy t\u00e9moigne d\u2019un nouveau cap pour la t\u00e9l\u00e9r\u00e9alit\u00e9, dont l\u2019actuelle saison s\u2019impose encore une fois dans les audiences. Sans compter les visionnages en ligne, le dernier prime a r\u00e9uni plus de 2,7\u00a0millions de t\u00e9l\u00e9spectateurs.<\/p>\n<p class=\"asset asset-text\">Ce qui ne se fait pas sans pol\u00e9mique, cette ann\u00e9e encore. Un candidat \u00e9limin\u00e9 a d\u00e9nonc\u00e9 le cyberharc\u00e8lement dont il est victime. Et Lucie Bernardoni, celui qui vise sa cons\u0153ur Marl\u00e8ne Schaff. De son c\u00f4t\u00e9, la production a annonc\u00e9 avoir \u00ab\u00a0engag\u00e9 des d\u00e9marches aupr\u00e8s des autorit\u00e9s comp\u00e9tentes\u00a0\u00bb. Comme elle l\u2019a fait sur les r\u00e9seaux sociaux, un rappel des valeurs de bienveillance du programme est-il au programme des quatre jours du pop-up\u00a0?<\/p>\n","protected":false},"excerpt":{"rendered":"Laurent Vu Le corps professoral de la \u00ab\u00a0Star Academy\u00a0\u00bb va donner des cours \u00ab\u00a0exclusifs\u00a0\u00bb aux fans du programme,&hellip;\n","protected":false},"author":2,"featured_media":586826,"comment_status":"","ping_status":"","sticky":false,"template":"","format":"standard","meta":{"footnotes":""},"categories":[1356],"tags":[58,59,1011,27,5095,252,199,1364],"class_list":{"0":"post-586825","1":"post","2":"type-post","3":"status-publish","4":"format-standard","5":"has-post-thumbnail","7":"category-television","8":"tag-divertissement","9":"tag-entertainment","10":"tag-fr","11":"tag-france","12":"tag-star-academy","13":"tag-television","14":"tag-tf1","15":"tag-tv"},"share_on_mastodon":{"url":"https:\/\/pubeurope.com\/@fr\/115685233614346295","error":""},"_links":{"self":[{"href":"https:\/\/www.europesays.com\/fr\/wp-json\/wp\/v2\/posts\/586825","targetHints":{"allow":["GET"]}}],"collection":[{"href":"https:\/\/www.europesays.com\/fr\/wp-json\/wp\/v2\/posts"}],"about":[{"href":"https:\/\/www.europesays.com\/fr\/wp-json\/wp\/v2\/types\/post"}],"author":[{"embeddable":true,"href":"https:\/\/www.europesays.com\/fr\/wp-json\/wp\/v2\/users\/2"}],"replies":[{"embeddable":true,"href":"https:\/\/www.europesays.com\/fr\/wp-json\/wp\/v2\/comments?post=586825"}],"version-history":[{"count":0,"href":"https:\/\/www.europesays.com\/fr\/wp-json\/wp\/v2\/posts\/586825\/revisions"}],"wp:featuredmedia":[{"embeddable":true,"href":"https:\/\/www.europesays.com\/fr\/wp-json\/wp\/v2\/media\/586826"}],"wp:attachment":[{"href":"https:\/\/www.europesays.com\/fr\/wp-json\/wp\/v2\/media?parent=586825"}],"wp:term":[{"taxonomy":"category","embeddable":true,"href":"https:\/\/www.europesays.com\/fr\/wp-json\/wp\/v2\/categories?post=586825"},{"taxonomy":"post_tag","embeddable":true,"href":"https:\/\/www.europesays.com\/fr\/wp-json\/wp\/v2\/tags?post=586825"}],"curies":[{"name":"wp","href":"https:\/\/api.w.org\/{rel}","templated":true}]}}