{"id":586827,"date":"2025-12-08T17:55:13","date_gmt":"2025-12-08T17:55:13","guid":{"rendered":"https:\/\/www.europesays.com\/fr\/586827\/"},"modified":"2025-12-08T17:55:13","modified_gmt":"2025-12-08T17:55:13","slug":"tu-mas-sorti-dune-cabane-lara-fabian-invite-vianney-et-slimane-sur-scene-pour-son-tout-premier-bercy-video","status":"publish","type":"post","link":"https:\/\/www.europesays.com\/fr\/586827\/","title":{"rendered":"\u00ab\u00a0Tu m&rsquo;as sorti d&rsquo;une cabane\u00a0\u00bb: Lara Fabian invite Vianney et Slimane sur sc\u00e8ne pour son tout premier Bercy (vid\u00e9o)"},"content":{"rendered":"<p>Une relation de confiance entre Lara Fabian et Vianney<\/p>\n<p class=\"ap-StoryElement ap-StoryElement--mb ap-StoryText\"><b>Vianney<\/b> \u00e9tait \u00e9galement de la partie, lui qui se fait <a href=\"https:\/\/www.parismatch.be\/actualites\/people\/2025\/07\/25\/vianney-cette-surprenante-raison-pour-laquelle-il-a-decide-de-sisoler-plusieurs-semaines-et-ce-nest-pas-que-pour-la-musique-JC2PWPPW7JC7HAE3TEKQUESFFU\/\" target=\"_blank\" rel=\"noreferrer noopener\">discret depuis quelques mois apr\u00e8s avoir mis sa carri\u00e8re musicale en pause<\/a>. \u00ab\u00a0Tu m&rsquo;as sorti d&rsquo;une cabane\u00a0\u00bb, a-t-il d\u00e9but\u00e9 le sourire aux l\u00e8vres. Il a ensuite expliqu\u00e9 la raison de sa pr\u00e9sence : \u00ab\u00a0Pour la plus belle raison du monde parce que je t&rsquo;aime et je t&rsquo;admire\u00a0\u00bb.<\/p>\n<p class=\"ap-StoryElement ap-StoryElement--mb ap-StoryText\">\u00ab\u00a0Il fallait que je sois l\u00e0\u00a0\u00bb, a-t-il poursuivi sous les applaudissements du public. \u00ab\u00a0Je te remercie officiellement devant tous ces gens qui t&rsquo;aiment parce que, quand tu es venue au studio, on a \u00e9crit cette chanson (<b>\u00ab\u00a0Je suis de toi\u00a0\u00bb<\/b>, NdlR) mais on a surtout \u00e9chang\u00e9. On a beaucoup <b>beaucoup parl\u00e9<\/b>. \u00c7a nous a pris tr\u00e8s peu de temps pour \u00e9crire la chanson, peut-\u00eatre 1h30 ou 2h, mais avant on avait parl\u00e9 douze heures\u00a0\u00bb, a-t-il retrac\u00e9.<\/p>\n<p><a href=\"https:\/\/www.parismatch.be\/actualites\/people\/2025\/10\/31\/vianney-fait-le-point-sur-la-construction-de-sa-cabane-quatre-mois-apres-le-debut-de-son-aventure-je-vais-de-difficultes-en-difficultes-HJ2BZB6U5BGH7NUYCYECRAAX3M\/\" target=\"_self\" class=\"ap-StoryInterstitialLink ap-StoryElement ap-StoryElement--mb\" rel=\"noopener\">Vianney fait le point sur la construction de sa cabane, quatre mois apr\u00e8s le d\u00e9but de son aventure : \u00ab\u00a0Je vais de difficult\u00e9s en difficult\u00e9s\u00a0\u00bb<\/a><\/p>\n<p class=\"ap-StoryElement ap-StoryElement--mb ap-StoryText\">Devant un parterre accroch\u00e9 \u00e0 ses l\u00e8vres, le chanteur fran\u00e7ais a exprim\u00e9 tout le respect qu&rsquo;il a pour Lara Fabian : \u00ab\u00a0Ce sont des discussions que je ne peux pas oublier. On s&rsquo;est beaucoup livr\u00e9 tous les deux parce qu&rsquo;on \u00e9tait <b>en confiance<\/b> et je voulais simplement te remercier pour cette confiance que tu m&rsquo;as accord\u00e9e et que tu continues \u00e0 m&rsquo;accorder. Sache que je te suis vraiment redevable. Merci du fond du c\u0153ur.\u00a0\u00bb<\/p>\n","protected":false},"excerpt":{"rendered":"Une relation de confiance entre Lara Fabian et Vianney Vianney \u00e9tait \u00e9galement de la partie, lui qui se&hellip;\n","protected":false},"author":2,"featured_media":586828,"comment_status":"","ping_status":"","sticky":false,"template":"","format":"standard","meta":{"footnotes":""},"categories":[1355],"tags":[8677,58,59,39716,1011,27,12238,1361,873,626,9055,8475],"class_list":{"0":"post-586827","1":"post","2":"type-post","3":"status-publish","4":"format-standard","5":"has-post-thumbnail","7":"category-musique","8":"tag-accor-arena","9":"tag-divertissement","10":"tag-entertainment","11":"tag-forest-national","12":"tag-fr","13":"tag-france","14":"tag-lara-fabian","15":"tag-music","16":"tag-musique","17":"tag-paris","18":"tag-slimane","19":"tag-vianney"},"share_on_mastodon":{"url":"https:\/\/pubeurope.com\/@fr\/115685236715814944","error":""},"_links":{"self":[{"href":"https:\/\/www.europesays.com\/fr\/wp-json\/wp\/v2\/posts\/586827","targetHints":{"allow":["GET"]}}],"collection":[{"href":"https:\/\/www.europesays.com\/fr\/wp-json\/wp\/v2\/posts"}],"about":[{"href":"https:\/\/www.europesays.com\/fr\/wp-json\/wp\/v2\/types\/post"}],"author":[{"embeddable":true,"href":"https:\/\/www.europesays.com\/fr\/wp-json\/wp\/v2\/users\/2"}],"replies":[{"embeddable":true,"href":"https:\/\/www.europesays.com\/fr\/wp-json\/wp\/v2\/comments?post=586827"}],"version-history":[{"count":0,"href":"https:\/\/www.europesays.com\/fr\/wp-json\/wp\/v2\/posts\/586827\/revisions"}],"wp:featuredmedia":[{"embeddable":true,"href":"https:\/\/www.europesays.com\/fr\/wp-json\/wp\/v2\/media\/586828"}],"wp:attachment":[{"href":"https:\/\/www.europesays.com\/fr\/wp-json\/wp\/v2\/media?parent=586827"}],"wp:term":[{"taxonomy":"category","embeddable":true,"href":"https:\/\/www.europesays.com\/fr\/wp-json\/wp\/v2\/categories?post=586827"},{"taxonomy":"post_tag","embeddable":true,"href":"https:\/\/www.europesays.com\/fr\/wp-json\/wp\/v2\/tags?post=586827"}],"curies":[{"name":"wp","href":"https:\/\/api.w.org\/{rel}","templated":true}]}}