{"id":586837,"date":"2025-12-08T18:00:21","date_gmt":"2025-12-08T18:00:21","guid":{"rendered":"https:\/\/www.europesays.com\/fr\/586837\/"},"modified":"2025-12-08T18:00:21","modified_gmt":"2025-12-08T18:00:21","slug":"les-lunettes-meta-pour-les-developpeurs-disney-et-twitch-a-bord","status":"publish","type":"post","link":"https:\/\/www.europesays.com\/fr\/586837\/","title":{"rendered":"Les lunettes Meta pour les d\u00e9veloppeurs, Disney et Twitch \u00e0 bord !"},"content":{"rendered":"<p><strong>Les d\u00e9veloppeurs peuvent se r\u00e9jouir, car ils ont d\u00e9sormais acc\u00e8s aux lunettes IA de Meta.<\/strong><\/p>\n<p><strong>Meta<\/strong> franchit une \u00e9tape importante en ouvrant enfin ses <strong><a href=\"https:\/\/realitevirtuelle.com\/confortables-et-stylees-les-lunettes-ia-a-adopter-cette-annee\/\" target=\"_blank\" rel=\"noreferrer noopener\">lunettes IA<\/a> aux d\u00e9veloppeurs<\/strong>. L\u2019arriv\u00e9e du nouveau Wearables Device Access Toolkit change effectivement le r\u00f4le de cet accessoire du quotidien. Cette ouverture transforme les Ray-Ban Meta en v\u00e9ritable plateforme logicielle pr\u00eate \u00e0 accueillir des usages beaucoup plus ambitieux.<\/p>\n<p>Que signifie l\u2019ouverture des lunettes IA de Meta aux d\u00e9veloppeurs ?<\/p>\n<p>Meta laisse d\u00e9sormais les devs int\u00e9grer la cam\u00e9ra, les micros et les haut-parleurs des lunettes IA <strong>dans leurs applications<\/strong>. Cette nouveaut\u00e9 place les lunettes au centre d\u2019exp\u00e9riences vraiment mains libres. Les d\u00e9veloppeurs peuvent ainsi relier leurs apps iOS ou Android \u00e0 l\u2019appareil. Ils peuvent s\u2019en servir pour capturer du contenu ou transmettre des informations sans interruption.<\/p>\n<p><img fetchpriority=\"high\" decoding=\"async\" width=\"1280\" height=\"896\" src=\"https:\/\/www.europesays.com\/fr\/wp-content\/uploads\/2025\/12\/lunettes-meta-developpeurs.569Z.png\" alt=\"Les lunettes Meta pour les d\u00e9veloppeurs, Disney et Twitch d\u00e9j\u00e0 \u00e0 bord !\" class=\"wp-image-41260\"  \/><\/p>\n<p>Un aper\u00e7u de la future plateforme AR grand public<\/p>\n<p>La firme qualifie ce kit d\u2019\u00e9tape essentiel vers une plateforme logicielle pens\u00e9e pour les usages AR du quotidien. Cette ouverture aux <a href=\"https:\/\/realitevirtuelle.com\/vous-avez-des-lunettes-meta-ou-des-airpods-faites-les-echanger\/\" target=\"_blank\" rel=\"noreferrer noopener\">lunettes Meta<\/a> invite les d\u00e9veloppeurs \u00e0 exp\u00e9rimenter avec des outils encore limit\u00e9s en apparence, mais prometteurs. Les premi\u00e8res versions donnent acc\u00e8s \u00e0 une <strong>cam\u00e9ra 12 MP<\/strong>, \u00e0 <strong>cinq micros<\/strong> ainsi qu\u2019\u00e0 un <strong>syst\u00e8me audio ouvert<\/strong>. Meta voit dans ce socle une opportunit\u00e9 pour cr\u00e9er des interactions plus fluides.<\/p>\n<p>Les objectifs de l\u2019ouverture des lunettes Meta aux d\u00e9veloppeurs<\/p>\n<p>Pour le moment, seuls les testeurs internes des studios peuvent essayer les int\u00e9grations cr\u00e9\u00e9es avec ce SDK. Meta vise toutefois un <strong>lancement public en 2026<\/strong>. Cela laisse donc aux devs le temps de concevoir des prototypes solides. L\u2019entreprise explique aussi \u00e9tudier l\u2019ajout des commandes vocales et de l\u2019IA Meta directement dans le kit. Cette \u00e9volution pourrait donner naissance \u00e0 des mod\u00e8les presque autonomes dans les prochaines versions.<\/p>\n<p>Quels partenaires essaient d\u00e9j\u00e0 ces nouvelles lunettes IA ?<\/p>\n<p>Les <strong>d\u00e9veloppeurs de Disney<\/strong> font partie des premiers \u00e0 essayer cet acc\u00e8s avanc\u00e9 aux lunettes Meta. Le studio con\u00e7oit un guide audio capable de d\u00e9bloquer des informations \u00e0 mesure que l\u2019utilisateur explore les attractions. Ce projet ambitionne d\u2019utiliser les lunettes pour enrichir la visite sans d\u00e9tourner le regard du d\u00e9cor. Cette approche illustre parfaitement le potentiel de ces lunettes IA int\u00e9gr\u00e9es dans des lieux physiques.<\/p>\n<p><img loading=\"lazy\" decoding=\"async\" width=\"1280\" height=\"896\" src=\"https:\/\/realitevirtuelle.com\/wp-content\/uploads\/2025\/12\/lunettes-meta-developpeurs-twitch.119Z.png\" alt=\"Les lunettes Meta pour les d\u00e9veloppeurs, Disney et Twitch d\u00e9j\u00e0 \u00e0 bord !\" class=\"wp-image-41259\"  \/><\/p>\n<p>Les d\u00e9veloppeurs de Twitch utilisent les lunettes Meta<\/p>\n<p>Meta collabore par ailleurs <strong>avec Twitch<\/strong> sur une fonctionnalit\u00e9 int\u00e9ressante. Les lunettes IA deviennent en fait une <strong>cam\u00e9ra POV<\/strong> pour <a href=\"https:\/\/realitevirtuelle.com\/beamxr-live-cette-appli-vr-gratuite-vous-permet-de-streamer-sans-pc\/\" target=\"_blank\" rel=\"noreferrer noopener\">streamer sans PC<\/a> ou t\u00e9l\u00e9phone. Cette id\u00e9e s\u00e9duit notamment les cr\u00e9ateurs qui veulent filmer leurs activit\u00e9s sans tenir d\u2019appareil. Le projet montre que Meta cible autant les usages cr\u00e9atifs que les fonctions utilitaires.<\/p>\n<p>De nouvelles exp\u00e9riences naissent dans d\u2019autres secteurs<\/p>\n<p>D\u2019autres partenaires comme <strong>HumanWare<\/strong> ou <strong>18Birdies<\/strong> essaient d\u00e9j\u00e0 des outils vari\u00e9s autour de l\u2019orientation ou du sport. La firme am\u00e9ricaine cherche donc \u00e0 montrer que cet accessoire s\u2019adresse autant aux loisirs qu\u2019\u00e0 l\u2019accessibilit\u00e9. Cette strat\u00e9gie des lunettes Meta renforce la valeur de l\u2019ouverture du SDK pour les d\u00e9veloppeurs. Ces derniers peuvent alors imaginer des usages impossibles jusqu\u2019ici.<\/p>\n<p>\n\t\t\t\t\tRestez \u00e0 la pointe de l&rsquo;information avec REALITEVIRTUELLE.COM!\t\t\t\t<\/p>\n","protected":false},"excerpt":{"rendered":"Les d\u00e9veloppeurs peuvent se r\u00e9jouir, car ils ont d\u00e9sormais acc\u00e8s aux lunettes IA de Meta. Meta franchit une&hellip;\n","protected":false},"author":2,"featured_media":586838,"comment_status":"","ping_status":"","sticky":false,"template":"","format":"standard","meta":{"footnotes":""},"categories":[7],"tags":[1011,27,43,40,41,39,42,44],"class_list":{"0":"post-586837","1":"post","2":"type-post","3":"status-publish","4":"format-standard","5":"has-post-thumbnail","7":"category-sciences-et-technologies","8":"tag-fr","9":"tag-france","10":"tag-science","11":"tag-science-and-technology","12":"tag-sciences","13":"tag-sciences-et-technologies","14":"tag-technologies","15":"tag-technology"},"share_on_mastodon":{"url":"https:\/\/pubeurope.com\/@fr\/115685257599973376","error":""},"_links":{"self":[{"href":"https:\/\/www.europesays.com\/fr\/wp-json\/wp\/v2\/posts\/586837","targetHints":{"allow":["GET"]}}],"collection":[{"href":"https:\/\/www.europesays.com\/fr\/wp-json\/wp\/v2\/posts"}],"about":[{"href":"https:\/\/www.europesays.com\/fr\/wp-json\/wp\/v2\/types\/post"}],"author":[{"embeddable":true,"href":"https:\/\/www.europesays.com\/fr\/wp-json\/wp\/v2\/users\/2"}],"replies":[{"embeddable":true,"href":"https:\/\/www.europesays.com\/fr\/wp-json\/wp\/v2\/comments?post=586837"}],"version-history":[{"count":0,"href":"https:\/\/www.europesays.com\/fr\/wp-json\/wp\/v2\/posts\/586837\/revisions"}],"wp:featuredmedia":[{"embeddable":true,"href":"https:\/\/www.europesays.com\/fr\/wp-json\/wp\/v2\/media\/586838"}],"wp:attachment":[{"href":"https:\/\/www.europesays.com\/fr\/wp-json\/wp\/v2\/media?parent=586837"}],"wp:term":[{"taxonomy":"category","embeddable":true,"href":"https:\/\/www.europesays.com\/fr\/wp-json\/wp\/v2\/categories?post=586837"},{"taxonomy":"post_tag","embeddable":true,"href":"https:\/\/www.europesays.com\/fr\/wp-json\/wp\/v2\/tags?post=586837"}],"curies":[{"name":"wp","href":"https:\/\/api.w.org\/{rel}","templated":true}]}}