{"id":586849,"date":"2025-12-08T18:07:18","date_gmt":"2025-12-08T18:07:18","guid":{"rendered":"https:\/\/www.europesays.com\/fr\/586849\/"},"modified":"2025-12-08T18:07:18","modified_gmt":"2025-12-08T18:07:18","slug":"une-dizaine-de-stands-au-marche-de-noel","status":"publish","type":"post","link":"https:\/\/www.europesays.com\/fr\/586849\/","title":{"rendered":"une dizaine de stands au march\u00e9 de No\u00ebl"},"content":{"rendered":"<p>Le march\u00e9 de No\u00ebl de la commune s\u2019est tenu dimanche 7\u00a0d\u00e9cembre 2025, au chaud dans la salle Ronsard, compte tenu de la m\u00e9t\u00e9o. Une bonne dizaine de stands proposaient aux visiteurs beaucoup de gourmandises et des cr\u00e9ations locales. Une \u00e9crivaine locale est m\u00eame venue pr\u00e9senter ses deux premiers ouvrages. L\u2019animation musicale \u00e9tait assur\u00e9e par le groupe Stromp in Ze Pub.<\/p>\n","protected":false},"excerpt":{"rendered":"Le march\u00e9 de No\u00ebl de la commune s\u2019est tenu dimanche 7\u00a0d\u00e9cembre 2025, au chaud dans la salle Ronsard,&hellip;\n","protected":false},"author":2,"featured_media":586850,"comment_status":"","ping_status":"","sticky":false,"template":"","format":"standard","meta":{"footnotes":""},"categories":[9653],"tags":[1111,11,2430,1674,1777,674,1011,27,63815,12,25,4001,13222],"class_list":{"0":"post-586849","1":"post","2":"type-post","3":"status-publish","4":"format-standard","5":"has-post-thumbnail","7":"category-saint-etienne","8":"tag-actu","9":"tag-actualites","10":"tag-auvergne-rhone-alpes","11":"tag-communes","12":"tag-eu","13":"tag-europe","14":"tag-fr","15":"tag-france","16":"tag-marches-de-noel","17":"tag-news","18":"tag-republique-francaise","19":"tag-saint-etienne","20":"tag-saint-etienne-de-chigny"},"share_on_mastodon":{"url":"https:\/\/pubeurope.com\/@fr\/115685283783360930","error":""},"_links":{"self":[{"href":"https:\/\/www.europesays.com\/fr\/wp-json\/wp\/v2\/posts\/586849","targetHints":{"allow":["GET"]}}],"collection":[{"href":"https:\/\/www.europesays.com\/fr\/wp-json\/wp\/v2\/posts"}],"about":[{"href":"https:\/\/www.europesays.com\/fr\/wp-json\/wp\/v2\/types\/post"}],"author":[{"embeddable":true,"href":"https:\/\/www.europesays.com\/fr\/wp-json\/wp\/v2\/users\/2"}],"replies":[{"embeddable":true,"href":"https:\/\/www.europesays.com\/fr\/wp-json\/wp\/v2\/comments?post=586849"}],"version-history":[{"count":0,"href":"https:\/\/www.europesays.com\/fr\/wp-json\/wp\/v2\/posts\/586849\/revisions"}],"wp:featuredmedia":[{"embeddable":true,"href":"https:\/\/www.europesays.com\/fr\/wp-json\/wp\/v2\/media\/586850"}],"wp:attachment":[{"href":"https:\/\/www.europesays.com\/fr\/wp-json\/wp\/v2\/media?parent=586849"}],"wp:term":[{"taxonomy":"category","embeddable":true,"href":"https:\/\/www.europesays.com\/fr\/wp-json\/wp\/v2\/categories?post=586849"},{"taxonomy":"post_tag","embeddable":true,"href":"https:\/\/www.europesays.com\/fr\/wp-json\/wp\/v2\/tags?post=586849"}],"curies":[{"name":"wp","href":"https:\/\/api.w.org\/{rel}","templated":true}]}}