{"id":586852,"date":"2025-12-08T18:10:21","date_gmt":"2025-12-08T18:10:21","guid":{"rendered":"https:\/\/www.europesays.com\/fr\/586852\/"},"modified":"2025-12-08T18:10:21","modified_gmt":"2025-12-08T18:10:21","slug":"des-centaines-deleves-evacues-dun-etablissement-scolaire-apres-une-alerte-a-la-bombe","status":"publish","type":"post","link":"https:\/\/www.europesays.com\/fr\/586852\/","title":{"rendered":"des centaines d&rsquo;\u00e9l\u00e8ves \u00e9vacu\u00e9s d&rsquo;un \u00e9tablissement scolaire apr\u00e8s une alerte \u00e0 la bombe"},"content":{"rendered":"<p>                    Par<br \/>\n        <strong><br \/>\n            <a href=\"https:\/\/actu.fr\/auteur\/pierre-emile-bouchy-actu-fr\" title=\"Consulter tous les articles de Paul-Emile Bouchy\" target=\"_blank\" rel=\"noopener\">Paul-Emile Bouchy<\/a><br \/>\n                    <\/strong><\/p>\n<p>        Publi\u00e9 le<\/p>\n<p>            8 d\u00e9c. 2025 \u00e0 18h46        <\/p>\n<p>Ce lundi, en fin de matin\u00e9e, des centaines d\u2019\u00e9l\u00e8ves de l\u2019<strong>\u00e9tablissement scolaire Notre-Dame-de-Saint-Sigisbert<\/strong>, situ\u00e9 <strong>cours L\u00e9opold<\/strong> \u00e0 <a href=\"https:\/\/actu.fr\/grand-est\/nancy_54395\" target=\"_blank\" rel=\"noopener\">Nancy<\/a> (Meurthe-et-Moselle), ont \u00e9t\u00e9 \u00e9vacu\u00e9s en raison d\u2019une <strong>alerte \u00e0 la bombe<\/strong>, d\u2019apr\u00e8s une information d\u2019<a href=\"https:\/\/www.francebleu.fr\/infos\/faits-divers-justice\/un-etablissement-scolaire-de-nancy-evacue-apres-un-mail-menacant-6797650\" target=\"_blank\" rel=\"noopener\">Ici Lorraine<\/a> confirm\u00e9e par\u00a0Lorraine Actu.<\/p>\n<p class=\" wall-content\">Sans attendre la lev\u00e9e de doute par la police, la direction a choisi d\u2019<strong>annuler tous les cours pr\u00e9vus lundi apr\u00e8s-midi.<\/strong><\/p>\n<p>Un mail mena\u00e7ant \u00e0 la suite d\u2019un piratage informatique<\/p>\n<p class=\" wall-content\">D\u2019apr\u00e8s le chef d\u2019\u00e9tablissement Nicolas Meyer, <strong>un mail mena\u00e7ant a \u00e9t\u00e9 re\u00e7u apr\u00e8s le piratage du syst\u00e8me EcoleDirecte<\/strong>, qui permet de communiquer avec les parents. Selon nos informations, ce message indiquait vouloir <strong>faire exploser l\u2019\u00e9tablissement<\/strong>.<\/p>\n<p class=\" wall-content\">Vers midi, le b\u00e2timent du cours L\u00e9opold o\u00f9 se trouvent une partie du coll\u00e8ge, le lyc\u00e9e et les classes pr\u00e9paratoires a \u00e9t\u00e9 \u00e9vacu\u00e9. La police a proc\u00e9d\u00e9 \u00e0 une lev\u00e9e de doute qui s\u2019est termin\u00e9e vers 15h.<\/p>\n<p class=\" wall-content\">\u00ab\u2009Le personnel a pu r\u00e9int\u00e9grer l\u2019\u00e9tablissement et les conseils de classe pr\u00e9vus ce lundi soir ont bien lieu. <strong>Les cours reprendront mardi matin<\/strong>\u2009\u00bb, indique M. Meyer.<\/p>\n<p class=\" wall-content\">Personnalisez votre actualit\u00e9 en ajoutant vos villes et m\u00e9dias en favori avec <a href=\"https:\/\/moncompte.actu.fr\" title=\"D\u00e9couvez Mon Actu\" rel=\"nofollow noopener\" data-trk=\"{&quot;cta&quot;:{&quot;action&quot;:&quot;https:\\\/\\\/moncompte.actu.fr&quot;,&quot;category&quot;:&quot;mon compte&quot;,&quot;from&quot;:&quot;article footer&quot;,&quot;name&quot;:&quot;Mon actu&quot;,&quot;type&quot;:&quot;cta&quot;}}\" target=\"_blank\">Mon Actu<\/a>.<\/p>\n","protected":false},"excerpt":{"rendered":"Par Paul-Emile Bouchy Publi\u00e9 le 8 d\u00e9c. 2025 \u00e0 18h46 Ce lundi, en fin de matin\u00e9e, des centaines&hellip;\n","protected":false},"author":2,"featured_media":586853,"comment_status":"","ping_status":"","sticky":false,"template":"","format":"standard","meta":{"footnotes":""},"categories":[9635],"tags":[1111,11,4019,1777,674,118,1011,27,775,1702,12,1072,25],"class_list":{"0":"post-586852","1":"post","2":"type-post","3":"status-publish","4":"format-standard","5":"has-post-thumbnail","7":"category-nancy","8":"tag-actu","9":"tag-actualites","10":"tag-ecoles","11":"tag-eu","12":"tag-europe","13":"tag-faits-divers","14":"tag-fr","15":"tag-france","16":"tag-grand-est","17":"tag-nancy","18":"tag-news","19":"tag-police","20":"tag-republique-francaise"},"share_on_mastodon":{"url":"https:\/\/pubeurope.com\/@fr\/115685295772610905","error":""},"_links":{"self":[{"href":"https:\/\/www.europesays.com\/fr\/wp-json\/wp\/v2\/posts\/586852","targetHints":{"allow":["GET"]}}],"collection":[{"href":"https:\/\/www.europesays.com\/fr\/wp-json\/wp\/v2\/posts"}],"about":[{"href":"https:\/\/www.europesays.com\/fr\/wp-json\/wp\/v2\/types\/post"}],"author":[{"embeddable":true,"href":"https:\/\/www.europesays.com\/fr\/wp-json\/wp\/v2\/users\/2"}],"replies":[{"embeddable":true,"href":"https:\/\/www.europesays.com\/fr\/wp-json\/wp\/v2\/comments?post=586852"}],"version-history":[{"count":0,"href":"https:\/\/www.europesays.com\/fr\/wp-json\/wp\/v2\/posts\/586852\/revisions"}],"wp:featuredmedia":[{"embeddable":true,"href":"https:\/\/www.europesays.com\/fr\/wp-json\/wp\/v2\/media\/586853"}],"wp:attachment":[{"href":"https:\/\/www.europesays.com\/fr\/wp-json\/wp\/v2\/media?parent=586852"}],"wp:term":[{"taxonomy":"category","embeddable":true,"href":"https:\/\/www.europesays.com\/fr\/wp-json\/wp\/v2\/categories?post=586852"},{"taxonomy":"post_tag","embeddable":true,"href":"https:\/\/www.europesays.com\/fr\/wp-json\/wp\/v2\/tags?post=586852"}],"curies":[{"name":"wp","href":"https:\/\/api.w.org\/{rel}","templated":true}]}}