{"id":586862,"date":"2025-12-08T18:17:15","date_gmt":"2025-12-08T18:17:15","guid":{"rendered":"https:\/\/www.europesays.com\/fr\/586862\/"},"modified":"2025-12-08T18:17:15","modified_gmt":"2025-12-08T18:17:15","slug":"rouen-pourquoi-loeuvre-en-hommage-a-gisele-halimi-nest-toujours-pas-installee","status":"publish","type":"post","link":"https:\/\/www.europesays.com\/fr\/586862\/","title":{"rendered":"Rouen. Pourquoi l&rsquo;\u0153uvre en hommage \u00e0 Gis\u00e8le Halimi n&rsquo;est toujours pas install\u00e9e"},"content":{"rendered":"<p>                    Par<br \/>\n        <strong><br \/>\n            <a href=\"https:\/\/actu.fr\/auteur\/julien-bouteiller\" title=\"Consulter tous les articles de Julien Bouteiller\" target=\"_blank\" rel=\"noopener\">Julien Bouteiller<\/a><br \/>\n                    <\/strong><\/p>\n<p>        Publi\u00e9 le<\/p>\n<p>            8 d\u00e9c. 2025 \u00e0 18h32        <\/p>\n<p>Alors que <a href=\"https:\/\/actu.fr\/normandie\/rouen_76540\/lutte-contre-les-discriminations-lgbt-a-rouen-voici-l-oeuvre-qui-sera-installee-dans-le-square-verdrel_62474782.html\" target=\"_blank\" rel=\"noopener\">l\u2019\u0153uvre de m\u00e9moire LGBTQ+<\/a> vient d\u2019\u00eatre inaugur\u00e9e <strong>dans le square Verdrel<\/strong>, un autre am\u00e9nagement se fait attendre \u00e0 <a href=\"https:\/\/actu.fr\/normandie\/rouen_76540\" target=\"_blank\" rel=\"noopener\">Rouen<\/a>. <strong>L\u2019\u0153uvre en hommage \u00e0 Gis\u00e8le Halimi<\/strong>, \u00e0 c\u00f4t\u00e9 du palais de justice, n\u2019est toujours pas install\u00e9e. Elle \u00e9tait pourtant pr\u00e9vue pour fin 2024. On a donc demand\u00e9 les raisons de ce retard\u2026<\/p>\n<p>Pourquoi l\u2019\u0153uvre pour Gis\u00e8le Halimi n\u2019est pas encore l\u00e0<\/p>\n<p class=\" wall-content\">Interrog\u00e9e \u00e0 ce sujet, la mairie explique avoir du \u00ab\u00a0lever un certain nombre <strong>de points techniques et juridiques<\/strong> qui ont amen\u00e9 un report du chantier\u00a0\u00bb.\u00a0<\/p>\n<blockquote class=\"ac-article-quote wall-content\">\n<p>En tenant compte des disponibilit\u00e9s de l\u2019artiste et des d\u00e9lais de commande de pierres, cela conduit \u00e0 des travaux au printemps-\u00e9t\u00e9 2026.<\/p>\n<p>    <strong>Ville de Rouen<\/strong>\n            <\/p><\/blockquote>\n<p class=\" wall-content\">C\u2019est donc avec pr\u00e8s de deux ans de retard que la cr\u00e9ation verra le jour sur la place du Mar\u00e9chal-Foch.\u00a0<\/p>\n<p>Rouen voulait honorer la militante f\u00e9ministe<\/p>\n<p class=\" wall-content\">Pour m\u00e9moire, l\u2019id\u00e9e d\u2019une \u0153uvre rendant hommage \u00e0 l\u2019avocate avait \u00e9merg\u00e9 lors de la pol\u00e9mique (pour ne pas dire le psychodrame) <a href=\"https:\/\/actu.fr\/normandie\/rouen_76540\/la-statue-de-napoleon-restauree-revient-a-rouen-la-fin-d-un-feuilleton_52762930.html\" target=\"_blank\" rel=\"noopener\">autour de la statue de Napol\u00e9on<\/a>. Le maire <strong>Nicolas Mayer-Rossignol<\/strong> avait alors \u00e9voqu\u00e9 l\u2019id\u00e9e d\u2019une figure comme Gis\u00e8le Halimi pour remplacer celle de l\u2019empereur, si les Rouennais souhaitaient voir la statue \u00e9questre d\u00e9plac\u00e9e.<\/p>\n<p class=\" wall-content\">On conna\u00eet la suite : les Rouennais se sont tr\u00e8s majoritairement prononc\u00e9s contre le d\u00e9placement de la statue de Napol\u00e9on. <strong>Mais l\u2019id\u00e9e d\u2019honorer Gis\u00e8le Halimi est rest\u00e9e.<\/strong><\/p>\n<p>Qui \u00e9tait Gis\u00e8le Halimi ?<\/p>\n<p>Gis\u00e8le Halimi \u00e9tait une avocate, grande militante f\u00e9ministe, qui a souvent plaid\u00e9 pour les droits des femmes. L&rsquo;un de ses grands faits d&rsquo;arme est le proc\u00e8s de Bobigny, qui a grandement fait avancer la cause du droit \u00e0 l&rsquo;IVG (Interruption Volontaire de Grossesse). Elle est d&rsquo;ailleurs l&rsquo;une des femmes \u00e0 avoir sign\u00e9 le fameux Manifeste des 343.<br \/>Son travail lors d&rsquo;un proc\u00e8s pour viol collectif a \u00e9galement permis des \u00e9volutions sur la d\u00e9finition du viol comme un crime dans le droit fran\u00e7ais.<br \/>Elle s&rsquo;est aussi engag\u00e9e contre les violences, notamment les tortures durant la guerre d&rsquo;Alg\u00e9rie. N\u00e9e en 1927, elle est d\u00e9c\u00e9d\u00e9e en 2020.<\/p>\n<p>Votre r\u00e9gion, votre actu !<\/p>\n<p>Recevez chaque jour les infos qui comptent pour vous.<\/p>\n<p>\t<a href=\"https:\/\/actu.fr\/newsletter\" class=\"ac-btn ac-btn--corner ac-btn--medium ac-btn--blue800\" target=\"_blank\" rel=\"noopener\">S&rsquo;incrire<\/a><\/p>\n<p class=\" wall-content\">D\u2019abord, la station de tramway du palais de Justice a \u00e9t\u00e9 <a href=\"https:\/\/actu.fr\/normandie\/rouen_76540\/l-image-a-rouen-la-station-de-metro-palais-de-justice-a-change-de-nom_53399897.html\" target=\"_blank\" rel=\"noopener\">renomm\u00e9e \u00ab\u00a0Palais de Justice \u2013 Gis\u00e8le Halimi\u00a0\u00bb<\/a>. Puis la municipalit\u00e9 a propos\u00e9 de faire r\u00e9aliser une \u0153uvre contemporaine sur la place Foch, afin de compl\u00e9ter l\u2019hommage.<\/p>\n<p class=\" wall-content\">Quatre projets ont \u00e9t\u00e9 soumis au vote des habitants. Ils ont opt\u00e9 pour la proposition de Marianne Mispela\u00ebre. L\u2019artiste proposait un pavage <strong>en pierres grav\u00e9es des noms de clients<\/strong> d\u00e9fendus par Gis\u00e8le Halimi.<\/p>\n<p class=\" wall-content\">Il faudra donc \u00eatre encore un peu patient avant de la d\u00e9couvrir\u2026<\/p>\n<p>Suivez l\u2019actualit\u00e9 de Rouen <a href=\"https:\/\/www.whatsapp.com\/channel\/0029VaKfnf99hXF2ddApFB1D\" target=\"_blank\" rel=\"noopener\">sur notre cha\u00eene WhatsApp<\/a> et <a href=\"https:\/\/www.tiktok.com\/@76actu.fr?lang=fr\" target=\"_blank\" rel=\"noopener\">sur notre compte TikTok<\/a><\/p>\n<p class=\" wall-content\">Personnalisez votre actualit\u00e9 en ajoutant vos villes et m\u00e9dias en favori avec <a href=\"https:\/\/moncompte.actu.fr\" title=\"D\u00e9couvez Mon Actu\" rel=\"nofollow noopener\" data-trk=\"{&quot;cta&quot;:{&quot;action&quot;:&quot;https:\\\/\\\/moncompte.actu.fr&quot;,&quot;category&quot;:&quot;mon compte&quot;,&quot;from&quot;:&quot;article footer&quot;,&quot;name&quot;:&quot;Mon actu&quot;,&quot;type&quot;:&quot;cta&quot;}}\" target=\"_blank\">Mon Actu<\/a>.<\/p>\n<p>                    <script async src=\"\/\/www.tiktok.com\/embed.js\"><\/script><\/p>\n","protected":false},"excerpt":{"rendered":"Par Julien Bouteiller Publi\u00e9 le 8 d\u00e9c. 2025 \u00e0 18h32 Alors que l\u2019\u0153uvre de m\u00e9moire LGBTQ+ vient d\u2019\u00eatre&hellip;\n","protected":false},"author":2,"featured_media":586863,"comment_status":"","ping_status":"","sticky":false,"template":"","format":"standard","meta":{"footnotes":""},"categories":[9587],"tags":[1111,11,6121,1777,674,1011,27,7085,12,5161,25,9590,104,13682],"class_list":{"0":"post-586862","1":"post","2":"type-post","3":"status-publish","4":"format-standard","5":"has-post-thumbnail","7":"category-rouen","8":"tag-actu","9":"tag-actualites","10":"tag-droits-des-femmes","11":"tag-eu","12":"tag-europe","13":"tag-fr","14":"tag-france","15":"tag-ivg","16":"tag-news","17":"tag-normandie","18":"tag-republique-francaise","19":"tag-rouen","20":"tag-societe","21":"tag-tribunal-de-rouen"},"share_on_mastodon":{"url":"https:\/\/pubeurope.com\/@fr\/115685323182202547","error":""},"_links":{"self":[{"href":"https:\/\/www.europesays.com\/fr\/wp-json\/wp\/v2\/posts\/586862","targetHints":{"allow":["GET"]}}],"collection":[{"href":"https:\/\/www.europesays.com\/fr\/wp-json\/wp\/v2\/posts"}],"about":[{"href":"https:\/\/www.europesays.com\/fr\/wp-json\/wp\/v2\/types\/post"}],"author":[{"embeddable":true,"href":"https:\/\/www.europesays.com\/fr\/wp-json\/wp\/v2\/users\/2"}],"replies":[{"embeddable":true,"href":"https:\/\/www.europesays.com\/fr\/wp-json\/wp\/v2\/comments?post=586862"}],"version-history":[{"count":0,"href":"https:\/\/www.europesays.com\/fr\/wp-json\/wp\/v2\/posts\/586862\/revisions"}],"wp:featuredmedia":[{"embeddable":true,"href":"https:\/\/www.europesays.com\/fr\/wp-json\/wp\/v2\/media\/586863"}],"wp:attachment":[{"href":"https:\/\/www.europesays.com\/fr\/wp-json\/wp\/v2\/media?parent=586862"}],"wp:term":[{"taxonomy":"category","embeddable":true,"href":"https:\/\/www.europesays.com\/fr\/wp-json\/wp\/v2\/categories?post=586862"},{"taxonomy":"post_tag","embeddable":true,"href":"https:\/\/www.europesays.com\/fr\/wp-json\/wp\/v2\/tags?post=586862"}],"curies":[{"name":"wp","href":"https:\/\/api.w.org\/{rel}","templated":true}]}}