{"id":586868,"date":"2025-12-08T18:23:19","date_gmt":"2025-12-08T18:23:19","guid":{"rendered":"https:\/\/www.europesays.com\/fr\/586868\/"},"modified":"2025-12-08T18:23:19","modified_gmt":"2025-12-08T18:23:19","slug":"les-habitants-saint-gregoire-pres-de-rennes-sameliorent-sur-le-tri-des-dechets","status":"publish","type":"post","link":"https:\/\/www.europesays.com\/fr\/586868\/","title":{"rendered":"Les habitants Saint-Gr\u00e9goire, pr\u00e8s de Rennes, s\u2019am\u00e9liorent sur le tri des d\u00e9chets"},"content":{"rendered":"<p>Comme chaque ann\u00e9e, la municipalit\u00e9 de Saint-Gr\u00e9goire prend connaissance du rapport de Rennes m\u00e9tropole sur la gestion des d\u00e9chets. Une bonne nouvelle pour les Gr\u00e9goriens\u00a0: la part des ordures m\u00e9nag\u00e8res produites par an et par habitant atteint les 184\u00a0kg, soit 13\u00a0de moins qu\u2019en 2023 et 18\u00a0de moins qu\u2019en 2022. Et cette part a baiss\u00e9 plus vite que la moyenne nationale, qui passe, elle, de 170 \u00e0 165\u00a0kg d\u2019ordures m\u00e9nag\u00e8res en 2024.<\/p>\n<p>Depuis plusieurs ann\u00e9es, Saint-Gr\u00e9goire se classait dans la derni\u00e8re partie du tableau recensant les 43\u00a0communes de Rennes m\u00e9tropole. <a href=\"https:\/\/rennes.maville.com\/bretagne\/ille-et-vilaine\/saint-gregoire\/saint-gregoire-dechets-il-va-falloir-que-les-gregoriens-s-ameliorent-3cefa016-6e60-11ed-a8d3-bfd142f24408\" target=\"_self\" rel=\"noopener\">En 2019, les habitants de Saint-Gr\u00e9goire produisaient 210\u00a0kg d\u2019ordures m\u00e9nag\u00e8res. <\/a>Un progr\u00e8s notable, donc, mais les habitants n\u2019ont pas encore atteint le haut du palmar\u00e8s\u00a0: ils produisent pr\u00e8s de 20\u00a0kg de plus que la moyenne de la m\u00e9tropole rennaise.<\/p>\n<p>Emballages, journaux, verre\u2026<\/p>\n<p>En parall\u00e8le, les emballages et journaux allant au recyclage ont augment\u00e9 de 2\u00a0kg, pour atteindre 49\u00a0kg par an et par habitant en 2024. La moyenne de la m\u00e9tropole se situe \u00e0 51\u00a0kg pour cette m\u00eame ann\u00e9e. Le tableau de l\u2019\u00e9volution de la masse des principaux d\u00e9chets indique aussi une stabilit\u00e9 au niveau du verre, mais une augmentation de la part des d\u00e9chets alimentaire, qui passe de 4 \u00e0 6\u00a0kg par habitant l\u2019an pass\u00e9. \u00c0 titre de comparaison, la commune de Cesson-S\u00e9vign\u00e9 atteint les 12\u00a0kg et celle de Betton les 4\u00a0kg par habitant.<\/p>\n<p>35\u00a0tonnes de coupe de pelouse<\/p>\n<p>Lors du conseil municipal du 3\u00a0novembre, la majorit\u00e9 a choisi de ne pas s\u2019\u00e9tendre sur ce tableau, o\u00f9 sont pr\u00e9cis\u00e9es les donn\u00e9es commune par commune. \u00a0On m\u00e9lange les d\u00e9chets professionnels et les d\u00e9chets m\u00e9nagers, \u00e7a ne favorise pas notre commune\u00a0, a regrett\u00e9 Jean-Yves Guyot, adjoint aux affaires m\u00e9tropolitaines, qui \u00a0propose une autre lecture\u00a0.<\/p>\n<p>L\u2019\u00e9lu fait un focus sur les d\u00e9chets verts et met en avant <a href=\"https:\/\/rennes.maville.com\/bretagne\/ille-et-vilaine\/saint-gregoire\/succes-du-ramassage-de-tontes-de-pelouse-par-la-ville-de-saint-gregoire-4e245a9c-6e69-11ef-86dd-614ac4f33f5a#:~:text=Ce%20service%20est%20propos%C3%A9%20par,de%20Saint%2DGr%C3%A9goire%20aux%20habitants.&amp;text=Depuis%20quelques%20mois%2C%20la%20ville,Rennes%20m%C3%A9tropole%20depuis%20janvier%202024.\" target=\"_self\" rel=\"noopener\">la collecte de tontes mise en place \u00e0 Saint-Gr\u00e9goire<\/a> depuis plus d\u2019un an. \u00c0 ce jour, ce sont 35\u00a0tonnes de coupe de pelouse que la commune a collect\u00e9e \u00e0 ses frais. La soci\u00e9t\u00e9 Netra, du groupe Veolia, est en charge de la collecte. \u00a0Ces d\u00e9chets vont dans une entreprise de m\u00e9thanisation \u00e0 Liffr\u00e9\u00a0, conclut Jean-Yves Guyot. La ville a d\u00e9cid\u00e9 de p\u00e9renniser ce nouveau service r\u00e9serv\u00e9 aux habitants.<\/p>\n<p>\u00a0<\/p>\n","protected":false},"excerpt":{"rendered":"Comme chaque ann\u00e9e, la municipalit\u00e9 de Saint-Gr\u00e9goire prend connaissance du rapport de Rennes m\u00e9tropole sur la gestion des&hellip;\n","protected":false},"author":2,"featured_media":586869,"comment_status":"","ping_status":"","sticky":false,"template":"","format":"standard","meta":{"footnotes":""},"categories":[2821],"tags":[1111,11,20434,829,3008,1777,674,1011,27,4021,12,3762,3086,584,25,5372,25019],"class_list":{"0":"post-586868","1":"post","2":"type-post","3":"status-publish","4":"format-standard","5":"has-post-thumbnail","7":"category-rennes","8":"tag-actu","9":"tag-actualites","10":"tag-ameliorent","11":"tag-bretagne","12":"tag-dechets","13":"tag-eu","14":"tag-europe","15":"tag-fr","16":"tag-france","17":"tag-habitants","18":"tag-news","19":"tag-pres","20":"tag-redon","21":"tag-rennes","22":"tag-republique-francaise","23":"tag-saint-gregoire","24":"tag-tri"},"share_on_mastodon":{"url":"https:\/\/pubeurope.com\/@fr\/115685346965628529","error":""},"_links":{"self":[{"href":"https:\/\/www.europesays.com\/fr\/wp-json\/wp\/v2\/posts\/586868","targetHints":{"allow":["GET"]}}],"collection":[{"href":"https:\/\/www.europesays.com\/fr\/wp-json\/wp\/v2\/posts"}],"about":[{"href":"https:\/\/www.europesays.com\/fr\/wp-json\/wp\/v2\/types\/post"}],"author":[{"embeddable":true,"href":"https:\/\/www.europesays.com\/fr\/wp-json\/wp\/v2\/users\/2"}],"replies":[{"embeddable":true,"href":"https:\/\/www.europesays.com\/fr\/wp-json\/wp\/v2\/comments?post=586868"}],"version-history":[{"count":0,"href":"https:\/\/www.europesays.com\/fr\/wp-json\/wp\/v2\/posts\/586868\/revisions"}],"wp:featuredmedia":[{"embeddable":true,"href":"https:\/\/www.europesays.com\/fr\/wp-json\/wp\/v2\/media\/586869"}],"wp:attachment":[{"href":"https:\/\/www.europesays.com\/fr\/wp-json\/wp\/v2\/media?parent=586868"}],"wp:term":[{"taxonomy":"category","embeddable":true,"href":"https:\/\/www.europesays.com\/fr\/wp-json\/wp\/v2\/categories?post=586868"},{"taxonomy":"post_tag","embeddable":true,"href":"https:\/\/www.europesays.com\/fr\/wp-json\/wp\/v2\/tags?post=586868"}],"curies":[{"name":"wp","href":"https:\/\/api.w.org\/{rel}","templated":true}]}}