{"id":586870,"date":"2025-12-08T18:24:16","date_gmt":"2025-12-08T18:24:16","guid":{"rendered":"https:\/\/www.europesays.com\/fr\/586870\/"},"modified":"2025-12-08T18:24:16","modified_gmt":"2025-12-08T18:24:16","slug":"une-execution-pure-et-simple-un-nouveau-cap-a-t-il-ete-franchi-dans-la-violence-liee-au-narcotrafic-a-rennes","status":"publish","type":"post","link":"https:\/\/www.europesays.com\/fr\/586870\/","title":{"rendered":"\u00ab\u00a0Une ex\u00e9cution pure et simple\u00a0\u00bb\u00a0: un nouveau cap a-t-il \u00e9t\u00e9 franchi dans la violence li\u00e9e au narcotrafic \u00e0 Rennes\u00a0?"},"content":{"rendered":"<p>Un v\u00e9ritable carnage. Dans la nuit du samedi 6 au dimanche 7 d\u00e9cembre, un dealer de 25 ans a \u00e9t\u00e9 froidement abattu dans le quartier du Blosne sur un parking a\u00e9rien situ\u00e9 au 2 all\u00e9e de Lucerne.<\/p>\n<p>Une dizaine de douilles retrouv\u00e9es sur place<\/p>\n<p>Connue des services de police pour des faits li\u00e9s au trafic de stup\u00e9fiants, la victime a \u00e9t\u00e9 retrouv\u00e9e cribl\u00e9e de balles au volant de son v\u00e9hicule. \u00ab Il y avait du sang partout \u00bb, nous a confi\u00e9s un t\u00e9moin, choqu\u00e9 par l\u2019extr\u00eame violence de la sc\u00e8ne. Sur place, les enqu\u00eateurs ont r\u00e9cup\u00e9r\u00e9 une dizaine de douilles.<\/p>\n<p>\u00ab Ce n\u2019est pas un mort, c\u2019est une ex\u00e9cution pure et simple \u00bb, analyse David Leveau, syndicaliste SGP Police FO. Pour lui, ce meurtre marque un tournant dans les affrontements entre trafiquants de drogue \u00e0 Rennes. Cet \u00e9v\u00e9nement survient alors m\u00eame que le quartier de Villejean, au nord de la ville, a \u00e9t\u00e9 le th\u00e9\u00e2tre de deux fusillades, \u00e9galement li\u00e9es au trafic de stup\u00e9fiants, durant le week-end. \u00c0 ce stade, aucun \u00e9l\u00e9ment ne permet toutefois de relier ces s\u00e9ries de coups de feu \u00e0 l\u2019ex\u00e9cution du Blosne.<\/p>\n<p>\u00ab Des individus qui s\u2019en foutent \u00bb<\/p>\n<p>Ces incidents s\u2019inscrivent n\u00e9anmoins dans un contexte d\u2019explosion de la violence des gangs de narcotrafiquants. \u00ab On fait face \u00e0 des individus qui sont tr\u00e8s jeunes et qui s\u2019en foutent \u00bb, poursuit David Leveau. \u00ab Ils tirent dans le tas et sont pr\u00eats \u00e0 tuer n\u2019importe qui parce qu\u2019ils n\u2019ont plus aucun rep\u00e8re. Ils sont dans une autre r\u00e9alit\u00e9 \u00bb.<\/p>\n<p>Ces violences qui concernent majoritairement les plus juteux points de deal r\u00e9partis dans les diff\u00e9rents quartiers populaires de la ville impactent tr\u00e8s fortement le quotidien des habitants. \u00ab Les gens modestes sont les premi\u00e8res victimes \u00bb, a rappel\u00e9 ce lundi 8 d\u00e9cembre le nouveau pr\u00e9fet de Bretagne Franck Robin qui a longtemps \u00e9voqu\u00e9 la lutte contre le narcotrafic \u00e0 Rennes. Ce dernier s\u2019est voulu r\u00e9solument optimiste en affirmant que \u00ab le combat n\u2019est pas perdu \u00bb.<\/p>\n<p>La t\u00e2che s\u2019annonce pourtant ardue. Sur les 15 derniers mois, huit personnes ont \u00e9t\u00e9 tu\u00e9es \u00e0 Rennes dans des affaires li\u00e9es au trafic de stup\u00e9fiants. Les \u00e9pisodes de tirs se sont banalis\u00e9s et n\u2019ont \u00e9pargn\u00e9 aucun quartier. Plus d\u2019incidents de ce type ont \u00e9t\u00e9 recens\u00e9s depuis l\u2019ann\u00e9e derni\u00e8re.<\/p>\n<p>Tous les quartiers concern\u00e9s<\/p>\n<p>Au Blosne, <a href=\"https:\/\/www.letelegramme.fr\/ille-et-vilaine\/rennes-35000\/fusillade-au-blosne-si-on-me-propose-un-autre-logement-je-pars-sans-hesitation-6544920.php\" target=\"_blank\" rel=\"noopener\">la terrible fusillade<\/a> de plus d\u2019une heure qui s\u2019\u00e9tait d\u00e9roul\u00e9e dans la nuit du 9 au 10 mars 2024 est encore dans toutes les m\u00e9moires. Vers 2he du matin, une dizaine d\u2019hommes encagoul\u00e9s, portant d\u2019\u00e9pais gilets pare-balles et arm\u00e9s d\u2019au moins trois fusils d\u2019assaut, de type kalachnikov, et de plusieurs armes de poing, avaient men\u00e9 une exp\u00e9dition punitive pour reprendre le point de deal du \u00ab 4 Banat \u00bb. Si depuis, le quartier avait retrouv\u00e9 un semblant de calme, le meurtre de ce week-end vient briser cette apparente tranquillit\u00e9.<\/p>\n<p>Du c\u00f4t\u00e9 de Maurepas, apr\u00e8s une ann\u00e9e 2024, marqu\u00e9e par une dizaine de fusillades opposant deux bandes rivales &#8211; <a href=\"https:\/\/www.letelegramme.fr\/ille-et-vilaine\/rennes-35000\/chef-dun-point-de-deal-a-16-ans-qui-est-le-tireur-qui-avait-grievement-blesse-un-enfant-de-5-ans-pres-de-rennes-lannee-derniere-6925910.php\" target=\"_blank\" rel=\"noopener\">dont l\u2019une ayant laiss\u00e9 un enfant de 5 ans handicap\u00e9 \u00e0 vie<\/a> &#8211; le quartier a subi de nouvelles turbulences. Au c\u0153ur de l\u2019\u00e9t\u00e9, un homme a \u00e9t\u00e9 mortellement bless\u00e9 au couteau pr\u00e8s du point de deal du Gros Ch\u00eane. Plus r\u00e9cemment, dans la nuit du lundi 29 au mardi 30 septembre, un immeuble situ\u00e9 au 6, all\u00e9e de Brno <a href=\"https:\/\/www.letelegramme.fr\/ille-et-vilaine\/rennes-35000\/nouvelle-fusillade-en-pleine-nuit-a-rennes-un-immeuble-vise-par-une-dizaine-de-coups-de-feu-6900370.php\" target=\"_blank\" rel=\"noopener\">a \u00e9t\u00e9 cribl\u00e9 de balles dans ce qui s\u2019apparentait sans surprise \u00e0 un r\u00e8glement de comptes entre trafiquants<\/a>.<\/p>\n<p>Enfin, le quartier de Villejean est celui qui a \u00e9t\u00e9 le plus violemment secou\u00e9 par les violences li\u00e9es au trafic de drogue cette ann\u00e9e. Convoit\u00e9 par <a href=\"https:\/\/www.letelegramme.fr\/bretagne\/fusillades-dans-le-quartier-de-villejean-a-rennes-quatre-membres-du-clan-yoda-interpelles-a-marseille-6908577.php\" target=\"_blank\" rel=\"noopener\">le clan Yoda<\/a>, une puissante organisation de narcotrafiquants marseillais, le secteur a concentr\u00e9 \u00e0 lui seul plus de sept \u00e9pisodes de tirs cette ann\u00e9e. L\u2019un d\u2019eux avait d\u2019ailleurs choqu\u00e9 la France enti\u00e8re <a href=\"https:\/\/www.letelegramme.fr\/ille-et-vilaine\/rennes-35000\/fusillade-dans-un-subway-a-rennes-la-video-glacante-de-la-fuite-des-tireurs-6801169.php\" target=\"_blank\" rel=\"noopener\">lorsqu\u2019un commando avait fait irruption, en plein jour, dans le restaurant Subway de la dalle Kennedy<\/a>, ouvrant le feu sur des dealers locaux et manquant de toucher des \u00e9lus, dont Charles Compagnon, candidat aux municipales pour la droite et le centre.<\/p>\n<p>Un peu plus t\u00f4t dans l\u2019ann\u00e9e, un autre \u00e9pisode avait \u00e9t\u00e9 particuli\u00e8rement traumatisant : une fusillade \u00e0 proximit\u00e9 des nombreux commerces en d\u00e9but de soir\u00e9e, \u00e0 l\u2019heure o\u00f9 de nombreux habitants \u00e9taient toujours pr\u00e9sents dans les rues. Au moins 24 coups de feu avaient \u00e9t\u00e9 tir\u00e9s \u00e0 cette occasion. Victime collat\u00e9rale, <a href=\"https:\/\/www.letelegramme.fr\/ille-et-vilaine\/rennes-35000\/je-faisais-juste-un-tour-du-quartier-victime-collaterale-dune-fusillade-a-rennes-le-miracule-temoigne-6762357.php\" target=\"_blank\" rel=\"noopener\">un habitant du quartier, \u00e2g\u00e9 de 53 ans, avait \u00e9t\u00e9 gri\u00e8vement bless\u00e9 \u00e0 la main et au thorax<\/a>. Il avait surv\u00e9cu apr\u00e8s avoir pass\u00e9 quatre jours en soins intensifs.<\/p>\n","protected":false},"excerpt":{"rendered":"Un v\u00e9ritable carnage. Dans la nuit du samedi 6 au dimanche 7 d\u00e9cembre, un dealer de 25 ans&hellip;\n","protected":false},"author":2,"featured_media":586871,"comment_status":"","ping_status":"","sticky":false,"template":"","format":"standard","meta":{"footnotes":""},"categories":[2821],"tags":[1111,11,829,1777,674,3383,1011,27,848,12,584,25],"class_list":{"0":"post-586870","1":"post","2":"type-post","3":"status-publish","4":"format-standard","5":"has-post-thumbnail","7":"category-rennes","8":"tag-actu","9":"tag-actualites","10":"tag-bretagne","11":"tag-eu","12":"tag-europe","13":"tag-faits-divers-a-rennes","14":"tag-fr","15":"tag-france","16":"tag-ille-et-vilaine","17":"tag-news","18":"tag-rennes","19":"tag-republique-francaise"},"share_on_mastodon":{"url":"https:\/\/pubeurope.com\/@fr\/115685350774902349","error":""},"_links":{"self":[{"href":"https:\/\/www.europesays.com\/fr\/wp-json\/wp\/v2\/posts\/586870","targetHints":{"allow":["GET"]}}],"collection":[{"href":"https:\/\/www.europesays.com\/fr\/wp-json\/wp\/v2\/posts"}],"about":[{"href":"https:\/\/www.europesays.com\/fr\/wp-json\/wp\/v2\/types\/post"}],"author":[{"embeddable":true,"href":"https:\/\/www.europesays.com\/fr\/wp-json\/wp\/v2\/users\/2"}],"replies":[{"embeddable":true,"href":"https:\/\/www.europesays.com\/fr\/wp-json\/wp\/v2\/comments?post=586870"}],"version-history":[{"count":0,"href":"https:\/\/www.europesays.com\/fr\/wp-json\/wp\/v2\/posts\/586870\/revisions"}],"wp:featuredmedia":[{"embeddable":true,"href":"https:\/\/www.europesays.com\/fr\/wp-json\/wp\/v2\/media\/586871"}],"wp:attachment":[{"href":"https:\/\/www.europesays.com\/fr\/wp-json\/wp\/v2\/media?parent=586870"}],"wp:term":[{"taxonomy":"category","embeddable":true,"href":"https:\/\/www.europesays.com\/fr\/wp-json\/wp\/v2\/categories?post=586870"},{"taxonomy":"post_tag","embeddable":true,"href":"https:\/\/www.europesays.com\/fr\/wp-json\/wp\/v2\/tags?post=586870"}],"curies":[{"name":"wp","href":"https:\/\/api.w.org\/{rel}","templated":true}]}}