{"id":586874,"date":"2025-12-08T18:26:14","date_gmt":"2025-12-08T18:26:14","guid":{"rendered":"https:\/\/www.europesays.com\/fr\/586874\/"},"modified":"2025-12-08T18:26:14","modified_gmt":"2025-12-08T18:26:14","slug":"budget-primitif-ou-meetings-de-campagne-on-ne-sait-plus-bien","status":"publish","type":"post","link":"https:\/\/www.europesays.com\/fr\/586874\/","title":{"rendered":"budget primitif ou meetings de campagne, on ne sait plus bien"},"content":{"rendered":"<p>Une opposition se reconna\u00eet au fait qu\u2019elle ne vote pas (sauf exception baroque, apparemment en cours au niveau national) le budget de la majorit\u00e9. Cette r\u00e8gle s\u2019est v\u00e9rifi\u00e9e ce lundi 8\u00a0d\u00e9cembre matin dans l\u2019h\u00e9micycle strasbourgeois. O\u00f9 les accents outr\u00e9s sur la \u00ab\u00a0dette qui explose\u00a0\u00bb ont \u00e9t\u00e9 agr\u00e9ment\u00e9s de promesses futures de plus de rigueur de la part des t\u00eates de listes LR, Horizons et socialiste. O\u00f9 la pr\u00e9sentation des \u00e9l\u00e9ments financiers pour 2026 s\u2019est par\u00e9e d\u2019\u00e9l\u00e9ments bilanciels pour tout le mandat du c\u00f4t\u00e9 de la majorit\u00e9.<\/p>\n<p>\u00ab\u00a0\u00c0 Strasbourg, notre boussole est claire\u00a0\u00bb, a d\u00e9marr\u00e9 la maire <a href=\"https:\/\/www.dna.fr\/p\/jeanne-barseghian\" target=\"_blank\" rel=\"noopener\">Jeanne Barseghian<\/a>. \u00ab\u00a0Nous voulons transformer la Ville, la rendre plus juste et plus vivable\u00a0\u00bb. Et d\u2019\u00e9grainer les r\u00e9alisations. Le <a href=\"https:\/\/www.dna.fr\/economie\/2025\/11\/15\/avec-les-premiers-passagers-du-nouveau-tram-ouest\" target=\"_blank\" rel=\"noopener\">tram ouest<\/a> , les \u00e9quipements cyclables structurants comme le Ring, l\u2019extension de la Laiterie, la&#8230;<\/p>\n","protected":false},"excerpt":{"rendered":"Une opposition se reconna\u00eet au fait qu\u2019elle ne vote pas (sauf exception baroque, apparemment en cours au niveau&hellip;\n","protected":false},"author":2,"featured_media":586875,"comment_status":"","ping_status":"","sticky":false,"template":"","format":"standard","meta":{"footnotes":""},"categories":[2820],"tags":[1111,11,1984,2880,1777,674,107,1011,27,775,3539,6319,12,3541,316,25,640,2879],"class_list":{"0":"post-586874","1":"post","2":"type-post","3":"status-publish","4":"format-standard","5":"has-post-thumbnail","7":"category-strasbourg","8":"tag-actu","9":"tag-actualites","10":"tag-conseil-municipal","11":"tag-edition-strasbourg","12":"tag-eu","13":"tag-europe","14":"tag-fil-info","15":"tag-fr","16":"tag-france","17":"tag-grand-est","18":"tag-les-ecologistes","19":"tag-les-republicains","20":"tag-news","21":"tag-parti-socialiste","22":"tag-politique","23":"tag-republique-francaise","24":"tag-strasbourg","25":"tag-strasbourg-ville"},"share_on_mastodon":{"url":"https:\/\/pubeurope.com\/@fr\/115685358637127529","error":""},"_links":{"self":[{"href":"https:\/\/www.europesays.com\/fr\/wp-json\/wp\/v2\/posts\/586874","targetHints":{"allow":["GET"]}}],"collection":[{"href":"https:\/\/www.europesays.com\/fr\/wp-json\/wp\/v2\/posts"}],"about":[{"href":"https:\/\/www.europesays.com\/fr\/wp-json\/wp\/v2\/types\/post"}],"author":[{"embeddable":true,"href":"https:\/\/www.europesays.com\/fr\/wp-json\/wp\/v2\/users\/2"}],"replies":[{"embeddable":true,"href":"https:\/\/www.europesays.com\/fr\/wp-json\/wp\/v2\/comments?post=586874"}],"version-history":[{"count":0,"href":"https:\/\/www.europesays.com\/fr\/wp-json\/wp\/v2\/posts\/586874\/revisions"}],"wp:featuredmedia":[{"embeddable":true,"href":"https:\/\/www.europesays.com\/fr\/wp-json\/wp\/v2\/media\/586875"}],"wp:attachment":[{"href":"https:\/\/www.europesays.com\/fr\/wp-json\/wp\/v2\/media?parent=586874"}],"wp:term":[{"taxonomy":"category","embeddable":true,"href":"https:\/\/www.europesays.com\/fr\/wp-json\/wp\/v2\/categories?post=586874"},{"taxonomy":"post_tag","embeddable":true,"href":"https:\/\/www.europesays.com\/fr\/wp-json\/wp\/v2\/tags?post=586874"}],"curies":[{"name":"wp","href":"https:\/\/api.w.org\/{rel}","templated":true}]}}