{"id":586878,"date":"2025-12-08T18:28:13","date_gmt":"2025-12-08T18:28:13","guid":{"rendered":"https:\/\/www.europesays.com\/fr\/586878\/"},"modified":"2025-12-08T18:28:13","modified_gmt":"2025-12-08T18:28:13","slug":"apres-les-incidents-avec-les-supporters-les-arrets-de-travail-des-nicois-moffi-et-boga-prolonges","status":"publish","type":"post","link":"https:\/\/www.europesays.com\/fr\/586878\/","title":{"rendered":"Apr\u00e8s les incidents avec les supporters, les arr\u00eats de travail des Ni\u00e7ois Moffi et Boga prolong\u00e9s"},"content":{"rendered":"<p>\n    En arr\u00eat de travail depuis une semaine apr\u00e8s les incidents survenus entre les supporters et les joueurs ni\u00e7ois, Terem Moffi et J\u00e9r\u00e9mie Boga ont vu leurs arr\u00eats de travail prolong\u00e9s.<\/p>\n<p class=\"fig-paragraph\">La crise continue \u00e0 Nice. Une semaine apr\u00e8s<a href=\"http:\/\/www.lefigaro.fr\/sports\/football\/ligue-1\/ligue-1-l-ogc-nice-va-deposer-une-plainte-contre-x-apres-les-graves-incidents-20251202\" target=\"_blank\" data-fig-type=\"NewsFlash\" rel=\"noopener\" data-gtm-custom-categorie=\"navigation\" data-gtm-custom-action=\"crossclick\" data-gtm-custom-label=\"Contextuel\" data-gtm-event=\"customEventSPE\" data-fig-domain=\"LEFIGARO\">\u00a0les incidents survenus entre supporters et joueurs ni\u00e7ois<\/a>, o\u00f9 certains s\u2019en sont pris \u00e0 l\u2019effectif ni\u00e7ois en les frappant \u00e0 l\u2019entra\u00eenement, deux joueurs,\u00a0<a href=\"http:\/\/www.lefigaro.fr\/sports\/football\/ligue-1\/ligue-1-terem-moffi-et-jeremie-boga-ne-veulent-plus-jouer-pour-nice-apres-leur-agression-20251202\" target=\"_blank\" data-fig-type=\"NewsFlash\" rel=\"noopener\" data-gtm-custom-categorie=\"navigation\" data-gtm-custom-action=\"crossclick\" data-gtm-custom-label=\"Contextuel\" data-gtm-event=\"customEventSPE\" data-fig-domain=\"LEFIGARO\">Terem Moffi et J\u00e9r\u00e9mie Boga<\/a>, sont toujours en arr\u00eat de travail.<\/p>\n<p class=\"fig-paragraph\">Selon\u00a0<a href=\"https:\/\/rmcsport.bfmtv.com\/football\/clubs\/ogc-nice\/crise-a-nice-les-arrets-de-travail-de-moffi-et-boga-ont-ete-prolonges-apres-les-incidents-avec-les-supporters_AV-202512080735.html\" target=\"_blank\" rel=\"sponsored noopener\" data-gtm-custom-categorie=\"navigation\" data-gtm-custom-action=\"crossclick\" data-gtm-custom-label=\"Contextuel\" data-gtm-event=\"customEventSPE\">RMC Sport<\/a>, les deux attaquants des Aiglons ont vu leurs arr\u00eats de travail prolong\u00e9s de plusieurs jours. Initialement en arr\u00eat jusqu\u2019au dimanche 7 d\u00e9cembre, Terem Moffi a vu son arr\u00eat \u00eatre rallong\u00e9 de cinq jours. Pour J\u00e9r\u00e9mie Boga, ce serait sept jours suppl\u00e9mentaires. Pour rappel, une enqu\u00eate a \u00e9t\u00e9 ouverte par le procureur de la R\u00e9publique de Nice pour \u00abviolences aggrav\u00e9es\u00bb.<\/p>\n<p>                                            <a class=\"fig-a11y-skip\" href=\"#fig-a11y-skip-main-inarticle\" data-module=\"a11y-skip\" data-context=\"was @visible\"><br \/>\n    Passer la publicit\u00e9<br \/>\n<\/a>            <\/p>\n<p class=\"fig-paragraph\">Reste \u00e0 savoir si l\u2019on reverra un jour le Nig\u00e9rian et l\u2019Ivoirien sous le maillot ni\u00e7ois, eux qui ne veulent plus le porter. Pour les soutenir, leurs co\u00e9quipiers avaient d\u00e9barqu\u00e9 sur la pelouse de l\u2019Allianz Riviera avec des maillots floqu\u00e9s \u00e0 leurs noms. Cela n\u2019avait pas emp\u00each\u00e9 les hommes de\u00a0<a href=\"http:\/\/www.lefigaro.fr\/sports\/football\/ligue-1\/ligue-1-avec-une-grande-partie-de-votre-public-contre-vous-c-est-encore-plus-complique-soupire-franck-haise-apres-la-nouvelle-defaite-de-nice-20251207\" target=\"_blank\" data-fig-type=\"NewsFlash\" rel=\"noopener\" data-gtm-custom-categorie=\"navigation\" data-gtm-custom-action=\"crossclick\" data-gtm-custom-label=\"Contextuel\" data-gtm-event=\"customEventSPE\" data-fig-domain=\"LEFIGARO\">Franck Haise<\/a>\u00a0de s\u2019incliner une nouvelle fois\u00a0<a href=\"http:\/\/www.lefigaro.fr\/sports\/football\/ligue-1\/ligue-1-nice-perd-face-a-angers-et-ne-sort-pas-de-la-crise-20251207\" target=\"_blank\" data-fig-type=\"NewsFlash\" rel=\"noopener\" data-gtm-custom-categorie=\"navigation\" data-gtm-custom-action=\"crossclick\" data-gtm-custom-label=\"Contextuel\" data-gtm-event=\"customEventSPE\" data-fig-domain=\"LEFIGARO\">face \u00e0 Angers (0-1)<\/a>, de quoi s\u2019enfoncer encore un peu plus dans la crise.<\/p>\n<p class=\"fig-paragraph\">Une crise qui pourrait s\u2019accentuer avec la r\u00e9ception du club portugais de Braga ce jeudi en Ligue Europa, alors que les Aiglons pointent \u00e0\u00a0<a href=\"https:\/\/www.lefigaro.fr\/sports\/football\/ligue-europa\/classement\" target=\"_blank\" rel=\"sponsored noopener\" data-gtm-custom-categorie=\"navigation\" data-gtm-custom-action=\"crossclick\" data-gtm-custom-label=\"Contextuel\" data-gtm-event=\"customEventSPE\">la derni\u00e8re place du classement<\/a>\u00a0de C3&#8230; avec z\u00e9ro point. Sofiane Diop et sa bande se d\u00e9placeront ensuite chez les leaders,\u00a0<a href=\"http:\/\/www.lefigaro.fr\/sports\/football\/ligue-1\/ligue-1-lens-toujours-en-tete-nice-touche-le-fond-auxerre-sort-de-la-zone-rouge-retrouvez-le-classement-du-championnat-20251208\" target=\"_blank\" data-fig-type=\"NewsFlash\" rel=\"noopener\" data-gtm-custom-categorie=\"navigation\" data-gtm-custom-action=\"crossclick\" data-gtm-custom-label=\"Contextuel\" data-gtm-event=\"customEventSPE\" data-fig-domain=\"LEFIGARO\">Lens<\/a>, ce dimanche pour le compte de\u00a0<a href=\"https:\/\/www.lefigaro.fr\/sports\/football\/ligue-1\/calendrier-resultats?journee=16\" target=\"_blank\" rel=\"sponsored noopener\" data-gtm-custom-categorie=\"navigation\" data-gtm-custom-action=\"crossclick\" data-gtm-custom-label=\"Contextuel\" data-gtm-event=\"customEventSPE\">la 16e journ\u00e9e de Ligue 1<\/a>.<\/p>\n","protected":false},"excerpt":{"rendered":"En arr\u00eat de travail depuis une semaine apr\u00e8s les incidents survenus entre les supporters et les joueurs ni\u00e7ois,&hellip;\n","protected":false},"author":2,"featured_media":586879,"comment_status":"","ping_status":"","sticky":false,"template":"","format":"standard","meta":{"footnotes":""},"categories":[2819],"tags":[1111,11,1777,674,1011,27,12,2401,2268,882,25],"class_list":{"0":"post-586878","1":"post","2":"type-post","3":"status-publish","4":"format-standard","5":"has-post-thumbnail","7":"category-nice","8":"tag-actu","9":"tag-actualites","10":"tag-eu","11":"tag-europe","12":"tag-fr","13":"tag-france","14":"tag-news","15":"tag-nice","16":"tag-ogc-nice","17":"tag-provence-alpes-cote-dazur","18":"tag-republique-francaise"},"share_on_mastodon":{"url":"https:\/\/pubeurope.com\/@fr\/115685366433800276","error":""},"_links":{"self":[{"href":"https:\/\/www.europesays.com\/fr\/wp-json\/wp\/v2\/posts\/586878","targetHints":{"allow":["GET"]}}],"collection":[{"href":"https:\/\/www.europesays.com\/fr\/wp-json\/wp\/v2\/posts"}],"about":[{"href":"https:\/\/www.europesays.com\/fr\/wp-json\/wp\/v2\/types\/post"}],"author":[{"embeddable":true,"href":"https:\/\/www.europesays.com\/fr\/wp-json\/wp\/v2\/users\/2"}],"replies":[{"embeddable":true,"href":"https:\/\/www.europesays.com\/fr\/wp-json\/wp\/v2\/comments?post=586878"}],"version-history":[{"count":0,"href":"https:\/\/www.europesays.com\/fr\/wp-json\/wp\/v2\/posts\/586878\/revisions"}],"wp:featuredmedia":[{"embeddable":true,"href":"https:\/\/www.europesays.com\/fr\/wp-json\/wp\/v2\/media\/586879"}],"wp:attachment":[{"href":"https:\/\/www.europesays.com\/fr\/wp-json\/wp\/v2\/media?parent=586878"}],"wp:term":[{"taxonomy":"category","embeddable":true,"href":"https:\/\/www.europesays.com\/fr\/wp-json\/wp\/v2\/categories?post=586878"},{"taxonomy":"post_tag","embeddable":true,"href":"https:\/\/www.europesays.com\/fr\/wp-json\/wp\/v2\/tags?post=586878"}],"curies":[{"name":"wp","href":"https:\/\/api.w.org\/{rel}","templated":true}]}}