{"id":586880,"date":"2025-12-08T18:29:17","date_gmt":"2025-12-08T18:29:17","guid":{"rendered":"https:\/\/www.europesays.com\/fr\/586880\/"},"modified":"2025-12-08T18:29:17","modified_gmt":"2025-12-08T18:29:17","slug":"la-nouvelle-reine-du-carnaval-de-nantes-etait-en-visite-a-la-bibliotheque-de-petit-mars","status":"publish","type":"post","link":"https:\/\/www.europesays.com\/fr\/586880\/","title":{"rendered":"La\u00a0nouvelle reine du carnaval de Nantes \u00e9tait en visite \u00e0 la biblioth\u00e8que de Petit-Mars"},"content":{"rendered":"<p>Vendredi soir 5\u00a0d\u00e9cembre, la visite d\u2019Aline Duret \u00e0 la biblioth\u00e8que de Petit-Mars n\u2019avait rien d\u2019anormal, puisque c\u2019est en tant qu\u2019autrice de son nouveau roman, \u00ab\u00a0Myst\u00e8res, l\u00e9gendes et petits sabl\u00e9s\u00a0\u00bb, qu\u2019elle est venue. Un cosy mystery (sous-genre de fiction polici\u00e8re N.D.L.R.) savoureux et humoristique qu\u2019elle a pr\u00e9sent\u00e9 aux lecteurs. L\u2019auteure de Carquefou, qui enseigne la litt\u00e9rature dans un lyc\u00e9e de la couronne nantaise, y a rencontr\u00e9 quelques lectrices et lecteurs. Si pour certains, c\u2019\u00e9tait une agr\u00e9able d\u00e9couverte, d\u2019autres continuent de la suivre avec entrain dans ses enqu\u00eates. Apr\u00e8s plusieurs romans policiers plus sombres, publi\u00e9s aux \u00e9ditions du Pal\u00e9mon, l\u2019auteure a choisi d\u2019explorer un registre plus lumineux, sans renoncer \u00e0 l\u2019art du suspense qui fait sa signature\u00a0: \u00a0J\u2019avoue aussi une r\u00e9f\u00e9rence \u00e0 Columbo.\u00a0 La romanci\u00e8re, atteinte d\u2019une maladie g\u00e9n\u00e9tique orpheline d\u00e9g\u00e9n\u00e9rative (OPA 1) qui lui fait perdre l\u2019acuit\u00e9 visuelle, milite pour les livres \u00e0 gros caract\u00e8res.<\/p>\n<p>La surprise de la reine<\/p>\n<p>Tout en nettoyant la table sur laquelle elle avait renvers\u00e9 son mug de th\u00e9, Aline Duret a fait une r\u00e9v\u00e9lation inattendue\u00a0: \u00a0J\u2019ai \u00e9t\u00e9 sollicit\u00e9e pour \u00eatre la reine du carnaval de Nantes et j\u2019ai accept\u00e9.\u00a0 Il faut dire que le th\u00e8me est la litt\u00e9rature. Paul Billaudeau, le pr\u00e9sident de Nantes \u00e9v\u00e9nements musique organisation (Nemo), explique son choix\u00a0: \u00a0Puisque le th\u00e8me \u00e9tait la litt\u00e9rature, nous cherchions \u00e0 mettre \u00e0 l\u2019honneur un auteur. Et souvent, le carnaval choisit un roi, nous cherchions une reine. Gr\u00e2ce \u00e0 une membre du conseil d\u2019administration, le choix s\u2019est port\u00e9 sur Aline Duret.\u00a0<\/p>\n<p>M\u00eame s\u2019il avoue ne pas conna\u00eetre l\u2019auteure ni son \u0153uvre, le pr\u00e9sident de Nemo reconna\u00eet \u00a0avoir rencontr\u00e9 une femme pleine de valeurs fortes, malgr\u00e9 son handicap. Nous voulions mettre en valeur son travail et nous sommes honor\u00e9s qu\u2019elle ait accept\u00e9.\u00a0<\/p>\n<p>Comme Aline Duret ne fait pas les choses \u00e0 moiti\u00e9, elle compte aller visiter les carnavaliers sur le lieu de cr\u00e9ation des chars. Et peut-\u00eatre y donner un coup de main, m\u00eame si elle se dit maladroite\u00a0: \u00a0Ce sera une formidable \u00e9dition, j\u2019en suis certaine. J\u2019esp\u00e8re \u00eatre \u00e0 la hauteur du r\u00f4le qui m\u2019est confi\u00e9\u00a0\u00bb, a-t-elle conclu.<\/p>\n<p>\u00a0<\/p>\n","protected":false},"excerpt":{"rendered":"Vendredi soir 5\u00a0d\u00e9cembre, la visite d\u2019Aline Duret \u00e0 la biblioth\u00e8que de Petit-Mars n\u2019avait rien d\u2019anormal, puisque c\u2019est en&hellip;\n","protected":false},"author":2,"featured_media":586881,"comment_status":"","ping_status":"","sticky":false,"template":"","format":"standard","meta":{"footnotes":""},"categories":[2818],"tags":[1111,11,7702,7237,1777,674,1011,27,766,12,2043,2636,69997,12483,25,3272,510],"class_list":{"0":"post-586880","1":"post","2":"type-post","3":"status-publish","4":"format-standard","5":"has-post-thumbnail","7":"category-nantes","8":"tag-actu","9":"tag-actualites","10":"tag-bibliotheque","11":"tag-carnaval","12":"tag-eu","13":"tag-europe","14":"tag-fr","15":"tag-france","16":"tag-nantes","17":"tag-news","18":"tag-nouvelle","19":"tag-pays-de-la-loire","20":"tag-petit-mars","21":"tag-reine","22":"tag-republique-francaise","23":"tag-saint-nazaire","24":"tag-visite"},"share_on_mastodon":{"url":"https:\/\/pubeurope.com\/@fr\/115685370402630547","error":""},"_links":{"self":[{"href":"https:\/\/www.europesays.com\/fr\/wp-json\/wp\/v2\/posts\/586880","targetHints":{"allow":["GET"]}}],"collection":[{"href":"https:\/\/www.europesays.com\/fr\/wp-json\/wp\/v2\/posts"}],"about":[{"href":"https:\/\/www.europesays.com\/fr\/wp-json\/wp\/v2\/types\/post"}],"author":[{"embeddable":true,"href":"https:\/\/www.europesays.com\/fr\/wp-json\/wp\/v2\/users\/2"}],"replies":[{"embeddable":true,"href":"https:\/\/www.europesays.com\/fr\/wp-json\/wp\/v2\/comments?post=586880"}],"version-history":[{"count":0,"href":"https:\/\/www.europesays.com\/fr\/wp-json\/wp\/v2\/posts\/586880\/revisions"}],"wp:featuredmedia":[{"embeddable":true,"href":"https:\/\/www.europesays.com\/fr\/wp-json\/wp\/v2\/media\/586881"}],"wp:attachment":[{"href":"https:\/\/www.europesays.com\/fr\/wp-json\/wp\/v2\/media?parent=586880"}],"wp:term":[{"taxonomy":"category","embeddable":true,"href":"https:\/\/www.europesays.com\/fr\/wp-json\/wp\/v2\/categories?post=586880"},{"taxonomy":"post_tag","embeddable":true,"href":"https:\/\/www.europesays.com\/fr\/wp-json\/wp\/v2\/tags?post=586880"}],"curies":[{"name":"wp","href":"https:\/\/api.w.org\/{rel}","templated":true}]}}