{"id":586890,"date":"2025-12-08T18:35:13","date_gmt":"2025-12-08T18:35:13","guid":{"rendered":"https:\/\/www.europesays.com\/fr\/586890\/"},"modified":"2025-12-08T18:35:13","modified_gmt":"2025-12-08T18:35:13","slug":"pour-les-120-ans-de-la-naissance-du-principe-de-la-laicite-et-les-10-ans-du-parcours-laique-et-citoyen-le-college-hubertine-auclert-a-toulouse-donne-en-exemple","status":"publish","type":"post","link":"https:\/\/www.europesays.com\/fr\/586890\/","title":{"rendered":"Pour les 120 ans de la naissance du principe de la la\u00efcit\u00e9 et les 10 ans du Parcours la\u00efque et citoyen, le coll\u00e8ge Hubertine Auclert \u00e0 Toulouse donn\u00e9 en exemple"},"content":{"rendered":"<p>\n                                                                    l&rsquo;essentiel<br \/>\n                                                                Le pr\u00e9sident du conseil d\u00e9partemental de la Haute-Garonne a assist\u00e9, lundi 8\u00a0d\u00e9cembre, \u00e0 une rencontre avec des \u00e9l\u00e8ves du coll\u00e8ge Hubertine Auclert \u00e0 Toulouse qui exp\u00e9rimentent le principe de la la\u00efcit\u00e9 dont on f\u00eate les 120 ans\u00a0le \u00ab\u00a0principe de s\u00e9paration, dans l\u2019\u00c9tat de soci\u00e9t\u00e9 civile et de la soci\u00e9t\u00e9 religieuse\u00a0\u00bb. Le D\u00e9partement a fait le bilan de 10 ans du dispositif \u00ab\u00a0Parcours la\u00efque et citoyen\u00a0\u00bb qui a b\u00e9n\u00e9fici\u00e9 \u00e0 400\u00a0000 coll\u00e9giens.\n                            <\/p>\n<p>La la\u00efcit\u00e9\u00a0? Une notion pas si abstraite que \u00e7a pour les coll\u00e9giens de la Haute-Garonne. Dans le Larousse, elle est d\u00e9finie comme tel\u00a0: une \u00ab\u00a0conception et organisation de la soci\u00e9t\u00e9 fond\u00e9e sur la s\u00e9paration de l\u2019\u00c9glise et de l\u2019\u00c9tat et qui exclut les \u00c9glises de l\u2019exercice de tout pouvoir politique ou administratif, et, en particulier, de l\u2019organisation de l\u2019enseignement\u00a0\u00bb. Elle est \u00e9galement, aujourd\u2019hui, pr\u00e9sent\u00e9e comme un rempart face \u00e0 la mont\u00e9e des extr\u00e9mismes religieux. Elle est un des principes d\u00e9finissant la R\u00e9publique qui est \u00ab\u00a0indivisible, la\u00efque, d\u00e9mocratique et sociale\u00a0\u00bb (art. 1 de la Constitution).<\/p>\n<p>\u00ab\u00a0Le repli de la puissance publique\u00a0\u00bb<\/p>\n<p>\u00ab\u00a0Le repli de la puissance publique dans certains quartiers fait que le sentiment d\u2019appartenir \u00e0 la R\u00e9publique n\u2019est pas certain, explique S\u00e9bastien Vincini, pr\u00e9sident du conseil d\u00e9partemental de la Haute-Garonne qui a assist\u00e9, lundi 8\u00a0d\u00e9cembre, \u00e0 une rencontre avec des \u00e9l\u00e8ves du coll\u00e8ge Hubertine Auclert \u00e0 Toulouse (Croix-Daurade) qui exp\u00e9rimente chaque ann\u00e9e le Parcours la\u00efque et citoyen dont le D\u00e9partement f\u00eate les dix ans.<\/p>\n<p>400\u00a0000 enfants ont b\u00e9n\u00e9fici\u00e9 du dispositif<\/p>\n<p>\u00ab\u00a0C\u2019est le fait communautaire ou communautariste, ou le fait religieux qui prend le dessus font que la la\u00efcit\u00e9 doit \u00eatre enseign\u00e9e et transmis, poursuit-il. Le parcours la\u00efque et citoyen est un dispositif qui permet aux enfants d\u2019appr\u00e9hender par l\u2019exp\u00e9rience, la mise en situation. Permettre aux coll\u00e9giens de comprendre, tout simplement.\u00a0\u00bb<\/p>\n<p>Depuis la cr\u00e9ation du Parcours la\u00efque et citoyen, le conseil d\u00e9partemental, qui propose \u00e0 travers ce dispositif un panel d\u2019animations p\u00e9dagogiques et ludiques pour les \u00e9l\u00e8ves du CM1 \u00e0 la 3e, a touch\u00e9 400\u00a0000 enfants. Cent pour cent des coll\u00e8ges du d\u00e9partement y ont particip\u00e9. Le dispositif qui co\u00fbte 8\u00a0millions d\u2019euros \u00e0 la collectivit\u00e9 permet de financer 300 associations partenaires, dont Nord loisirs qui est intervenu, lundi, au coll\u00e8ge Hubertine Auclert qui compte 777 \u00e9l\u00e8ves, dont de \u00ab\u00a0nombreuses familles en difficult\u00e9\u00a0\u00bb, a rappel\u00e9 le principal Jamel El Ayachi.<\/p>\n","protected":false},"excerpt":{"rendered":"l&rsquo;essentiel Le pr\u00e9sident du conseil d\u00e9partemental de la Haute-Garonne a assist\u00e9, lundi 8\u00a0d\u00e9cembre, \u00e0 une rencontre avec des&hellip;\n","protected":false},"author":2,"featured_media":586891,"comment_status":"","ping_status":"","sticky":false,"template":"","format":"standard","meta":{"footnotes":""},"categories":[2816],"tags":[1111,11,1777,674,1011,27,329,2722,12,2680,25,1857,2312],"class_list":{"0":"post-586890","1":"post","2":"type-post","3":"status-publish","4":"format-standard","5":"has-post-thumbnail","7":"category-toulouse","8":"tag-actu","9":"tag-actualites","10":"tag-eu","11":"tag-europe","12":"tag-fr","13":"tag-france","14":"tag-france-monde","15":"tag-haute-garonne","16":"tag-news","17":"tag-occitanie","18":"tag-republique-francaise","19":"tag-sociu00e9tu00e9","20":"tag-toulouse"},"share_on_mastodon":{"url":"https:\/\/pubeurope.com\/@fr\/115685394058759956","error":""},"_links":{"self":[{"href":"https:\/\/www.europesays.com\/fr\/wp-json\/wp\/v2\/posts\/586890","targetHints":{"allow":["GET"]}}],"collection":[{"href":"https:\/\/www.europesays.com\/fr\/wp-json\/wp\/v2\/posts"}],"about":[{"href":"https:\/\/www.europesays.com\/fr\/wp-json\/wp\/v2\/types\/post"}],"author":[{"embeddable":true,"href":"https:\/\/www.europesays.com\/fr\/wp-json\/wp\/v2\/users\/2"}],"replies":[{"embeddable":true,"href":"https:\/\/www.europesays.com\/fr\/wp-json\/wp\/v2\/comments?post=586890"}],"version-history":[{"count":0,"href":"https:\/\/www.europesays.com\/fr\/wp-json\/wp\/v2\/posts\/586890\/revisions"}],"wp:featuredmedia":[{"embeddable":true,"href":"https:\/\/www.europesays.com\/fr\/wp-json\/wp\/v2\/media\/586891"}],"wp:attachment":[{"href":"https:\/\/www.europesays.com\/fr\/wp-json\/wp\/v2\/media?parent=586890"}],"wp:term":[{"taxonomy":"category","embeddable":true,"href":"https:\/\/www.europesays.com\/fr\/wp-json\/wp\/v2\/categories?post=586890"},{"taxonomy":"post_tag","embeddable":true,"href":"https:\/\/www.europesays.com\/fr\/wp-json\/wp\/v2\/tags?post=586890"}],"curies":[{"name":"wp","href":"https:\/\/api.w.org\/{rel}","templated":true}]}}