{"id":586902,"date":"2025-12-08T18:43:30","date_gmt":"2025-12-08T18:43:30","guid":{"rendered":"https:\/\/www.europesays.com\/fr\/586902\/"},"modified":"2025-12-08T18:43:30","modified_gmt":"2025-12-08T18:43:30","slug":"des-services-durgences-debordes-16-enfants-transferes-hors-de-la-region","status":"publish","type":"post","link":"https:\/\/www.europesays.com\/fr\/586902\/","title":{"rendered":"des services d&rsquo;urgences d\u00e9bord\u00e9s, 16 enfants transf\u00e9r\u00e9s hors de la r\u00e9gion"},"content":{"rendered":"<p>                    Par<br \/>\n        <strong><br \/>\n            <a href=\"https:\/\/actu.fr\/auteur\/glenn-gillet\" title=\"Consulter tous les articles de Glenn Gillet\" target=\"_blank\" rel=\"noopener\">Glenn Gillet<\/a><br \/>\n                    <\/strong><\/p>\n<p>        Publi\u00e9 le<\/p>\n<p>            8 d\u00e9c. 2025 \u00e0 19h32        <\/p>\n<p>Les cons\u00e9quences de la <a href=\"https:\/\/actu.fr\/societe\/la-bronchiolite-explose-en-france-a-l-approche-de-noel-les-departements-les-plus-touches-par-l-epidemie_63547710.html\" target=\"_blank\" rel=\"noopener\">vague de bronchiolite<\/a> s\u2019intensifient en \u00cele-de-France. Cela fait d\u00e9j\u00e0 six semaines que la r\u00e9gion est en <strong>\u00ab\u2009alerte \u00e9pid\u00e9mique\u2009\u00bb,<\/strong> le niveau de <a href=\"https:\/\/actu.fr\/ile-de-france\/paris_75056\/l-epidemie-de-bronchiolite-fait-son-retour-en-ile-de-france-avec-les-premiers-signes-d-alerte_63309836.html\" target=\"_blank\" rel=\"noopener\">vigilance maximale<\/a> des autorit\u00e9s sanitaires et les patients affluent dans les \u00e9tablissements de sant\u00e9 franciliens. Si bien que <strong>16 patients<\/strong> atteints de cette maladie respiratoire \u00ab\u2009ont \u00e9t\u00e9 transf\u00e9r\u00e9s vers des \u00e9tablissements de r\u00e9gions limitrophes\u2009\u00bb depuis le 17\u00a0octobre, a annonc\u00e9 l\u2019<a href=\"https:\/\/actu.fr\/ile-de-france\/paris_75056\/ile-de-france-ce-virus-touche-pres-de-4000-personnes-sans-qu-elles-le-sachent-l-ars-renforce-ses-actions_63512071.html\" target=\"_blank\" rel=\"noopener\">Agence r\u00e9gionale de sant\u00e9 (ARS) d\u2019\u00cele-de-France<\/a>, ce lundi 8\u00a0d\u00e9cembre 2025.<\/p>\n<p>\u00ab\u2009Une tension locale sur l\u2019offre\u2009\u00bb<\/p>\n<p class=\" wall-content\">Une partie de ces transferts a \u00e9t\u00e9 r\u00e9alis\u00e9e afin de faire \u00ab\u2009face \u00e0 l\u2019<strong>augmentation du flux de patients<\/strong> dans les services d\u2019acc\u00e8s aux urgences p\u00e9diatriques franciliens\u2009\u00bb et d\u2019\u00ab\u2009assurer une coh\u00e9rence dans la r\u00e9ponse territoriale\u2009\u00bb, pr\u00e9cise l\u2019ARS.<\/p>\n<p class=\" wall-content\">\u00ab\u2009Ces 16 transferts, dont 2 le dernier week-end, r\u00e9pondent le plus souvent \u00e0 une logique de proximit\u00e9 des soins\u2009\u00bb car \u00ab\u2009pour certaines zones g\u00e9ographiques, notamment en grande couronne, il est plus logique de transf\u00e9rer les patients les plus jeunes dans un \u00e9tablissement d\u2019une r\u00e9gion limitrophe que de transf\u00e9rer dans un \u00e9tablissement francilien plus \u00e9loign\u00e9 g\u00e9ographiquement du domicile des parents\u2009\u00bb, est-il encore pr\u00e9cis\u00e9.<\/p>\n<p class=\" wall-content\">Ce lundi, <a href=\"https:\/\/www.radiofrance.fr\/franceinter\/podcasts\/l-info-de-france-inter\/bronchiolite-l-epidemie-s-envole-malgre-le-traitement-preventif-8241421\" target=\"_blank\" rel=\"noopener\">France Inter<\/a> r\u00e9v\u00e9lait que 14 b\u00e9b\u00e9s atteints de bronchiolite et admis en r\u00e9animations avaient \u00e9t\u00e9 transf\u00e9r\u00e9s depuis les services p\u00e9diatriques d\u2019\u00cele-de-France, \u00ab\u2009compl\u00e8tement satur\u00e9s\u2009\u00bb, vers d\u2019autres villes hors de la r\u00e9gion, notamment Rouen.<\/p>\n<p class=\" wall-content\">L\u2019ARS pr\u00e9cise que sur les 16 transferts que 10 \u00ab\u2009peuvent \u00eatre effectivement <strong>attribu\u00e9s \u00e0 une tension locale<\/strong> sur l\u2019offre mais pas n\u00e9cessairement \u00e0 une saturation des services \u00e0 l\u2019\u00e9chelle r\u00e9gionale\u2009\u00bb. Quant aux 6 autres, elles sont en fait li\u00e9es \u00e0 une \u00ab\u2009probl\u00e9matique non m\u00e9dicale de rapprochement avec le domicile des parents\u2009\u00bb, en particulier dans le Val d\u2019Oise et les Yvelines.<\/p>\n<p>Les niveaux d\u2019activit\u00e9s de la maladie qui \u00ab\u2009se stabilisent\u2009\u00bb<\/p>\n<p class=\" wall-content\">L\u2019autorit\u00e9 de sant\u00e9 pr\u00e9cise que la semaine du 24 au 30\u00a0novembre a \u00e9t\u00e9 marqu\u00e9e par \u00ab\u2009une <strong>augmentation du nombre de passage aux urgences<\/strong> pour bronchiolite de 7,4\u2009% pour les moins de 2\u00a0ans et de 9,7\u2009% pour les moins de 1 an par rapport \u00e0 la semaine pr\u00e9c\u00e9dente\u2009\u00bb. Des tendances haussi\u00e8res qui seraient toutefois \u00ab\u2009\u00e0 relativiser\u2009\u00bb les urgences font \u00e9tat d\u2019un \u00ab\u2009infl\u00e9chissement\u2009\u00bb du nombre de passages pour les moins de 2\u00a0ans depuis le 29\u00a0novembre, \u00e0 mettre en parall\u00e8le avec des niveaux d\u2019activit\u00e9s li\u00e9s de la maladie qui \u00ab\u2009se stabilisent sur les deux derni\u00e8res semaines, atteignant un niveau comparable \u00e0 ceux observ\u00e9s la saison pass\u00e9e\u2009\u00bb.<\/p>\n<p class=\" wall-content\">L\u2019ARS dit toutefois rester \u00ab\u2009attentive\u2009\u00bb aux \u00e9volutions des chiffres d\u2019admission dans les services p\u00e9diatriques franciliens, avec un suivi quotidien des places disponibles, actuellement compos\u00e9es d\u2019un lit en r\u00e9animation p\u00e9diatrique, douze lits en soins intensifs p\u00e9diatrique et quatorze lits en unit\u00e9s de soins continus p\u00e9diatriques, neuf berceaux en r\u00e9animation n\u00e9onatalogie et douze en unit\u00e9 de soins intensifs de n\u00e9onatalogie.<\/p>\n<p>Votre r\u00e9gion, votre actu !<\/p>\n<p>Recevez chaque jour les infos qui comptent pour vous.<\/p>\n<p>\t<a href=\"https:\/\/actu.fr\/newsletter\" class=\"ac-btn ac-btn--corner ac-btn--medium ac-btn--blue800\" target=\"_blank\" rel=\"noopener\">S&rsquo;incrire<\/a><\/p>\n<p class=\" wall-content\">La bronchiolite est une maladie virale saisonni\u00e8re tr\u00e8s contagieuse qui se caract\u00e9rise par de la g\u00eane respiratoire, de la toux ainsi qu\u2019une respiration rapide et sifflante. Fr\u00e9quente et b\u00e9nigne dans la grande majorit\u00e9 des cas, elle peut prendre une forme grave, en particulier chez les nourrissons, et n\u00e9cessiter une hospitalisation.<\/p>\n<p class=\" wall-content\">Personnalisez votre actualit\u00e9 en ajoutant vos villes et m\u00e9dias en favori avec <a href=\"https:\/\/moncompte.actu.fr\" title=\"D\u00e9couvez Mon Actu\" rel=\"nofollow noopener\" data-trk=\"{&quot;cta&quot;:{&quot;action&quot;:&quot;https:\\\/\\\/moncompte.actu.fr&quot;,&quot;category&quot;:&quot;mon compte&quot;,&quot;from&quot;:&quot;article footer&quot;,&quot;name&quot;:&quot;Mon actu&quot;,&quot;type&quot;:&quot;cta&quot;}}\" target=\"_blank\">Mon Actu<\/a>.<\/p>\n","protected":false},"excerpt":{"rendered":"Par Glenn Gillet Publi\u00e9 le 8 d\u00e9c. 2025 \u00e0 19h32 Les cons\u00e9quences de la vague de bronchiolite s\u2019intensifient&hellip;\n","protected":false},"author":2,"featured_media":586903,"comment_status":"","ping_status":"","sticky":false,"template":"","format":"standard","meta":{"footnotes":""},"categories":[1592],"tags":[1111,11,1719,1777,674,1011,27,662,226,12,626,25,71,104],"class_list":{"0":"post-586902","1":"post","2":"type-post","3":"status-publish","4":"format-standard","5":"has-post-thumbnail","7":"category-ile-de-france","8":"tag-actu","9":"tag-actualites","10":"tag-enfants","11":"tag-eu","12":"tag-europe","13":"tag-fr","14":"tag-france","15":"tag-ile-de-france","16":"tag-maladie","17":"tag-news","18":"tag-paris","19":"tag-republique-francaise","20":"tag-sante","21":"tag-societe"},"share_on_mastodon":{"url":"https:\/\/pubeurope.com\/@fr\/115685425566904889","error":""},"_links":{"self":[{"href":"https:\/\/www.europesays.com\/fr\/wp-json\/wp\/v2\/posts\/586902","targetHints":{"allow":["GET"]}}],"collection":[{"href":"https:\/\/www.europesays.com\/fr\/wp-json\/wp\/v2\/posts"}],"about":[{"href":"https:\/\/www.europesays.com\/fr\/wp-json\/wp\/v2\/types\/post"}],"author":[{"embeddable":true,"href":"https:\/\/www.europesays.com\/fr\/wp-json\/wp\/v2\/users\/2"}],"replies":[{"embeddable":true,"href":"https:\/\/www.europesays.com\/fr\/wp-json\/wp\/v2\/comments?post=586902"}],"version-history":[{"count":0,"href":"https:\/\/www.europesays.com\/fr\/wp-json\/wp\/v2\/posts\/586902\/revisions"}],"wp:featuredmedia":[{"embeddable":true,"href":"https:\/\/www.europesays.com\/fr\/wp-json\/wp\/v2\/media\/586903"}],"wp:attachment":[{"href":"https:\/\/www.europesays.com\/fr\/wp-json\/wp\/v2\/media?parent=586902"}],"wp:term":[{"taxonomy":"category","embeddable":true,"href":"https:\/\/www.europesays.com\/fr\/wp-json\/wp\/v2\/categories?post=586902"},{"taxonomy":"post_tag","embeddable":true,"href":"https:\/\/www.europesays.com\/fr\/wp-json\/wp\/v2\/tags?post=586902"}],"curies":[{"name":"wp","href":"https:\/\/api.w.org\/{rel}","templated":true}]}}