{"id":586904,"date":"2025-12-08T18:44:14","date_gmt":"2025-12-08T18:44:14","guid":{"rendered":"https:\/\/www.europesays.com\/fr\/586904\/"},"modified":"2025-12-08T18:44:14","modified_gmt":"2025-12-08T18:44:14","slug":"cest-une-zone-de-tous-les-droits-dans-le-quartier-des-halles-a-paris-une-resurgence-de-linsecurite","status":"publish","type":"post","link":"https:\/\/www.europesays.com\/fr\/586904\/","title":{"rendered":"\u00ab\u00a0C&rsquo;est une zone de tous les droits\u00a0\u00bb. Dans le quartier des Halles \u00e0 Paris, une r\u00e9surgence de l&rsquo;ins\u00e9curit\u00e9\u00a0?"},"content":{"rendered":"<p>                    Par<br \/>\n        <strong><br \/>\n            <a href=\"https:\/\/actu.fr\/auteur\/antoine-blanchet\" title=\"Consulter tous les articles de Antoine Blanchet\" target=\"_blank\" rel=\"noopener\">Antoine Blanchet<\/a><br \/>\n                    <\/strong><\/p>\n<p>        Publi\u00e9 le<\/p>\n<p>            8 d\u00e9c. 2025 \u00e0 19h22        <\/p>\n<p>Le ventricule g\u00e9ant pompe chaque jour des milliers de consommateurs et voyageurs. Pour beaucoup, le <strong>Forum des Halles<\/strong> est le c\u0153ur vibrant de <a href=\"https:\/\/actu.fr\/paris\/\" target=\"_blank\" rel=\"noopener\">Paris<\/a>. Jadis garde-manger de la capitale, le lieu est d\u00e9sormais un temple du commerce et une gare souterraine gigantesque. Depuis plusieurs mois, le hub est toutefois victime d\u2019une augmentation de la d\u00e9linquance. Violences, <a href=\"https:\/\/actu.fr\/tag\/drogue\" target=\"_blank\" rel=\"noopener\">trafic de drogues<\/a>\u2026 Les infractions s\u2019y d\u00e9veloppent. Pas plus tard que le 1\u1d49\u02b3 d\u00e9cembre 2025, une adolescente de 13 ans <a href=\"https:\/\/actu.fr\/ile-de-france\/paris_75056\/paris-quatre-jeunes-interpelles-pour-le-viol-collectif-d-une-ado-aux-toilettes-du-kfc-du-forum-des-halles_63516141.html\" target=\"_blank\" rel=\"noopener\">a accus\u00e9 quatre hommes de l\u2019avoir viol\u00e9e<\/a> dans les toilettes d\u2019un fast-food du centre commercial. Pour actu Paris, on fait le point sur la situation et les<strong> moyens de lutte engag\u00e9s<\/strong>.\u00a0<\/p>\n<p>\u00ab\u00a0Il y a une d\u00e9gradation g\u00e9n\u00e9rale\u00a0\u00bb<\/p>\n<p class=\" wall-content\">Lieu de vie et de passage, le <a href=\"https:\/\/actu.fr\/tag\/paris-les-halles\" target=\"_blank\" rel=\"noopener\">quartier des Halles<\/a> a toujours \u00e9t\u00e9 un terrain favorable pour la petite d\u00e9linquance. \u00ab\u00a0\u00c7a a toujours \u00e9t\u00e9 ainsi. Mais ces derniers temps, il y a une d\u00e9gradation g\u00e9n\u00e9rale\u00a0\u00bb, affirme<strong> Emmanuel Duprat<\/strong>, pr\u00e9sident de l\u2019Association pour la D\u00e9fense des Riverains et l\u2019Animation du Quartier des Halles (ADRAQH). \u00ab\u00a0Il y a surtout des probl\u00e8mes dans les jardins \u00e0 proximit\u00e9 du centre commercial le soir. Il y a des personnes peu recommandables qui consomment de l\u2019alcool et des stup\u00e9fiants\u00a0\u00bb, pr\u00e9cise-t-il.\u00a0<\/p>\n<p class=\" wall-content\">C\u00f4t\u00e9 institution, cette augmentation de la d\u00e9linquance a aussi \u00e9t\u00e9 per\u00e7ue. \u00ab\u00a0\u00c0 la lecture des synth\u00e8ses de police, il est apparu qu\u2019en plus des atteintes aux biens et aux personnes, le fait que les agents soient interpell\u00e9s lors de leurs actions m\u2019a interpell\u00e9e sur la d\u00e9gradation de la situation\u00a0\u00bb, indique <strong>Laure Beccuau<\/strong>, procureure de la R\u00e9publique de Paris.\u00a0<\/p>\n<p>Une cellule cr\u00e9\u00e9e \u00e0 la mi-septembre\u00a0<\/p>\n<p class=\" wall-content\">Afin de lutter contre cette r\u00e9surgence de la d\u00e9linquance, une cellule d\u00e9di\u00e9e a \u00e9t\u00e9 mise en place par le parquet \u00e0 la fin de l\u2019\u00e9t\u00e9. \u00ab\u00a0Sa n\u00e9cessit\u00e9 a \u00e9merg\u00e9 au cours du mois de mai. Elle est op\u00e9rationnelle depuis septembre\u00a0\u00bb, pr\u00e9cise Laure Beccuau. La <strong>cellule de coordination judiciaire<\/strong> comprend plusieurs acteurs. C\u00f4t\u00e9 forces de l\u2019ordre, la police judiciaire parisienne, la direction territoriale de la s\u00e9curit\u00e9 de proximit\u00e9 (DTSP) ainsi que la s\u00fbret\u00e9 des transports. \u00ab\u00a0\u00c0 l\u2019\u00e9chelle du parquet, il y a le service de permanence, le service des mineurs et celui de lutte contre la criminalit\u00e9 organis\u00e9e sur les questions de trafic de stup\u00e9fiants\u00a0\u00bb, indique la repr\u00e9sentante du minist\u00e8re public parisien.\u00a0\u00a0<\/p>\n<p class=\" wall-content\">Unique en son genre, la cellule a deux buts : analyser et r\u00e9primer. \u00ab\u00a0L\u2019id\u00e9e, c\u2019est de rep\u00e9rer la d\u00e9linquance sur le territoire. Les gardes \u00e0 vue dans la zone nous sont syst\u00e9matiquement remont\u00e9es. La r\u00e9ponse p\u00e9nale est aussi upgrad\u00e9e. Le nombre de d\u00e9f\u00e8rements est accentu\u00e9\u00a0\u00bb, liste Laure Beccuau. Si les renvois en <strong>comparution imm\u00e9diate<\/strong> ou en<strong> comparution pr\u00e9alable sur reconnaissance de culpabilit\u00e9 (CRPC)<\/strong> sont privil\u00e9gi\u00e9s, plusieurs enqu\u00eates au long cours sont aussi men\u00e9es contre les r\u00e9seaux de trafic de drogue.\u00a0<\/p>\n<p>Une zone complexe\u00a0<\/p>\n<p class=\" wall-content\">Malgr\u00e9 cette mont\u00e9e en puissance de l\u2019action p\u00e9nale, le quartier des Halles demeure un d\u00e9fi dans la lutte contre la d\u00e9linquance. \u00ab\u00a0L\u2019une des difficult\u00e9s, c\u2019est que la gare souterraine est la plus grande d\u2019Europe. Les personnes viennent de zones parfois lointaines et y commettent des infractions\u00a0\u00bb, d\u00e9taille la procureure.\u00a0<\/p>\n<p class=\" wall-content\">Si une partie des d\u00e9lits se commettent \u00ab\u00a0en surface\u00a0\u00bb, un lieu plus profond est dans le viseur des autorit\u00e9s :<strong> les tunnels des Halles<\/strong>. Ces souterrains pars\u00e8ment le sous-sol et sont parfois habit\u00e9s. \u00ab\u00a0Les voies d\u2019acc\u00e8s et les couloirs d\u2019\u00e9vacuation ont favoris\u00e9 l\u2019implantation de personnes qui y vivent et de trafic de stup\u00e9fiants\u00a0\u00bb, pr\u00e9cise la procureure. Les consommateurs de crack y sont pr\u00e9sents. \u00ab\u00a0Il y a une ville dans la ville l\u00e0 dedans\u00a0\u00bb, alerte Emmanuel Duprat. La semaine derni\u00e8re, des trafiquants de crack qui alimentaient ces tunnels <a href=\"https:\/\/actu.fr\/ile-de-france\/paris_75056\/paris-depuis-son-appartement-de-la-tres-chic-rue-vivienne-le-b-inondait-de-crack-le-tunnel-des-halles_63497352.html\" target=\"_blank\" rel=\"noopener\">ont \u00e9t\u00e9 jug\u00e9s et condamn\u00e9s<\/a>.\u00a0<\/p>\n<p>Votre r\u00e9gion, votre actu !<\/p>\n<p>Recevez chaque jour les infos qui comptent pour vous.<\/p>\n<p>\t<a href=\"https:\/\/actu.fr\/newsletter\" class=\"ac-btn ac-btn--corner ac-btn--medium ac-btn--blue800\" target=\"_blank\" rel=\"noopener\">S&rsquo;incrire<\/a><br \/>\nL\u2019augmentation des \u00e9v\u00e8nements sauvages\u00a0<\/p>\n<p class=\" wall-content\">Un autre enjeu de cette zone dense : l\u2019apparition de rassemblements g\u00e9n\u00e9rateurs de trouble. \u00ab\u00a0C\u2019est un lieu embl\u00e9matique pour les \u00e9v\u00e8nements festifs. Il y a des appels \u00e0 des regroupements qui peuvent constituer une mise en danger. R\u00e9cemment, un grand nombre de personnes s\u2019\u00e9taient r\u00e9unies. Il y a un\u00a0risque de faire c\u00e9der\u00a0des vitres\u00a0ou de basculer au-dessus des garde-corps\u00a0dans le centre commercial, ce qui aurait pu les faire chuter d\u2019une grande hauteur.\u00a0C\u2019est avant tout une question de s\u00e9curit\u00e9 pour les personnes, rel\u00e8ve la procureure.\u00a0<\/p>\n<p class=\" wall-content\">Ces derniers mois, les \u00e9v\u00e8nements \u00ab\u00a0sauvages\u00a0\u00bb se sont encha\u00een\u00e9s dans la zone. \u00c0 la mi-septembre, la police a \u00e9t\u00e9 contrainte d\u2019utiliser du gaz lacrymog\u00e8ne apr\u00e8s une cohue cr\u00e9\u00e9e lors de l\u2019ouverture d\u2019un fast-food au Forum des Halles. Le 11 octobre 2025, lors d\u2019un concert du groupe de rap L2B finalement annul\u00e9, <strong>quatre policiers ont \u00e9t\u00e9 bless\u00e9s et huit personnes interpell\u00e9es<\/strong> apr\u00e8s des violences. \u00ab\u00a0\u00c7a a pris de l\u2019importance. Il y a aussi eu des rassemblements lors de la victoire du PSG et la <a href=\"https:\/\/actu.fr\/tag\/fete-de-la-musique\" target=\"_blank\" rel=\"noopener\">f\u00eate de la Musique<\/a>. On a l\u2019impression que c\u2019est une zone de tous les droits. \u00c7a pousse les habitants \u00e0 partir de chez eux en amont pour \u00e9viter les nuisances\u00a0\u00bb, soupire Emmanuel Duprat.\u00a0<\/p>\n<p class=\" wall-content\">La pr\u00e9vention polici\u00e8re a toutefois gagn\u00e9 en importance. Dernier exemple en date : Halloween. L\u2019influenceur TikTok <strong>Willy Douglas, alias \u00ab\u00a0Le maire de Paname\u00a0\u00bb<\/strong>, <a href=\"https:\/\/actu.fr\/ile-de-france\/paris_75056\/apres-la-soiree-d-halloween-qui-degenere-le-maire-de-paname-n-est-plus-interdit-des-halles-et-de-tiktok_63432864.html\" target=\"_blank\" rel=\"noopener\">avait appel\u00e9 \u00e0 un rassemblement sans autorisation<\/a> dans le quartier. Interpell\u00e9 pour cette organisation, il a \u00e9t\u00e9 plac\u00e9 sous contr\u00f4le judiciaire avec interdiction de para\u00eetre dans la zone. \u00ab\u00a0On privil\u00e9gie ce type de mesure pr\u00e9ventive. L\u2019interdiction peut s\u2019\u00e9tendre aux quatre premiers arrondissements\u00a0\u00bb, pr\u00e9cise Laure Beccuau. L\u2019influenceur a pu voir sa mesure lev\u00e9e le 13 novembre dernier.\u00a0<\/p>\n<p>Une l\u00e9g\u00e8re am\u00e9lioration ?<\/p>\n<p class=\" wall-content\">Depuis le mois de septembre, les interpellations se sont encha\u00een\u00e9es dans le secteur. \u00ab\u00a0Il y a eu plusieurs affaires d\u2019atteintes aux biens, principalement des vols de t\u00e9l\u00e9phone. \u00c9galement des affaires de <a href=\"https:\/\/actu.fr\/tag\/violences-sexuelles\" target=\"_blank\" rel=\"noopener\">violences sexuelles<\/a>. Nous avons aussi men\u00e9 deux importantes vagues d\u2019interpellations sur deux enqu\u00eates de trafic de drogue\u00a0\u00bb, liste Laure Beccuau, qui s\u2019est d\u00e9plac\u00e9e dans le secteur le 12 novembre dernier. \u00ab\u00a0On nous rapporte que la situation semblait plus apais\u00e9e, du moins en journ\u00e9e en surface\u00a0\u00bb, assure-t-elle.\u00a0<\/p>\n<p class=\" wall-content\">La repr\u00e9sentante du parquet n\u2019est pas la seule \u00e0 ressentir cette diminution du climat d\u00e9lictuel. \u00ab\u00a0C\u2019est mieux depuis quelques semaines. Il y a plus de policiers\u00a0\u00bb, affirme un commer\u00e7ant du Forum des Halles. \u00ab\u00a0Il y a eu un l\u00e9ger mieux\u00a0\u00bb, reconna\u00eet Emmanuel Duprat. Malgr\u00e9 ces am\u00e9liorations, la cellule a encore du travail devant elle. \u00ab\u00a0Une fois la s\u00e9curit\u00e9 renforc\u00e9e durant la nuit, on pourra envisager sa fermeture\u00a0\u00bb, d\u00e9clare Laure Beccuau.\u00a0<\/p>\n<p class=\" wall-content\">Personnalisez votre actualit\u00e9 en ajoutant vos villes et m\u00e9dias en favori avec <a href=\"https:\/\/moncompte.actu.fr\" title=\"D\u00e9couvez Mon Actu\" rel=\"nofollow noopener\" data-trk=\"{&quot;cta&quot;:{&quot;action&quot;:&quot;https:\\\/\\\/moncompte.actu.fr&quot;,&quot;category&quot;:&quot;mon compte&quot;,&quot;from&quot;:&quot;article footer&quot;,&quot;name&quot;:&quot;Mon actu&quot;,&quot;type&quot;:&quot;cta&quot;}}\" target=\"_blank\">Mon Actu<\/a>.<\/p>\n","protected":false},"excerpt":{"rendered":"Par Antoine Blanchet Publi\u00e9 le 8 d\u00e9c. 2025 \u00e0 19h22 Le ventricule g\u00e9ant pompe chaque jour des milliers&hellip;\n","protected":false},"author":2,"featured_media":586905,"comment_status":"","ping_status":"","sticky":false,"template":"","format":"standard","meta":{"footnotes":""},"categories":[1888],"tags":[1111,1928,11,1927,16079,1777,674,118,1011,27,12,1926,626,29989,1925,1072,25],"class_list":{"0":"post-586904","1":"post","2":"type-post","3":"status-publish","4":"format-standard","5":"has-post-thumbnail","7":"category-paris","8":"tag-actu","9":"tag-actu-paris","10":"tag-actualites","11":"tag-actualites-paris","12":"tag-chatelet","13":"tag-eu","14":"tag-europe","15":"tag-faits-divers","16":"tag-fr","17":"tag-france","18":"tag-news","19":"tag-news-paris","20":"tag-paris","21":"tag-paris-les-halles","22":"tag-paris-news","23":"tag-police","24":"tag-republique-francaise"},"share_on_mastodon":{"url":"https:\/\/pubeurope.com\/@fr\/115685429348693744","error":""},"_links":{"self":[{"href":"https:\/\/www.europesays.com\/fr\/wp-json\/wp\/v2\/posts\/586904","targetHints":{"allow":["GET"]}}],"collection":[{"href":"https:\/\/www.europesays.com\/fr\/wp-json\/wp\/v2\/posts"}],"about":[{"href":"https:\/\/www.europesays.com\/fr\/wp-json\/wp\/v2\/types\/post"}],"author":[{"embeddable":true,"href":"https:\/\/www.europesays.com\/fr\/wp-json\/wp\/v2\/users\/2"}],"replies":[{"embeddable":true,"href":"https:\/\/www.europesays.com\/fr\/wp-json\/wp\/v2\/comments?post=586904"}],"version-history":[{"count":0,"href":"https:\/\/www.europesays.com\/fr\/wp-json\/wp\/v2\/posts\/586904\/revisions"}],"wp:featuredmedia":[{"embeddable":true,"href":"https:\/\/www.europesays.com\/fr\/wp-json\/wp\/v2\/media\/586905"}],"wp:attachment":[{"href":"https:\/\/www.europesays.com\/fr\/wp-json\/wp\/v2\/media?parent=586904"}],"wp:term":[{"taxonomy":"category","embeddable":true,"href":"https:\/\/www.europesays.com\/fr\/wp-json\/wp\/v2\/categories?post=586904"},{"taxonomy":"post_tag","embeddable":true,"href":"https:\/\/www.europesays.com\/fr\/wp-json\/wp\/v2\/tags?post=586904"}],"curies":[{"name":"wp","href":"https:\/\/api.w.org\/{rel}","templated":true}]}}