{"id":586912,"date":"2025-12-08T18:49:21","date_gmt":"2025-12-08T18:49:21","guid":{"rendered":"https:\/\/www.europesays.com\/fr\/586912\/"},"modified":"2025-12-08T18:49:21","modified_gmt":"2025-12-08T18:49:21","slug":"coree-du-nord-lambassadeur-russe-alexandre-matsegora-meurt-subitement-a-lage-de-70-ans-actualites","status":"publish","type":"post","link":"https:\/\/www.europesays.com\/fr\/586912\/","title":{"rendered":"Cor\u00e9e du Nord : l&rsquo;ambassadeur russe Alexandre Matsegora meurt \u00ab\u00a0subitement\u00a0\u00bb \u00e0 l\u2019\u00e2ge de 70 ans : Actualit\u00e9s"},"content":{"rendered":"<p class=\"lead \"><strong>L\u2019ambassadeur russe en Cor\u00e9e du Nord, Alexandre Matsegora, est mort subitement le 6 d\u00e9cembre 2025 \u00e0 l\u2019\u00e2ge de 70 ans. Le minist\u00e8re russe des Affaires \u00e9trang\u00e8res n&rsquo;a pas donn\u00e9 plus de d\u00e9tails concernant cet \u00e9trange d\u00e9c\u00e8s.<\/strong><\/p>\n<p class=\"lead \">Le samedi 6 d\u00e9cembre 2025, l\u2019ambassadeur de Russie en Cor\u00e9e du Nord, Alexandre Matsegora, est d\u00e9c\u00e9d\u00e9 \u00ab\u00a0subitement\u00a0\u00bb \u00e0 l\u2019\u00e2ge de 70 ans, selon les annonces officielles de son minist\u00e8re. Ce haut fonctionnaire avait d\u00e9but\u00e9 sa carri\u00e8re \u00e0 la fin des ann\u00e9es 1970 et se trouvait en poste depuis plus de dix ans. Il contribuait ces derniers mois au plein renforcement de l\u2019alliance entre Moscou et Pyongyang. Dans un communiqu\u00e9, le minist\u00e8re russe des Affaires \u00e9trang\u00e8res a notamment exprim\u00e9 son \u00ab\u00a0profond regret\u00a0\u00bb sans toutefois donner de d\u00e9tails sur les causes de sa mort.<\/p>\n<p class=\"lead \">Alexandre Matsegora a \u00e9t\u00e9 \u00ab\u00a0une force motrice\u00a0\u00bb du \u00ab\u00a0travail acharn\u00e9 sur de longues ann\u00e9es\u00a0\u00bb ayant abouti au \u00ab\u00a0niveau de relations actuel sans pr\u00e9c\u00e9dent\u00a0\u00bb entre la Russie et la Cor\u00e9e du Nord, souligne dans un communiqu\u00e9 la diplomatie russe, comme le rapporte <a href=\"https:\/\/www.leparisien.fr\/international\/alexandre-matsegora-ambassadeur-de-russie-en-coree-du-nord-est-mort-subitement-08-12-2025-QJNPO6V3PJBCFCPVARMSOIDHJM.php\" target=\"_blank\" rel=\"noopener\">Le Parisien<\/a>.<\/p>\n<p>                                                                                                Moscou et Pyongyang unis dans la guerre en Ukraine<\/p>\n<p class=\"lead \">Les deux \u00c9tats, ayant effectu\u00e9 un rapprochement strat\u00e9gique ces derni\u00e8res ann\u00e9es, sont unis depuis 2024 par un pacte de d\u00e9fense mutuel. La Cor\u00e9e du Nord a ainsi activement particip\u00e9 \u00e0 l\u2019effort de guerre de la Russie en lui fournissant des milliers de soldats pour repousser, entre fin 2024 et le printemps 2025, les troupes ukrainiennes de la r\u00e9gion frontali\u00e8re russe de Koursk. En mars 2025, on recensait 15 000 soldats nord-cor\u00e9ens qui auraient \u00e9t\u00e9 envoy\u00e9s en Ukraine pour combattre au service de Moscou, comme l&rsquo;indique<a href=\"https:\/\/www.rtl.fr\/actu\/international\/guerre-en-ukraine-que-sont-devenus-les-soldats-nord-coreens-la-chair-a-canon-de-moscou-7900488776\" target=\"_blank\" rel=\"noopener\"> RTL<\/a>.<\/p>\n<p class=\"small font-weight-bold text-gray3 \"> publi\u00e9 le 8 d\u00e9cembre \u00e0 18h10, Axel Juin, 6Medias<\/p>\n<p>                             Partager<\/p>\n","protected":false},"excerpt":{"rendered":"L\u2019ambassadeur russe en Cor\u00e9e du Nord, Alexandre Matsegora, est mort subitement le 6 d\u00e9cembre 2025 \u00e0 l\u2019\u00e2ge de&hellip;\n","protected":false},"author":2,"featured_media":586913,"comment_status":"","ping_status":"","sticky":false,"template":"","format":"standard","meta":{"footnotes":""},"categories":[1591],"tags":[11,1887,12,1885,1886,132],"class_list":{"0":"post-586912","1":"post","2":"type-post","3":"status-publish","4":"format-standard","5":"has-post-thumbnail","7":"category-russie","8":"tag-actualites","9":"tag-federation-de-russie","10":"tag-news","11":"tag-russia","12":"tag-russian-federation","13":"tag-russie"},"share_on_mastodon":{"url":"https:\/\/pubeurope.com\/@fr\/115685449060831845","error":""},"_links":{"self":[{"href":"https:\/\/www.europesays.com\/fr\/wp-json\/wp\/v2\/posts\/586912","targetHints":{"allow":["GET"]}}],"collection":[{"href":"https:\/\/www.europesays.com\/fr\/wp-json\/wp\/v2\/posts"}],"about":[{"href":"https:\/\/www.europesays.com\/fr\/wp-json\/wp\/v2\/types\/post"}],"author":[{"embeddable":true,"href":"https:\/\/www.europesays.com\/fr\/wp-json\/wp\/v2\/users\/2"}],"replies":[{"embeddable":true,"href":"https:\/\/www.europesays.com\/fr\/wp-json\/wp\/v2\/comments?post=586912"}],"version-history":[{"count":0,"href":"https:\/\/www.europesays.com\/fr\/wp-json\/wp\/v2\/posts\/586912\/revisions"}],"wp:featuredmedia":[{"embeddable":true,"href":"https:\/\/www.europesays.com\/fr\/wp-json\/wp\/v2\/media\/586913"}],"wp:attachment":[{"href":"https:\/\/www.europesays.com\/fr\/wp-json\/wp\/v2\/media?parent=586912"}],"wp:term":[{"taxonomy":"category","embeddable":true,"href":"https:\/\/www.europesays.com\/fr\/wp-json\/wp\/v2\/categories?post=586912"},{"taxonomy":"post_tag","embeddable":true,"href":"https:\/\/www.europesays.com\/fr\/wp-json\/wp\/v2\/tags?post=586912"}],"curies":[{"name":"wp","href":"https:\/\/api.w.org\/{rel}","templated":true}]}}