{"id":586916,"date":"2025-12-08T18:51:17","date_gmt":"2025-12-08T18:51:17","guid":{"rendered":"https:\/\/www.europesays.com\/fr\/586916\/"},"modified":"2025-12-08T18:51:17","modified_gmt":"2025-12-08T18:51:17","slug":"lassociation-france-etats-unis-de-carpentras-prepare-le-250e-anniversaire-de-the-independence-day","status":"publish","type":"post","link":"https:\/\/www.europesays.com\/fr\/586916\/","title":{"rendered":"L\u2019association France \u00c9tats-Unis de Carpentras pr\u00e9pare le 250e anniversaire de \u00ab\u00a0The Independence Day\u00a0\u00bb"},"content":{"rendered":"<p>Dimanche 30\u00a0novembre, les membres de l\u2019association France \u00c9tats-Unis de Carpentras se sont r\u00e9unis pour f\u00eater <a href=\"https:\/\/www.laprovence.com\/article\/societe\/2192047374936814\/thanksgiving-que-celebrent-les-nord-americains-en-ce-dernier-jeudi-de-novembre\" target=\"_blank\" rel=\"noopener\">Thanksgiving<\/a>, dont l\u2019origine remonte \u00e0\u00a01621, et la Saint-Siffrein, autour d\u2019un buffet pour lequel chacun a fourni un plat, dans la salle de la mairie de Saint-Hippolyte-le-Graveyron, mise gracieusement \u00e0 disposition par M. le Maire.<\/p>\n<p>L\u2019ambiance tr\u00e8s conviviale a permis aux nouveaux membres de bien s\u2019int\u00e9grer au groupe. Lors de l\u2019assembl\u00e9e g\u00e9n\u00e9rale du 19\u00a0novembre, le bureau a \u00e9t\u00e9 reconduit\u00a0: le pr\u00e9sident Steve Patris, la vice-pr\u00e9sidente Fran\u00e7oise Marchal, la secr\u00e9taire Jo\u00eblle Patris, le suppl\u00e9ant Franck Delpont et la tr\u00e9sori\u00e8re Val\u00e9rie Bedos. Les diff\u00e9rentes rencontres sont pr\u00e9vues selon le calendrier habituel. Le temps fort de l\u2019ann\u00e9e\u00a02026 sera, le 4\u00a0juillet, la c\u00e9l\u00e9bration du 250e anniversaire de l\u2019ind\u00e9pendance <a href=\"https:\/\/www.laprovence.com\/article\/sortie-loisirs\/2033078222511815\/une-expo-pour-raconter-le-debarquement-de-provence-a-la-mediatheque-de-pertuis\" target=\"_blank\" rel=\"noopener\">am\u00e9ricaine<\/a>, en\u00a01776.<\/p>\n<p><strong>Contact et infos\u00a0: www.france-usa-carpentras.fr<\/strong><\/p>\n","protected":false},"excerpt":{"rendered":"Dimanche 30\u00a0novembre, les membres de l\u2019association France \u00c9tats-Unis de Carpentras se sont r\u00e9unis pour f\u00eater Thanksgiving, dont l\u2019origine&hellip;\n","protected":false},"author":2,"featured_media":586917,"comment_status":"","ping_status":"","sticky":false,"template":"","format":"standard","meta":{"footnotes":""},"categories":[1589],"tags":[17,69998,11,3581,23542,73,1866,27,9445,12,5109,16,1864,1865,1863,308],"class_list":{"0":"post-586916","1":"post","2":"type-post","3":"status-publish","4":"format-standard","5":"has-post-thumbnail","7":"category-etats-unis","8":"tag-17","9":"tag-250e","10":"tag-actualites","11":"tag-anniversaire","12":"tag-carpentras","13":"tag-etats-unis","14":"tag-etats-unis-damerique","15":"tag-france","16":"tag-lassociation","17":"tag-news","18":"tag-prepare","19":"tag-region","20":"tag-united-states","21":"tag-united-states-of-america","22":"tag-us","23":"tag-usa"},"share_on_mastodon":{"url":"https:\/\/pubeurope.com\/@fr\/115685456921536048","error":""},"_links":{"self":[{"href":"https:\/\/www.europesays.com\/fr\/wp-json\/wp\/v2\/posts\/586916","targetHints":{"allow":["GET"]}}],"collection":[{"href":"https:\/\/www.europesays.com\/fr\/wp-json\/wp\/v2\/posts"}],"about":[{"href":"https:\/\/www.europesays.com\/fr\/wp-json\/wp\/v2\/types\/post"}],"author":[{"embeddable":true,"href":"https:\/\/www.europesays.com\/fr\/wp-json\/wp\/v2\/users\/2"}],"replies":[{"embeddable":true,"href":"https:\/\/www.europesays.com\/fr\/wp-json\/wp\/v2\/comments?post=586916"}],"version-history":[{"count":0,"href":"https:\/\/www.europesays.com\/fr\/wp-json\/wp\/v2\/posts\/586916\/revisions"}],"wp:featuredmedia":[{"embeddable":true,"href":"https:\/\/www.europesays.com\/fr\/wp-json\/wp\/v2\/media\/586917"}],"wp:attachment":[{"href":"https:\/\/www.europesays.com\/fr\/wp-json\/wp\/v2\/media?parent=586916"}],"wp:term":[{"taxonomy":"category","embeddable":true,"href":"https:\/\/www.europesays.com\/fr\/wp-json\/wp\/v2\/categories?post=586916"},{"taxonomy":"post_tag","embeddable":true,"href":"https:\/\/www.europesays.com\/fr\/wp-json\/wp\/v2\/tags?post=586916"}],"curies":[{"name":"wp","href":"https:\/\/api.w.org\/{rel}","templated":true}]}}