{"id":586919,"date":"2025-12-08T18:53:12","date_gmt":"2025-12-08T18:53:12","guid":{"rendered":"https:\/\/www.europesays.com\/fr\/586919\/"},"modified":"2025-12-08T18:53:12","modified_gmt":"2025-12-08T18:53:12","slug":"lallemagne-en-alerte-face-aux-manoeuvres-russes-avant-les-scrutins-regionaux","status":"publish","type":"post","link":"https:\/\/www.europesays.com\/fr\/586919\/","title":{"rendered":"L&rsquo;Allemagne en alerte face aux man\u0153uvres russes avant les scrutins r\u00e9gionaux"},"content":{"rendered":"<p>_**Le chef du renseignement int\u00e9rieur met en garde contre une intensification probable des campagnes d\u2019influence et de d\u00e9stabilisation orchestr\u00e9es par Moscou \u00e0 l\u2019approche des \u00e9lections de 2026.**_<\/p>\n<p>Les services de s\u00e9curit\u00e9 allemands anticipent une recrudescence des activit\u00e9s hostiles de la Russie dans le contexte \u00e9lectoral \u00e0 venir. Le pr\u00e9sident de l\u2019Office f\u00e9d\u00e9ral de protection de la constitution a indiqu\u00e9 que Berlin, en tant que principal soutien europ\u00e9en \u00e0 Kiev et plaque tournante logistique de l\u2019Alliance atlantique, figurait parmi les cibles prioritaires du Kremlin. L\u2019ann\u00e9e 2026 sera marqu\u00e9e par plusieurs consultations r\u00e9gionales d\u00e9terminantes pour la coalition au pouvoir, des scrutins lors desquels des formations politiques aux positions favorables \u00e0 Moscou pourraient renforcer leur assise.<\/p>\n<p>Les autorit\u00e9s allemandes, \u00e0 l\u2019instar de plusieurs capitales europ\u00e9ennes, observent depuis des mois une multiplication des tentatives d\u2019ing\u00e9rence, allant de la d\u00e9sinformation \u00e0 la cybermalveillance en passant par des actes de sabotage. Ces actions, syst\u00e9matiquement ni\u00e9es par les autorit\u00e9s russes, viseraient \u00e0 saper la coh\u00e9sion d\u00e9mocratique et \u00e0 influencer l\u2019opinion publique. La p\u00e9riode pr\u00e9-\u00e9lectorale est consid\u00e9r\u00e9e comme particuli\u00e8rement propice \u00e0 ce type d\u2019op\u00e9rations.<\/p>\n<p>La situation s\u00e9curitaire reste tendue, sans perspective d\u2019apaisement \u00e0 court terme. Le responsable du renseignement a soulign\u00e9 que l\u2019ensemble des composantes de la soci\u00e9t\u00e9 pouvait \u00eatre touch\u00e9, les processus d\u00e9mocratiques constituant une vuln\u00e9rabilit\u00e9 sp\u00e9cifique. Parall\u00e8lement, des interrogations persistent concernant l\u2019utilisation des pr\u00e9rogatives parlementaires par certains \u00e9lus, soup\u00e7onn\u00e9s de pouvoir faciliter l\u2019acc\u00e8s \u00e0 des donn\u00e9es sensibles.<\/p>\n<p>L\u2019\u00e9volution du conflit en Ukraine demeure un facteur cl\u00e9 pour appr\u00e9hender la strat\u00e9gie russe en Europe. Les r\u00e9centes initiatives diplomatiques am\u00e9ricaines, per\u00e7ues comme accommodantes envers Moscou, ont par ailleurs marginalis\u00e9 les partenaires europ\u00e9ens de l\u2019Ukraine, complexifiant le paysage g\u00e9opolitique. Cette configuration accro\u00eet les d\u00e9fis auxquels sont confront\u00e9es les d\u00e9mocraties europ\u00e9ennes pour pr\u00e9server leur int\u00e9grit\u00e9 face \u00e0 des campagnes d\u2019influence persistantes.<\/p>\n","protected":false},"excerpt":{"rendered":"_**Le chef du renseignement int\u00e9rieur met en garde contre une intensification probable des campagnes d\u2019influence et de d\u00e9stabilisation&hellip;\n","protected":false},"author":2,"featured_media":586920,"comment_status":"","ping_status":"","sticky":false,"template":"","format":"standard","meta":{"footnotes":""},"categories":[1587],"tags":[11,672,1804,1805,1803,1777,674,1801,12,1802],"class_list":{"0":"post-586919","1":"post","2":"type-post","3":"status-publish","4":"format-standard","5":"has-post-thumbnail","7":"category-allemagne","8":"tag-actualites","9":"tag-allemagne","10":"tag-bundesrepublik-deutschland","11":"tag-de","12":"tag-deutschland","13":"tag-eu","14":"tag-europe","15":"tag-germany","16":"tag-news","17":"tag-republique-federale-dallemagne"},"share_on_mastodon":{"url":"https:\/\/pubeurope.com\/@fr\/115685465008810899","error":""},"_links":{"self":[{"href":"https:\/\/www.europesays.com\/fr\/wp-json\/wp\/v2\/posts\/586919","targetHints":{"allow":["GET"]}}],"collection":[{"href":"https:\/\/www.europesays.com\/fr\/wp-json\/wp\/v2\/posts"}],"about":[{"href":"https:\/\/www.europesays.com\/fr\/wp-json\/wp\/v2\/types\/post"}],"author":[{"embeddable":true,"href":"https:\/\/www.europesays.com\/fr\/wp-json\/wp\/v2\/users\/2"}],"replies":[{"embeddable":true,"href":"https:\/\/www.europesays.com\/fr\/wp-json\/wp\/v2\/comments?post=586919"}],"version-history":[{"count":0,"href":"https:\/\/www.europesays.com\/fr\/wp-json\/wp\/v2\/posts\/586919\/revisions"}],"wp:featuredmedia":[{"embeddable":true,"href":"https:\/\/www.europesays.com\/fr\/wp-json\/wp\/v2\/media\/586920"}],"wp:attachment":[{"href":"https:\/\/www.europesays.com\/fr\/wp-json\/wp\/v2\/media?parent=586919"}],"wp:term":[{"taxonomy":"category","embeddable":true,"href":"https:\/\/www.europesays.com\/fr\/wp-json\/wp\/v2\/categories?post=586919"},{"taxonomy":"post_tag","embeddable":true,"href":"https:\/\/www.europesays.com\/fr\/wp-json\/wp\/v2\/tags?post=586919"}],"curies":[{"name":"wp","href":"https:\/\/api.w.org\/{rel}","templated":true}]}}