{"id":586921,"date":"2025-12-08T18:54:16","date_gmt":"2025-12-08T18:54:16","guid":{"rendered":"https:\/\/www.europesays.com\/fr\/586921\/"},"modified":"2025-12-08T18:54:16","modified_gmt":"2025-12-08T18:54:16","slug":"le-navire-missionnaire-logos-hope-sejournera-en-europe-en-2026","status":"publish","type":"post","link":"https:\/\/www.europesays.com\/fr\/586921\/","title":{"rendered":"Le navire missionnaire Logos Hope s\u00e9journera en Europe en 2026"},"content":{"rendered":"<p>Retour au bercail pour la plus grande librairie chr\u00e9tienne flottante: apr\u00e8s l\u2019Espagne et les Pays-Bas au d\u00e9but du printemps 2026, le Logos Hope accostera le 3 juin en Allemagne, o\u00f9 il a \u00e9t\u00e9 mis \u00e0 l\u2019eau pour la premi\u00e8re fois en 1973. Le navire multi-missionnaire restera \u00e0 Hambourg jusqu\u2019au 16 juin avant de voguer vers plusieurs autres ports europ\u00e9ens en commen\u00e7ant par les \u00eeles britanniques, avec un passage dans la province danoise des \u00celes F\u00e9ro\u00e9, informe un communiqu\u00e9 d\u2019Op\u00e9ration Mobilisation Suisse (OM) dat\u00e9 du 1er d\u00e9cembre. Il lui faudra pour cela traverser l\u2019Atlantique puisqu\u2019il se trouve actuellement et se trouvera encore dans les Cara\u00efbes avant le voyage.<\/p>\n<p><a href=\"https:\/\/www.omsuisse.ch\/nos-navires-0\" target=\"_blank\" rel=\"noreferrer noopener\">Les navires d\u2019OM<\/a> sillonnent les oc\u00e9ans et accostent dans des ports du monde entier dans le but de partager et nourrir l\u2019esp\u00e9rance chr\u00e9tienne. Les \u00e9quipes proposent des livres chr\u00e9tiens de toute nature et dispensent des soins m\u00e9dicaux, \u00e9vang\u00e9lisant en parall\u00e8le, dans un esprit de collaboration avec les Eglises locales.<\/p>\n<p>\u00abUne grande source d\u2019inspiration pour nous\u00bb<\/p>\n<p>\u00abEncore et encore, nous entendons combien la visite d\u2019un navire a eu un impact positif sur des pays entiers. Cela nous rend d\u2019autant plus impatients de voir ce que Dieu accomplira \u00e0 travers le Logos Hope en Allemagne\u00bb, exprime le directeur g\u00e9n\u00e9ral d\u2019OM Suisse Cl\u00e9mens B\u00f6hme, cit\u00e9 dans le communiqu\u00e9. \u00abEnfin, nous avons l\u2019opportunit\u00e9 de d\u00e9couvrir de pr\u00e8s le navire unique d\u2019OM (\u2026). L\u2019\u00e9quipage international \u00e0 bord, avec sa librairie flottante, sera une grande source d\u2019inspiration pour nous, et nous aurons la chance de les rencontrer et de les soutenir\u00bb, s\u2019enthousiasme Andrea Rupp, coordinatrice. Le b\u00e2timent repartira de Liverpool d\u00e9but novembre.<\/p>\n<p>Actif depuis 2009, le Logos Hope (litt\u00e9ralement \u00abParole d\u2019Espoir\u00bb en une composition de mots respectivement grec et anglais) a pour petit fr\u00e8re le <a href=\"https:\/\/www.evangeliques.info\/2023\/05\/17\/mission-une-libraire-chretienne-sur-les-eaux-le-navire-doulos-hope-rejoint-la-flotte-d-om\/\" target=\"_blank\" rel=\"noreferrer noopener\">Doulos Hope<\/a> (\u00abServiteur d\u2019Espoir\u00bb) qui a pour sa part commenc\u00e9 ses activit\u00e9s en 2023. A l\u2019instar du fonctionnement des navires-h\u00f4pitaux de <a href=\"https:\/\/www.evangeliques.info\/2025\/09\/16\/michelle-white-mercy-ships\/\" target=\"_blank\" rel=\"noreferrer noopener\">Mercy Ships<\/a>, marins, ing\u00e9nieurs, \u00e9lectriciens, infirmiers, enseignants ou cuisiniers se relaient \u00e0 bord sur la base du b\u00e9n\u00e9volat. A son bord, quelque 400 chr\u00e9tiens venus d\u2019une soixantaine de pays diff\u00e9rents vivent et \u0153uvrent ensemble sur ce navire de 132 m\u00e8tres de long, pourvu de neuf ponts. Il peut accueillir jusqu\u2019\u00e0 442 passagers.<\/p>\n<p><strong>A lire aussi: <a href=\"https:\/\/www.evangeliques.info\/2025\/09\/04\/operation-mobilisation-evangelique-mission\/\" target=\"_blank\" rel=\"noreferrer noopener\">Un nouveau directeur international \u00e0 la t\u00eate de l\u2019organisation missionnaire OM<\/a><\/strong><\/p>\n","protected":false},"excerpt":{"rendered":"Retour au bercail pour la plus grande librairie chr\u00e9tienne flottante: apr\u00e8s l\u2019Espagne et les Pays-Bas au d\u00e9but du&hellip;\n","protected":false},"author":2,"featured_media":586922,"comment_status":"","ping_status":"","sticky":false,"template":"","format":"standard","meta":{"footnotes":""},"categories":[1586],"tags":[11,1777,674,10271,26521,1011,27,10264,15393,74,12,25],"class_list":{"0":"post-586921","1":"post","2":"type-post","3":"status-publish","4":"format-standard","5":"has-post-thumbnail","7":"category-europe","8":"tag-actualites","9":"tag-eu","10":"tag-europe","11":"tag-evangeliques","12":"tag-evangelisation","13":"tag-fr","14":"tag-france","15":"tag-humanitaire","16":"tag-missions","17":"tag-monde","18":"tag-news","19":"tag-republique-francaise"},"share_on_mastodon":{"url":"https:\/\/pubeurope.com\/@fr\/115685468848998885","error":""},"_links":{"self":[{"href":"https:\/\/www.europesays.com\/fr\/wp-json\/wp\/v2\/posts\/586921","targetHints":{"allow":["GET"]}}],"collection":[{"href":"https:\/\/www.europesays.com\/fr\/wp-json\/wp\/v2\/posts"}],"about":[{"href":"https:\/\/www.europesays.com\/fr\/wp-json\/wp\/v2\/types\/post"}],"author":[{"embeddable":true,"href":"https:\/\/www.europesays.com\/fr\/wp-json\/wp\/v2\/users\/2"}],"replies":[{"embeddable":true,"href":"https:\/\/www.europesays.com\/fr\/wp-json\/wp\/v2\/comments?post=586921"}],"version-history":[{"count":0,"href":"https:\/\/www.europesays.com\/fr\/wp-json\/wp\/v2\/posts\/586921\/revisions"}],"wp:featuredmedia":[{"embeddable":true,"href":"https:\/\/www.europesays.com\/fr\/wp-json\/wp\/v2\/media\/586922"}],"wp:attachment":[{"href":"https:\/\/www.europesays.com\/fr\/wp-json\/wp\/v2\/media?parent=586921"}],"wp:term":[{"taxonomy":"category","embeddable":true,"href":"https:\/\/www.europesays.com\/fr\/wp-json\/wp\/v2\/categories?post=586921"},{"taxonomy":"post_tag","embeddable":true,"href":"https:\/\/www.europesays.com\/fr\/wp-json\/wp\/v2\/tags?post=586921"}],"curies":[{"name":"wp","href":"https:\/\/api.w.org\/{rel}","templated":true}]}}