{"id":586923,"date":"2025-12-08T18:55:14","date_gmt":"2025-12-08T18:55:14","guid":{"rendered":"https:\/\/www.europesays.com\/fr\/586923\/"},"modified":"2025-12-08T18:55:14","modified_gmt":"2025-12-08T18:55:14","slug":"lue-sinspire-de-rome-et-de-copenhague-pour-durcir-sa-politique-migratoire","status":"publish","type":"post","link":"https:\/\/www.europesays.com\/fr\/586923\/","title":{"rendered":"L\u2019UE s\u2019inspire de Rome et de Copenhague pour durcir sa politique migratoire"},"content":{"rendered":"<p>    R\u00e9sum\u00e9 en 20 secondes<\/p>\n<p>        En savoir plus sur ce type de contenu<\/p>\n<p>Ce r\u00e9sum\u00e9 peut avoir \u00e9t\u00e9 \u00e9crit avec l&rsquo;assistance d\u2019une IA g\u00e9n\u00e9rative. <a href=\"https:\/\/www.letemps.ch\/cyber\/l-usage-de-l-ia-generative-par-les-journalistes-du-temps\" target=\"_blank\" rel=\"noopener\">En savoir plus<\/a><\/p>\n<p class=\"article__abstract-call-to-action\" data-ariato=\"TrackableElement\" data-trackable-element-type=\"article_abstract_cta\" data-trackable-element-location=\"article_header\" data-trackable-element-id=\"514478\">\n        <a data-event=\"click-&gt;clicked\" href=\"https:\/\/www.letemps.ch\/abonnements\" target=\"_blank\" rel=\"noopener\">Abonnez-vous<\/a> pour acc\u00e9der au r\u00e9sum\u00e9 en 20 secondes.\n      <\/p>\n<p>L\u2019Europe simplifie et acc\u00e9l\u00e8re les proc\u00e9dures de renvoi des clandestins. Elle permet d\u00e9sormais \u00e0 ses pays membres d\u2019ouvrir, en dehors de ses fronti\u00e8res europ\u00e9ennes, des \u00abhubs de retour\u00bb, des centres de renvoi pour les migrants dont la demande d\u2019asile a \u00e9t\u00e9 rejet\u00e9e. Elle autorise \u00e9galement de renvoyer ces personnes vers des pays dont ils ne sont pas forc\u00e9ment originaires mais que les autorit\u00e9s europ\u00e9ennes consid\u00e8rent d\u00e9sormais comme \u00abs\u00fbrs\u00bb, moyennant accord avec le pays en question. Elle leur permet aussi de sanctionner plus durement ceux qui refusent de quitter le Vieux Continent, avec des p\u00e9riodes de d\u00e9tention plus longues voire avec de la prison ferme.<\/p>\n<p>Dans le m\u00eame temps, les \u00c9tats membres sont appel\u00e9s \u00e0 plus de solidarit\u00e9: un m\u00e9canisme sur base volontaire, pr\u00e9voyant la relocalisation de milliers d\u2019\u00e9trangers ou un d\u00e9dommagement financier pour les pays d\u2019accueil, auquel la Suisse a pr\u00e9vu de participer, a \u00e9t\u00e9 mis en place. \u00c0 Bruxelles lundi, les ministres de l\u2019Int\u00e9rieur des 27 ont en effet donn\u00e9 leur premier feu vert \u00e0 trois textes pr\u00e9sent\u00e9s par la Commission europ\u00e9enne. Des n\u00e9gociations doivent maintenant s\u2019ouvrir avec le Parlement europ\u00e9en.<\/p>\n","protected":false},"excerpt":{"rendered":"R\u00e9sum\u00e9 en 20 secondes En savoir plus sur ce type de contenu Ce r\u00e9sum\u00e9 peut avoir \u00e9t\u00e9 \u00e9crit&hellip;\n","protected":false},"author":2,"featured_media":586924,"comment_status":"","ping_status":"","sticky":false,"template":"","format":"standard","meta":{"footnotes":""},"categories":[1586],"tags":[11,1777,674,1779,1011,27,74,12,301,25,1778,364],"class_list":{"0":"post-586923","1":"post","2":"type-post","3":"status-publish","4":"format-standard","5":"has-post-thumbnail","7":"category-europe","8":"tag-actualites","9":"tag-eu","10":"tag-europe","11":"tag-european-union","12":"tag-fr","13":"tag-france","14":"tag-monde","15":"tag-news","16":"tag-premium","17":"tag-republique-francaise","18":"tag-ue","19":"tag-union-europeenne"},"share_on_mastodon":{"url":"https:\/\/pubeurope.com\/@fr\/115685472686812092","error":""},"_links":{"self":[{"href":"https:\/\/www.europesays.com\/fr\/wp-json\/wp\/v2\/posts\/586923","targetHints":{"allow":["GET"]}}],"collection":[{"href":"https:\/\/www.europesays.com\/fr\/wp-json\/wp\/v2\/posts"}],"about":[{"href":"https:\/\/www.europesays.com\/fr\/wp-json\/wp\/v2\/types\/post"}],"author":[{"embeddable":true,"href":"https:\/\/www.europesays.com\/fr\/wp-json\/wp\/v2\/users\/2"}],"replies":[{"embeddable":true,"href":"https:\/\/www.europesays.com\/fr\/wp-json\/wp\/v2\/comments?post=586923"}],"version-history":[{"count":0,"href":"https:\/\/www.europesays.com\/fr\/wp-json\/wp\/v2\/posts\/586923\/revisions"}],"wp:featuredmedia":[{"embeddable":true,"href":"https:\/\/www.europesays.com\/fr\/wp-json\/wp\/v2\/media\/586924"}],"wp:attachment":[{"href":"https:\/\/www.europesays.com\/fr\/wp-json\/wp\/v2\/media?parent=586923"}],"wp:term":[{"taxonomy":"category","embeddable":true,"href":"https:\/\/www.europesays.com\/fr\/wp-json\/wp\/v2\/categories?post=586923"},{"taxonomy":"post_tag","embeddable":true,"href":"https:\/\/www.europesays.com\/fr\/wp-json\/wp\/v2\/tags?post=586923"}],"curies":[{"name":"wp","href":"https:\/\/api.w.org\/{rel}","templated":true}]}}