{"id":586933,"date":"2025-12-08T19:03:12","date_gmt":"2025-12-08T19:03:12","guid":{"rendered":"https:\/\/www.europesays.com\/fr\/586933\/"},"modified":"2025-12-08T19:03:12","modified_gmt":"2025-12-08T19:03:12","slug":"je-sais-que-je-vais-gagner-assure-sabalenka-avant-la-bataille-des-sexes-contre-kyrgios","status":"publish","type":"post","link":"https:\/\/www.europesays.com\/fr\/586933\/","title":{"rendered":"\u00abJe sais que je vais gagner\u00bb, assure Sabalenka avant la \u00abBataille des Sexes\u00bb contre Kyrgios"},"content":{"rendered":"<p>\n    Interrog\u00e9e sur son prochain d\u00e9fi \u00e0 Duba\u00ef face Nick Kyrgios, la num\u00e9ro un mondiale a affich\u00e9 sa confiance.<\/p>\n<p class=\"fig-paragraph\">Les stars du tennis sont la plupart actuellement en vacances ou en pr\u00e9paration de la saison 2026. La num\u00e9ro un mondiale Aryna Sabalenka, dispute de son c\u00f4t\u00e9, l\u2019Atlanta Cup, exhibition qui r\u00e9unit \u00e9galement Ben Shelton, Naomi Osaka, ainsi que&#8230; Nick Kyrgios qu\u2019elle affrontera le 28 d\u00e9cembre \u00e0 Duba\u00ef lors\u00a0<a href=\"http:\/\/www.lefigaro.fr\/sports\/tennis\/tennis-le-match-d-exhibition-entre-sabalenka-et-kyrgios-confirme-20251104\" data-fig-type=\"NewsFlash\" data-gtm-custom-categorie=\"navigation\" data-gtm-custom-action=\"crossclick\" data-gtm-custom-label=\"Contextuel\" data-gtm-event=\"customEventSPE\" data-fig-domain=\"LEFIGARO\" target=\"_blank\" rel=\"noopener\">d\u2019une autre exhibition, la \u00abBataille des Sexes\u00bb version 2025<\/a>. Ce sera la quatri\u00e8me rencontre opposant un homme \u00e0 une femme apr\u00e8s les deux de 1973, impliquant Bobby Riggs d\u2019abord contre Margaret Court puis contre\u00a0<a href=\"https:\/\/www.lefigaro.fr\/sports\/billie-jean-king-il-y-a-encore-du-boulot-pour-l-egalite-hommes-femmes-20200922\" data-fig-type=\"Article\" data-gtm-custom-categorie=\"navigation\" data-gtm-custom-action=\"crossclick\" data-gtm-custom-label=\"Contextuel\" data-gtm-event=\"customEventSPE\" data-fig-domain=\"LEFIGARO\" target=\"_blank\" rel=\"noopener\">Billie Jean King\u00a0<\/a>et celle de 1992 entre Martina Navratilova et Jimmy Connors<\/p>\n<p class=\"fig-paragraph\">Interrog\u00e9e par le neo-retrait\u00e9 Christopher Eubanks au micro de\u00a0Tennis Channel, la Bi\u00e9lorusse a l\u00e2ch\u00e9 avec assurance\u00a0: \u00abJe sais que je vais gagner ce match, donc je n\u2019ai pas besoin de rester ici et de le regarder jouer\u00bb. L\u2019Australien, qui ne joue plus d\u00e9sormais que des exhibitions, m\u00eame si un retour sur le circuit\u00a0<a href=\"http:\/\/www.lefigaro.fr\/sports\/tennis\/tennis-kyrgios-au-tournoi-de-kooyong-en-vue-de-l-open-d-australie-20251125\" data-fig-type=\"NewsFlash\" data-gtm-custom-categorie=\"navigation\" data-gtm-custom-action=\"crossclick\" data-gtm-custom-label=\"Contextuel\" data-gtm-event=\"customEventSPE\" data-fig-domain=\"LEFIGARO\" target=\"_blank\" rel=\"noopener\">est annonc\u00e9 pour janvier<\/a>, avait choisi la provocation pour lancer les hostilit\u00e9s\u00a0: Pensez-vous vraiment qu\u2019elle puisse me battre\u00a0? Elle n\u2019y arrivera pas.\u00a0\u00bb\u00a0R\u00e9ponse le 28 d\u00e9cembre.<\/p>\n","protected":false},"excerpt":{"rendered":"Interrog\u00e9e sur son prochain d\u00e9fi \u00e0 Duba\u00ef face Nick Kyrgios, la num\u00e9ro un mondiale a affich\u00e9 sa confiance.&hellip;\n","protected":false},"author":2,"featured_media":586934,"comment_status":"","ping_status":"","sticky":false,"template":"","format":"standard","meta":{"footnotes":""},"categories":[1415],"tags":[7615,1011,27,63206,60,1467],"class_list":{"0":"post-586933","1":"post","2":"type-post","3":"status-publish","4":"format-standard","5":"has-post-thumbnail","7":"category-tennis","8":"tag-aryna-sabalenka","9":"tag-fr","10":"tag-france","11":"tag-nick-kyrgios","12":"tag-sports","13":"tag-tennis"},"share_on_mastodon":{"url":"https:\/\/pubeurope.com\/@fr\/115685503993209554","error":""},"_links":{"self":[{"href":"https:\/\/www.europesays.com\/fr\/wp-json\/wp\/v2\/posts\/586933","targetHints":{"allow":["GET"]}}],"collection":[{"href":"https:\/\/www.europesays.com\/fr\/wp-json\/wp\/v2\/posts"}],"about":[{"href":"https:\/\/www.europesays.com\/fr\/wp-json\/wp\/v2\/types\/post"}],"author":[{"embeddable":true,"href":"https:\/\/www.europesays.com\/fr\/wp-json\/wp\/v2\/users\/2"}],"replies":[{"embeddable":true,"href":"https:\/\/www.europesays.com\/fr\/wp-json\/wp\/v2\/comments?post=586933"}],"version-history":[{"count":0,"href":"https:\/\/www.europesays.com\/fr\/wp-json\/wp\/v2\/posts\/586933\/revisions"}],"wp:featuredmedia":[{"embeddable":true,"href":"https:\/\/www.europesays.com\/fr\/wp-json\/wp\/v2\/media\/586934"}],"wp:attachment":[{"href":"https:\/\/www.europesays.com\/fr\/wp-json\/wp\/v2\/media?parent=586933"}],"wp:term":[{"taxonomy":"category","embeddable":true,"href":"https:\/\/www.europesays.com\/fr\/wp-json\/wp\/v2\/categories?post=586933"},{"taxonomy":"post_tag","embeddable":true,"href":"https:\/\/www.europesays.com\/fr\/wp-json\/wp\/v2\/tags?post=586933"}],"curies":[{"name":"wp","href":"https:\/\/api.w.org\/{rel}","templated":true}]}}