{"id":586935,"date":"2025-12-08T19:07:16","date_gmt":"2025-12-08T19:07:16","guid":{"rendered":"https:\/\/www.europesays.com\/fr\/586935\/"},"modified":"2025-12-08T19:07:16","modified_gmt":"2025-12-08T19:07:16","slug":"ardeche-un-cycliste-en-urgence-absolue-apres-une-chute-dans-un-peloton-a-vallon-pont-darc","status":"publish","type":"post","link":"https:\/\/www.europesays.com\/fr\/586935\/","title":{"rendered":"Ard\u00e8che. Un cycliste en urgence absolue apr\u00e8s une chute dans un peloton \u00e0\u00a0Vallon-Pont-d\u2019Arc"},"content":{"rendered":"<p>Les sapeurs-pompiers ard\u00e9chois sont intervenus ce lundi 8\u00a0d\u00e9cembre en d\u00e9but d\u2019apr\u00e8s-midi route de Ruoms, \u00e0 Vallon-Pont-d\u2019Arc. Ils ont port\u00e9 secours \u00e0 trois cyclistes victimes d\u2019un accident survenu pendant qu\u2019ils roulaient sur la RD 579. Plusieurs ont chut\u00e9 alors qu\u2019ils se trouvaient en peloton.<\/p>\n<p>Ce contenu est bloqu\u00e9 car vous n&rsquo;avez pas accept\u00e9 les cookies et autres traceurs.<\/p>\n<p>En cliquant sur \u00ab J\u2019accepte \u00bb, les cookies et autres traceurs seront d\u00e9pos\u00e9s et vous pourrez visualiser les contenus  (<a href=\"\" class=\"consentModule_policy\" target=\"_blank\" title=\"Consulter la politique de protection des donn\u00e9es du fournisseur\">plus d&rsquo;informations<\/a>).<\/p>\n<p>En cliquant sur \u00ab J\u2019accepte tous les cookies \u00bb, vous autorisez des d\u00e9p\u00f4ts de cookies et autres traceurs pour le stockage de vos donn\u00e9es sur nos sites et applications \u00e0 des fins de personnalisation et de ciblage publicitaire.<\/p>\n<p class=\"consentModule_secondaryText\">Vous gardez la possibilit\u00e9 de retirer votre consentement \u00e0 tout moment en consultant notre <a href=\"https:\/\/www.ledauphine.com\/protection-des-donnees\" target=\"_blank\" title=\"Consulter notre politique de protection des donn\u00e9es\" rel=\"noopener\">politique de protection des donn\u00e9es<\/a>. <br \/>&#13;<br \/>\n            <a href=\"https:\/\/www.ledauphine.com\/faits-divers-justice\/2025\/12\/08\/javascript:Didomi.notice.show()\" class=\"consentModule_cmp\" target=\"_blank\" rel=\"noopener\">G\u00e9rer mes choix<\/a>&#13;\n        <\/p>\n<p>&#13;<br \/>\n                        J&rsquo;accepte&#13;<br \/>\n            J&rsquo;accepte tous les cookies&#13;\n        <\/p>\n<p>\u00c0 l\u2019arriv\u00e9e des secours, un homme de 82 ans \u00e9tait en urgence absolue, il a \u00e9t\u00e9 \u00e9vacu\u00e9 vers le <a href=\"https:\/\/www.ledauphine.com\/sante\/2025\/11\/25\/deficit-chronique-d-activite-medicale-les-defis-du-centre-hospitalier-d-ardeche-meridionale\" target=\"_blank\" rel=\"noopener\"> centre hospitalier d\u2019Aubenas<\/a>. Deux autres cyclistes ont \u00e9t\u00e9 bless\u00e9s plus l\u00e9g\u00e8rement. Un \u00e2g\u00e9 de 72 ans en urgence relative a \u00e9t\u00e9 transport\u00e9 au centre hospitalier d\u2019Aubenas et le second de 78 ans a \u00e9t\u00e9 pris en charge puis laiss\u00e9 sur place, apr\u00e8s examen m\u00e9dical.<\/p>\n<p>L\u2019intervention a mobilis\u00e9\u00a0un v\u00e9hicule de commandement, deux VSAV (V\u00e9hicules de secours et d\u2019assistance aux victimes). Les forces de l\u2019ordre \u00e9taient \u00e9galement pr\u00e9sentes pour s\u00e9curiser la zone et mener les constatations d\u2019usage.<\/p>\n","protected":false},"excerpt":{"rendered":"Les sapeurs-pompiers ard\u00e9chois sont intervenus ce lundi 8\u00a0d\u00e9cembre en d\u00e9but d\u2019apr\u00e8s-midi route de Ruoms, \u00e0 Vallon-Pont-d\u2019Arc. Ils ont&hellip;\n","protected":false},"author":2,"featured_media":586936,"comment_status":"","ping_status":"","sticky":false,"template":"","format":"standard","meta":{"footnotes":""},"categories":[1411],"tags":[119,4646,1154,207,4645,274,107,1011,27,60,45991,55271],"class_list":{"0":"post-586935","1":"post","2":"type-post","3":"status-publish","4":"format-standard","5":"has-post-thumbnail","7":"category-cyclisme","8":"tag-accident","9":"tag-ardeche","10":"tag-cycling","11":"tag-cyclisme","12":"tag-edition-aubenas-privas-vallee-du-rhone","13":"tag-faits-divers-justice","14":"tag-fil-info","15":"tag-fr","16":"tag-france","17":"tag-sports","18":"tag-vallon-pont-darc","19":"tag-vallon-pont-darc-et-autour"},"share_on_mastodon":{"url":"https:\/\/pubeurope.com\/@fr\/115685519918266553","error":""},"_links":{"self":[{"href":"https:\/\/www.europesays.com\/fr\/wp-json\/wp\/v2\/posts\/586935","targetHints":{"allow":["GET"]}}],"collection":[{"href":"https:\/\/www.europesays.com\/fr\/wp-json\/wp\/v2\/posts"}],"about":[{"href":"https:\/\/www.europesays.com\/fr\/wp-json\/wp\/v2\/types\/post"}],"author":[{"embeddable":true,"href":"https:\/\/www.europesays.com\/fr\/wp-json\/wp\/v2\/users\/2"}],"replies":[{"embeddable":true,"href":"https:\/\/www.europesays.com\/fr\/wp-json\/wp\/v2\/comments?post=586935"}],"version-history":[{"count":0,"href":"https:\/\/www.europesays.com\/fr\/wp-json\/wp\/v2\/posts\/586935\/revisions"}],"wp:featuredmedia":[{"embeddable":true,"href":"https:\/\/www.europesays.com\/fr\/wp-json\/wp\/v2\/media\/586936"}],"wp:attachment":[{"href":"https:\/\/www.europesays.com\/fr\/wp-json\/wp\/v2\/media?parent=586935"}],"wp:term":[{"taxonomy":"category","embeddable":true,"href":"https:\/\/www.europesays.com\/fr\/wp-json\/wp\/v2\/categories?post=586935"},{"taxonomy":"post_tag","embeddable":true,"href":"https:\/\/www.europesays.com\/fr\/wp-json\/wp\/v2\/tags?post=586935"}],"curies":[{"name":"wp","href":"https:\/\/api.w.org\/{rel}","templated":true}]}}