{"id":586939,"date":"2025-12-08T19:09:12","date_gmt":"2025-12-08T19:09:12","guid":{"rendered":"https:\/\/www.europesays.com\/fr\/586939\/"},"modified":"2025-12-08T19:09:12","modified_gmt":"2025-12-08T19:09:12","slug":"releve-toi-fils-de-p-vive-altercation-avec-une-ex-star-des-bleus","status":"publish","type":"post","link":"https:\/\/www.europesays.com\/fr\/586939\/","title":{"rendered":"\u00ab\u00a0Rel\u00e8ve-toi, fils de p\u2026\u00a0\u00bb, vive altercation avec une ex-star des Bleus"},"content":{"rendered":"<p>Par <a class=\"author_recette\" id=\"author_name\" href=\"https:\/\/www.nextplz.fr\/auteur\/noelle-binet\" target=\"_blank\" rel=\"noopener\">No\u00eblle<br \/>\nBinet<\/a> &#8211;<br \/>\nPubli\u00e9 le 08 D\u00e9c 2025 \u00e0<br \/>\n17:43 &#8211; Modifi\u00e9 le 08 D\u00e9c 2025 \u00e0 17:47<\/p>\n<p class=\"article-intro excerpt\">Particuli\u00e8rement populaire \u00e0<br \/>\nl\u2019international, Zin\u00e9dine Zidane a aussi eu quelques fois des coups<br \/>\nde sang sur le terrain ! Et une ex-star des Bleus semble avoir \u00e9t\u00e9<br \/>\nmarqu\u00e9e par une violente altercation qu\u2019ils auraient eue\u2026<\/p>\n<p>Un \u00e9v\u00e9nement qu\u00a0\u00bbil ne fallait absolument pas manquer ! Ce<br \/>\ndimanche 7 d\u00e9cembre 2025, Zin\u00e9dine Zidane et d&rsquo;autres anciennes<br \/>\nstars du ballon rond ont volontiers particip\u00e9 \u00e0 The Universe<br \/>\nLeague, organis\u00e9 au stade V\u00e9lodrome par le neveu de<br \/>\nl&rsquo;ex-champion du monde 98.<\/p>\n<p>Zin\u00e9dine Zidane accueilli comme un roi \u00e0 Marseille, cette folle<br \/>\nrencontre qui a fait des heureux<\/p>\n<p>Sur le terrain, des influenceurs, mais aussi des humoristes ont<br \/>\ndonn\u00e9 de leur personne ! \u00c0 tout juste 53 ans, l&rsquo;\u00e9poux de V\u00e9ronique<br \/>\nZidane n&rsquo;a rien perdu de sa superbe ! Buteur lors de la rencontre<br \/>\ntant attendue, l&rsquo;heureux papa de quatre enfants s&rsquo;est impos\u00e9 avec<br \/>\nl&rsquo;\u00e9quipe de l\u00e9gendes Phoc\u00e9an Universe 10-1 contre celle de King<br \/>\nCapital. Naturellement, la l\u00e9gende du football a aussi eu droit \u00e0<br \/>\nune incroyable ovation dans le stade pr\u00e9f\u00e9r\u00e9 des Marseillais. Le<br \/>\nnatif de Marseille, d&rsquo;origine alg\u00e9rienne, a toujours \u00e9t\u00e9 <a href=\"https:\/\/www.nextplz.fr\/people\/488122-robert-pires-51-ans-brutalement-honnete-sur-zinedine-zidane-je-lappelle-larabe\" target=\"_blank\" rel=\"noopener\"><br \/>\nparticuli\u00e8rement fier de ses racines<\/a>. S&rsquo;il semble vivre \u00e0<br \/>\nl&rsquo;ann\u00e9e en Espagne, il n&rsquo;est visiblement pas rare de le croiser au<br \/>\nsein de la cit\u00e9 Phoc\u00e9enne.<\/p>\n<p>Zoom sur sa carri\u00e8re exceptionnelle qui ne cesse d&rsquo;inspirer les<br \/>\nnouvelles g\u00e9n\u00e9rations<\/p>\n<p>Passionn\u00e9 de football depuis son <a href=\"https:\/\/www.nextplz.fr\/personnalite\/zinedine-zidane\/page\/2\" target=\"_blank\" rel=\"noopener\">plus<br \/>\njeune \u00e2ge, Zin\u00e9dine Zidane<\/a> a commenc\u00e9 \u00e0 se faire brillamment un<br \/>\nnom lorsqu&rsquo;il a rejoint les\u00a0Girondins de Bordeaux au d\u00e9but des<br \/>\nann\u00e9es 90. V\u00e9ritable ph\u00e9nom\u00e8ne sur les terrains, l&rsquo;ancien<br \/>\nentraineur de la Maison Blanche d\u00e9chainera \u00e0 l&rsquo;international les<br \/>\npassions en 98 en remportant la Coupe du monde de football avec les<br \/>\nBleus. Son transfert au Real orchestr\u00e9 en 2001 pour 75 millions<br \/>\nd&rsquo;euros fut longtemps l&rsquo;un des plus chers de l&rsquo;histoire du<br \/>\nfootball. En Espagne, il jouera notamment aux c\u00f4t\u00e9s du Br\u00e9silien<br \/>\nRonaldo, ou m\u00eame de David Beckham !<\/p>\n<p>\u00ab\u00a0Zidane a un caract\u00e8re<br \/>\nextr\u00eamement tremp\u00e9\u00a0\u00bb<\/p>\n<p>En 2006, l&rsquo;ex-attaquant a toutefois pris sa retraite apr\u00e8s la<br \/>\nmalheureuse finale de la Coupe du monde face \u00e0 l&rsquo;Italie durant<br \/>\nlaquelle il sera expuls\u00e9 apr\u00e8s avoir donn\u00e9 un coup de boule \u00e0<br \/>\n<a href=\"https:\/\/www.nextplz.fr\/people\/173086-marco-materazzi-on-sait-enfin-ce-qui-a-provoque-le-coup-de-boule-de-zidane-en-2006\" target=\"_blank\" rel=\"noopener\"><br \/>\nson adversaire : le sulfureux Marco Materazzi<\/a>. Dans les m\u00e9dias,<br \/>\nplusieurs de ses anciens co\u00e9quipiers ont rapport\u00e9 qu&rsquo;il avait un<br \/>\nfort temp\u00e9rament. \u00ab\u00a0De l\u2019ext\u00e9rieur on ne le voit pas, mais<br \/>\nZidane a un caract\u00e8re extr\u00eamement tremp\u00e9. Pour faire une telle<br \/>\ncarri\u00e8re, avec toutes les attentes autour de lui, et alors qu\u2019il a<br \/>\ntoujours r\u00e9pondu pr\u00e9sent, c&rsquo;est qu&rsquo;il a un caract\u00e8re extr\u00eamement<br \/>\nfort\u00a0\u00bb, avait affirm\u00e9 Lilian Thuram qui le connait bien au Club<br \/>\nde la presse d\u2019Europe 1.<\/p>\n<p>La m\u00e8re de J\u00e9r\u00f4me Rothen insult\u00e9e par l&rsquo;ex-star du ballon rond ? Il<br \/>\nraconte<\/p>\n<p>Mais une autre star des Bleus a confirm\u00e9 que Zizou n&rsquo;\u00e9tait pas<br \/>\ndu genre \u00e0 se laisser marcher sur les pieds. Son nom ? J\u00e9r\u00f4me<br \/>\nRothen qui s&rsquo;est illustr\u00e9 avec l&rsquo;\u00e9quipe de France au d\u00e9but des<br \/>\nann\u00e9es 2000. \u00c0 savoir qu&rsquo;il a aussi d\u00e9fendu les couleurs du PSG de<br \/>\n2004 \u00e0 2009. Dans son autobiographe <a href=\"https:\/\/www.amazon.fr\/J%C3%A9r%C3%B4me-Rothen-Vous-nallez-croire\/dp\/2916400451\" target=\"_blank\" rel=\"noreferrer noopener nofollow\">intitul\u00e9e<br \/>\nVous n&rsquo;allez pas me croire<\/a> d\u00e9voil\u00e9e en 2008, le p\u00e8re<br \/>\nde famille est revenu sur un match survenu il y a 20 ans qui les<br \/>\nopposait : le Real vs l&rsquo;AS Monaco ! Malheureusement pour Zin\u00e9dine<br \/>\nZidane et ses co\u00e9quipiers, ils furent \u00e9limin\u00e9s en quart de finale<br \/>\nde la Ligue des champions. Apr\u00e8s avoir \u00e9t\u00e9 tacl\u00e9 par ce dernier,<br \/>\nJ\u00e9r\u00f4me Rothen se serait volontairement tordu de douleur pour gagner<br \/>\ndu temps. Une mascarade qui aurait ulc\u00e9r\u00e9 au plus haut point le<br \/>\ngrand ami de Bixente Lizarazu.<\/p>\n<p>\u00ab\u00a0Je pense qu&rsquo;il y a des limites&#8230;\u00a0\u00bb<\/p>\n<p>\u00ab\u00a0Rel\u00e8ve-toi, fils de pute\u00a0\u00bb, lui aurait l\u00e2ch\u00e9 Zin\u00e9dine<br \/>\nZidane. Une phrase particuli\u00e8rement violente qui naturellement<br \/>\nbless\u00e9 J\u00e9r\u00f4me Rothen et qu&rsquo;il ne comprend pas. Toujours selon lui,<br \/>\nle fils de Sma\u00efl et Malika Zidane n&rsquo;aurait pas pris la peine de<br \/>\ns&rsquo;excuser. \u00ab\u00a0<strong>Je ne m&rsquo;attendais vraiment pas \u00e0 \u00e7a de la part<br \/>\ndu joueur que j&rsquo;admire le plus au monde<\/strong>\u00ab\u00a0, a-t-il regrett\u00e9<br \/>\ndans ses \u00e9crits. Bien plus tard, dans la Boite \u00e0 souvenirs sur RMC,<br \/>\nJ\u00e9r\u00f4me Rothen s&rsquo;\u00e9tait rem\u00e9mor\u00e9 l&rsquo;\u00e9change en toute transparence :<br \/>\n\u00ab\u00a0Je ne les comprends pas par rapport \u00e0 quelqu\u2019un que tu<br \/>\nconnais, avec qui tu t\u2019es entra\u00een\u00e9 et avec qui tu as jou\u00e9 en<br \/>\ns\u00e9lection (&#8230;). Les insultes, sur le terrain, \u00e7a peut arriver. Et<br \/>\n\u00e7a m\u2019est arriv\u00e9 aussi. Mais envers quelqu\u2019un avec qui tu as partag\u00e9<br \/>\nle m\u00eame maillot, \u00e0 c\u00f4t\u00e9 de qui tu t\u2019es assis dans le vestiaire, je<br \/>\npense qu\u2019il y a des limites.\u00a0\u00bb<\/p>\n","protected":false},"excerpt":{"rendered":"Par No\u00eblle Binet &#8211; Publi\u00e9 le 08 D\u00e9c 2025 \u00e0 17:43 &#8211; Modifi\u00e9 le 08 D\u00e9c 2025 \u00e0&hellip;\n","protected":false},"author":2,"featured_media":586940,"comment_status":"","ping_status":"","sticky":false,"template":"","format":"standard","meta":{"footnotes":""},"categories":[1359],"tags":[21303,58,59,1011,27,973,65861],"class_list":{"0":"post-586939","1":"post","2":"type-post","3":"status-publish","4":"format-standard","5":"has-post-thumbnail","7":"category-people","8":"tag-buzz_nonli","9":"tag-divertissement","10":"tag-entertainment","11":"tag-fr","12":"tag-france","13":"tag-people","14":"tag-trend"},"share_on_mastodon":{"url":"https:\/\/pubeurope.com\/@fr\/115685527768632955","error":""},"_links":{"self":[{"href":"https:\/\/www.europesays.com\/fr\/wp-json\/wp\/v2\/posts\/586939","targetHints":{"allow":["GET"]}}],"collection":[{"href":"https:\/\/www.europesays.com\/fr\/wp-json\/wp\/v2\/posts"}],"about":[{"href":"https:\/\/www.europesays.com\/fr\/wp-json\/wp\/v2\/types\/post"}],"author":[{"embeddable":true,"href":"https:\/\/www.europesays.com\/fr\/wp-json\/wp\/v2\/users\/2"}],"replies":[{"embeddable":true,"href":"https:\/\/www.europesays.com\/fr\/wp-json\/wp\/v2\/comments?post=586939"}],"version-history":[{"count":0,"href":"https:\/\/www.europesays.com\/fr\/wp-json\/wp\/v2\/posts\/586939\/revisions"}],"wp:featuredmedia":[{"embeddable":true,"href":"https:\/\/www.europesays.com\/fr\/wp-json\/wp\/v2\/media\/586940"}],"wp:attachment":[{"href":"https:\/\/www.europesays.com\/fr\/wp-json\/wp\/v2\/media?parent=586939"}],"wp:term":[{"taxonomy":"category","embeddable":true,"href":"https:\/\/www.europesays.com\/fr\/wp-json\/wp\/v2\/categories?post=586939"},{"taxonomy":"post_tag","embeddable":true,"href":"https:\/\/www.europesays.com\/fr\/wp-json\/wp\/v2\/tags?post=586939"}],"curies":[{"name":"wp","href":"https:\/\/api.w.org\/{rel}","templated":true}]}}