{"id":586954,"date":"2025-12-08T19:18:21","date_gmt":"2025-12-08T19:18:21","guid":{"rendered":"https:\/\/www.europesays.com\/fr\/586954\/"},"modified":"2025-12-08T19:18:21","modified_gmt":"2025-12-08T19:18:21","slug":"promo-499e-lenovo-ideapad-1-15amn7-82vg00xxfr-15%e2%80%b3-full-hd-fin-et-leger-pc-portable-pas-cher-windows-11-argent-amd-ryzen-5-avec-ssd-512-go-ram-16-go","status":"publish","type":"post","link":"https:\/\/www.europesays.com\/fr\/586954\/","title":{"rendered":"Promo 499\u20ac Lenovo IdeaPad 1 15AMN7 (82VG00XXFR) 15\u2033 Full HD fin et l\u00e9ger, PC portable pas cher Windows 11 Argent AMD Ryzen 5 avec SSD 512 Go RAM 16 Go"},"content":{"rendered":"<p>Notre avis sur le Lenovo IdeaPad 1 15AMN7 (82VG00XXFR)<\/p>\n<p>Adapt\u00e9 \u00e0 une utilisation courante, le PC portable pas cher <strong>Lenovo IdeaPad 1 15AMN7 (82VG00XXFR)<\/strong> Windows 11 adapt\u00e9 \u00e0 une utilisation courante propose un lecteur de cartes SD en plus d\u2019une connectivit\u00e9 Wi-Fi 6 et USB-C. \u00c9l\u00e9gant avec son design argent, cet ordinateur portable qui se pare d\u2019un \u00e9cran 15 pouces antireflet Full HD et d\u2019un stockage SSD rapide de 512 Go renfor\u00e7ant sa r\u00e9activit\u00e9 s\u2019appuie sur un processeur AMD Ryzen 5 7520U Mendocino et 16 Go de m\u00e9moire vive.<\/p>\n<p><img loading=\"lazy\" width=\"1867\" height=\"1738\" decoding=\"async\" src=\"https:\/\/www.europesays.com\/fr\/wp-content\/uploads\/2025\/12\/Lenovo-IdeaPad-1-15AMN7-82VG00XXFR-1.jpg\" alt=\"Lenovo IdeaPad 1 15AMN7 (82VG00XXFR)\" data-id=\"369795\"\/><\/p>\n<p>\t\t\t\t\t\t\t\t\t<img loading=\"lazy\" width=\"300\" height=\"100\" decoding=\"async\" src=\"https:\/\/www.europesays.com\/fr\/wp-content\/uploads\/2025\/10\/Amazon.gif\" class=\"lps-box-comparo-ligne-logo-marchand\" title=\"\" alt=\"\"\/><\/p>\n<p>\t\t\t\t\t\t\t\t\t499\u20ac<\/p>\n<p>Caract\u00e9ristiques du Lenovo IdeaPad 1 15AMN7 (82VG00XXFR)<\/p>\n<tr>\n<td>\u00c9cran(s)<\/td>\n<td>15.6\u2019\u2019 Full HD LED micro-bords 220cd\/m\u00b2 (1920\u00d71080, antireflet)<\/td>\n<\/tr>\n<tr>\n<td>Processeur<\/td>\n<td>AMD Ryzen 5 7520U Mendocino (2.8 GHz, 4 c\u0153urs, TDP 15W)<\/td>\n<\/tr>\n<tr>\n<td>M\u00e9moire vive install\u00e9e (max)<\/td>\n<td>16 Go (soud\u00e9s) LPDDR5 5500 MHz<\/td>\n<\/tr>\n<tr>\n<td>Carte graphique<\/td>\n<td>AMD Radeon 610M int\u00e9gr\u00e9e au processeur<\/td>\n<\/tr>\n<tr>\n<td>Stockage<\/td>\n<td>SSD M.2 de 512 Go (NVMe PCIe 4.0 x4, 2242)<\/td>\n<\/tr>\n<tr>\n<td>Connectique<\/td>\n<td>1 USB 3.2 (Gen1) + 1 USB 2.0 + 1 USB 3.2 Type-C (Gen1), HDMI 1.4b, lecteur de cartes 4-en-1<\/td>\n<\/tr>\n<tr>\n<td>R\u00e9seau<\/td>\n<td>Wi-Fi 6 ax (2\u00d72), Bluetooth 5.2<\/td>\n<\/tr>\n<tr>\n<td>Clavier r\u00e9tro \u00e9clair\u00e9<\/td>\n<td>\u2013<\/td>\n<\/tr>\n<tr>\n<td>Pav\u00e9 num\u00e9rique<\/td>\n<td>Oui<\/td>\n<\/tr>\n<tr>\n<td>Windows Hello<\/td>\n<td>\u2013<\/td>\n<\/tr>\n<tr>\n<td>Syst\u00e8me audio<\/td>\n<td>2 haut-parleurs (2 x 1.5W) Dolby Audio<\/td>\n<\/tr>\n<tr>\n<td>Syst\u00e8me d\u2019exploitation<\/td>\n<td>Windows 11 64 bits<\/td>\n<\/tr>\n<tr>\n<td>Autonomie annonc\u00e9e \/ Batterie<\/td>\n<td>6 heures \/ Li-Ion 3 cellules 42Whr (adaptateur 65W)<\/td>\n<\/tr>\n<tr>\n<td>Poids \/ Dimensions (mm)<\/td>\n<td>1.58 Kg \/ 360.2 x 236 x 17.9<\/td>\n<\/tr>\n<p>Le Lenovo IdeaPad 1 15AMN7 (82VG00XXFR) face \u00e0 la concurrence<\/p>\n<p>Le Lenovo IdeaPad 1 15AMN7 (82VG00XXFR) est actuellement en <strong><a href=\"https:\/\/yurl.fr\/l\/laptopspirit\/aHR0cHM6Ly93d3cuYW1hem9uLmZyL0xlbm92by1JZGVhUGFkLTE1QU1ONy1PcmRpbmF0ZXVyLVBvcnRhYmxlL2RwL0IwRlJHSk5YVlQ\" target=\"_blank\" rel=\"nofollow noopener\" onclick=\"ga(&#039;send&#039;, &#039;event&#039;, &#039;lienYurl&#039;, &#039;clicYurl&#039;, &#039;lienYurlArticle&#039;);\">promotion chez Amazon<\/a><\/strong> et offre un rapport configuration\/prix <a href=\"https:\/\/www.laptopspirit.fr\/comparateur\/filtres\/criteres\/26dbc72d29186f872e80060c041f6017.html\" target=\"_blank\" rel=\"noopener noreferrer\">int\u00e9ressant pour sa cat\u00e9gorie<\/a> o\u00f9 il est l\u2019un des moins chers \u00e0 int\u00e9grer un processeur aussi performant ainsi qu\u2019un lecteur de cartes, avec Windows 11 inclus.<\/p>\n<p>Si ce PC portable ne correspond pas totalement \u00e0 vos besoins, nous vous invitons \u00e0 consulter nos guides <a href=\"https:\/\/www.laptopspirit.fr\/pc-portable-pas-cher-les-meilleurs-ordinateurs-du-moment\" target=\"_blank\" rel=\"noopener\">PC portable pas cher<\/a> et <a href=\"https:\/\/www.laptopspirit.fr\/tag\/pc-portable-etudiant\" target=\"_blank\" rel=\"noopener\">PC portable \u00e9tudiant<\/a>, vous y trouverez d\u2019autres ordinateurs portables similaires qui peuvent constituer de bonnes alternatives au Lenovo IdeaPad 1 15AMN7 (82VG00XXFR).<\/p>\n<p>Ch\u00e2ssis, connectique, \u00e9cran du Lenovo IdeaPad 1 15AMN7 (82VG00XXFR)<\/p>\n<p>Son design Cloud Grey argent clair fin et l\u00e9ger lui conf\u00e8re une apparence \u00e9l\u00e9gante et discr\u00e8te.<\/p>\n<p>En mati\u00e8re de connectique cet ordinateur portable est mieux \u00e9quip\u00e9 que la moyenne puisqu\u2019il int\u00e8gre un lecteur de cartes SD en plus d\u2019une sortie vid\u00e9o HDMI gr\u00e2ce \u00e0 laquelle on peut facilement le relier \u00e0 une TV ou un moniteur notamment, un port audio, des modules sans-fil Wi-Fi 6 ax et Bluetooth 5.2 pour des connexions et communications \u00e0 distance mais \u00e9galement 3 USB dont 1 USB-C pratiques pour brancher des p\u00e9riph\u00e9riques comme une souris, un casque-micro, un stockage externe ou une imprimante. <\/p>\n<p><a href=\"https:\/\/www.laptopspirit.fr\/wp-content\/uploads\/new\/2025\/12\/Lenovo-IdeaPad-1-15AMN7-82VG00XXFR-2.jpg\" data-slb-active=\"1\" data-slb-asset=\"1957642760\" data-slb-internal=\"0\" data-slb-group=\"369793\" target=\"_blank\" rel=\"noopener\"><img loading=\"lazy\" decoding=\"async\" width=\"1024\" height=\"725\" src=\"https:\/\/www.europesays.com\/fr\/wp-content\/uploads\/2025\/12\/Lenovo-IdeaPad-1-15AMN7-82VG00XXFR-2-1024x725.jpg\" alt=\"Lenovo IdeaPad 1 15AMN7 (82VG00XXFR)\" class=\"wp-image-369796\"  \/><\/a><\/p>\n<p>L\u2019\u00e9cran Full HD se pr\u00eate bien \u00e0 l\u2019affichage de vid\u00e9os en raison de son format 16\/9\u00e8me.<br \/>Son rev\u00eatement antireflet assure par ailleurs une meilleure visibilit\u00e9 que du brillant en environnement lumineux (ex : pr\u00e8s d\u2019une fen\u00eatre). En somme, des caract\u00e9ristiques classiques au regard du positionnement de ce PC portable. <\/p>\n<p>Performances, autonomie du Lenovo IdeaPad 1 15AMN7 (82VG00G7FR)<\/p>\n<p>Le Lenovo IdeaPad 1 15AMN7 (82VG00G7FR) est un ordinateur portable 15 pouces \u00e9l\u00e9gant fin et l\u00e9ger destin\u00e9 \u00e0 un usage courant.<\/p>\n<p>En effet il est pilot\u00e9 par un processeur AMD Ryzen 5 7520U basse consommation <a href=\"https:\/\/www.laptopspirit.fr\/322161\/ces-2023-amd-ryzen-7000-les-nouveaux-processeurs-mobiles-pour-pc-portables-officiels-de-mendocino-a-dragon-range.html\" target=\"_blank\" rel=\"noopener noreferrer\">Mendocino<\/a> dot\u00e9 de 4 c\u0153urs et de la partie graphique Radeon 610M, \u00e9paul\u00e9 par une bonne quantit\u00e9 de m\u00e9moire vive de 16 Go tr\u00e8s utile en multit\u00e2ches.<\/p>\n<p>Ainsi ce PC portable se montre bien adapt\u00e9 \u00e0 des t\u00e2ches comme de la navigation web, de la bureautique ou encore pour regarder des photos et vid\u00e9os.<\/p>\n<p>La pr\u00e9sence du SSD silencieux, peu \u00e9nergivore et surtout tr\u00e8s v\u00e9loce renforce clairement la r\u00e9activit\u00e9 et la fluidit\u00e9 au quotidien. Il soutient bien le c\u0153ur de cet ordinateur pour assurer des d\u00e9marrages\/arr\u00eats et lancements d\u2019applications assez rapides.<\/p>\n<p>Lenovo opte ici pour une capacit\u00e9 logique de 512 Go dont se contentent \u00e9galement de nombreuses configurations \u2013 nettement \u2013 plus ch\u00e8res pour loger pas mal de logiciels et fichiers.<\/p>\n<p><img loading=\"lazy\" width=\"1797\" height=\"1182\" decoding=\"async\" src=\"https:\/\/www.europesays.com\/fr\/wp-content\/uploads\/2025\/12\/Lenovo-IdeaPad-1-15AMN7-82VG00XXFR-3.jpg\" alt=\"Lenovo IdeaPad 1 15AMN7 (82VG00XXFR)\" data-id=\"369797\"\/><\/p>\n<p>\t\t\t\t\t\t\t\t\t<img loading=\"lazy\" width=\"300\" height=\"100\" decoding=\"async\" src=\"https:\/\/www.europesays.com\/fr\/wp-content\/uploads\/2025\/10\/Amazon.gif\" class=\"lps-box-comparo-ligne-logo-marchand\" title=\"\" alt=\"\"\/><\/p>\n<p>\t\t\t\t\t\t\t\t\t499\u20ac<\/p>\n<p>Toutefois si l\u2019on a besoin de plus d\u2019espace on peut toujours s\u2019appuyer sur un support de stockage externe. Privil\u00e9gier  un p\u00e9riph\u00e9rique USB 3.0\/USB-C repr\u00e9sente alors une bonne option pour obtenir des transferts plus rapides qu\u2019en USB 2.0.<\/p>\n<p>Quant \u00e0 l\u2019autonomie, tablez sur environ 6 heures de fonctionnement sur batterie en usage l\u00e9ger pour ce PC dont la finesse et le poids ma\u00eetris\u00e9 le rendent aussi facile \u00e0 transporter qu\u2019un Ultrabook. <\/p>\n","protected":false},"excerpt":{"rendered":"Notre avis sur le Lenovo IdeaPad 1 15AMN7 (82VG00XXFR) Adapt\u00e9 \u00e0 une utilisation courante, le PC portable pas&hellip;\n","protected":false},"author":2,"featured_media":586955,"comment_status":"","ping_status":"","sticky":false,"template":"","format":"standard","meta":{"footnotes":""},"categories":[7],"tags":[1011,27,43,40,41,39,42,44],"class_list":{"0":"post-586954","1":"post","2":"type-post","3":"status-publish","4":"format-standard","5":"has-post-thumbnail","7":"category-sciences-et-technologies","8":"tag-fr","9":"tag-france","10":"tag-science","11":"tag-science-and-technology","12":"tag-sciences","13":"tag-sciences-et-technologies","14":"tag-technologies","15":"tag-technology"},"share_on_mastodon":{"url":"https:\/\/pubeurope.com\/@fr\/115685564801685156","error":""},"_links":{"self":[{"href":"https:\/\/www.europesays.com\/fr\/wp-json\/wp\/v2\/posts\/586954","targetHints":{"allow":["GET"]}}],"collection":[{"href":"https:\/\/www.europesays.com\/fr\/wp-json\/wp\/v2\/posts"}],"about":[{"href":"https:\/\/www.europesays.com\/fr\/wp-json\/wp\/v2\/types\/post"}],"author":[{"embeddable":true,"href":"https:\/\/www.europesays.com\/fr\/wp-json\/wp\/v2\/users\/2"}],"replies":[{"embeddable":true,"href":"https:\/\/www.europesays.com\/fr\/wp-json\/wp\/v2\/comments?post=586954"}],"version-history":[{"count":0,"href":"https:\/\/www.europesays.com\/fr\/wp-json\/wp\/v2\/posts\/586954\/revisions"}],"wp:featuredmedia":[{"embeddable":true,"href":"https:\/\/www.europesays.com\/fr\/wp-json\/wp\/v2\/media\/586955"}],"wp:attachment":[{"href":"https:\/\/www.europesays.com\/fr\/wp-json\/wp\/v2\/media?parent=586954"}],"wp:term":[{"taxonomy":"category","embeddable":true,"href":"https:\/\/www.europesays.com\/fr\/wp-json\/wp\/v2\/categories?post=586954"},{"taxonomy":"post_tag","embeddable":true,"href":"https:\/\/www.europesays.com\/fr\/wp-json\/wp\/v2\/tags?post=586954"}],"curies":[{"name":"wp","href":"https:\/\/api.w.org\/{rel}","templated":true}]}}