{"id":586956,"date":"2025-12-08T19:19:16","date_gmt":"2025-12-08T19:19:16","guid":{"rendered":"https:\/\/www.europesays.com\/fr\/586956\/"},"modified":"2025-12-08T19:19:16","modified_gmt":"2025-12-08T19:19:16","slug":"noel-le-detail-horaire-qui-revele-limpact-reel-des-24-et-25-decembre-sur-la-facture-energetique","status":"publish","type":"post","link":"https:\/\/www.europesays.com\/fr\/586956\/","title":{"rendered":"No\u00ebl, le d\u00e9tail horaire qui r\u00e9v\u00e8le l\u2019impact r\u00e9el des 24 et 25 d\u00e9cembre sur la facture \u00e9nerg\u00e9tique"},"content":{"rendered":"<p itemprop=\"description\">Les f\u00eates de No\u00ebl nous rassemblent, mais<br \/>\nelles p\u00e8sent lourd sur la facture d&rsquo;\u00e9lectricit\u00e9. Voici le surplus<br \/>\nauquel s&rsquo;attendre, pour 48 heures.<\/p>\n<p>Les festivit\u00e9s de No\u00ebl vont donner l\u00a0\u00bboccasion \u00e0 des millions de<br \/>\nFran\u00e7ais de se retrouver autour d&rsquo;une table, pour des c\u00e9l\u00e9brations<br \/>\nenjou\u00e9s et festives. Mais derri\u00e8re ce d\u00e9luge de sapins d\u00e9cor\u00e9s, de<br \/>\nguirlandes allum\u00e9s et de fours fonctionnant \u00e0 plein r\u00e9gime, se<br \/>\ncache une r\u00e9alit\u00e9 un peu plus difficile \u00e0 avaler : celui de la note<br \/>\nsur facture d&rsquo;\u00e9nergie.<\/p>\n<p>Un r\u00e9veillon enchant\u00e9\u2026 qui<br \/>\np\u00e8se sur la facture<\/p>\n<p data-start=\"2593\" data-end=\"3263\">Pendant les <a href=\"https:\/\/www.maison-travaux.fr\/actualites\/budget-de-noel-2025-ce-que-vont-vraiment-depenser-en-moyenne-les-francais-et-le-chiffre-au-plus-bas-depuis-2017-qui-doit-vous-alerter-607381.html\" target=\"_blank\" rel=\"noopener\"><br \/>\nf\u00eates de No\u00ebl<\/a>, entre les repas copieux, les d\u00e9corations<br \/>\nlumineuses et un chauffage souvent plus sollicit\u00e9, nos logements<br \/>\nconsomment nettement plus qu&rsquo;un jour d&rsquo;hiver ordinaire. Selon une<br \/>\n\u00e9tude parue le vendredi 5 d\u00e9cembre, <strong>la seule journ\u00e9e de<br \/>\nNo\u00ebl peut faire grimper la facture d&rsquo;\u00e9lectricit\u00e9 d&rsquo;environ 5 %<br \/>\ncompar\u00e9e \u00e0 une journ\u00e9e classique<\/strong>. Cette hausse s&rsquo;explique<br \/>\nnotamment par l&rsquo;utilisation prolong\u00e9e du four, de l&rsquo;ensemble des<br \/>\n\u00e9clairages lumineux, ainsi que par le chauffage allum\u00e9 en continu<br \/>\npour maintenir une temp\u00e9rature agr\u00e9able lorsque les festivit\u00e9s sont<br \/>\nen cours.<\/p>\n<p data-start=\"3265\" data-end=\"3684\">Pour donner un ordre de<br \/>\ngrandeur, l&rsquo;\u00e9tude \u00e9voque un surco\u00fbt potentiel \u00ab jusqu\u2019\u00e0 24 \u20ac de<br \/>\nplus pour 48 heures de festivit\u00e9s \u00bb. Cela revient \u00e0 environ<br \/>\n<strong data-start=\"3472\" data-end=\"3500\">0,50 \u20ac de plus par<br \/>\nheure<\/strong> sur ces deux jours intenses. Un suppl\u00e9ment qui, mis<br \/>\nbout \u00e0 bout, fait son effet sur la facture.<\/p>\n<p>F\u00eates, repas, chauffage :<br \/>\nl&rsquo;ensemble des surconsommations<\/p>\n<p data-start=\"4759\" data-end=\"5153\">Certains postes p\u00e8sent lourd<br \/>\ndans la consommation \u00e9lectrique pendant No\u00ebl. <strong>Le four, les<br \/>\nplaques, l&rsquo;\u00e9clairage d&rsquo;ambiance, le chauffage<\/strong>, mais aussi<br \/>\n\u00e9ventuellement le grille-pain, la bouilloire ou les syst\u00e8mes audio<br \/>\npeuvent accro\u00eetre la consommation globale du foyer.<\/p>\n<p data-start=\"5155\" data-end=\"5593\">Selon les estimations, pour un<br \/>\nfoyer type d\u00e9corant sa maison avec <a href=\"https:\/\/www.maison-travaux.fr\/sinformer\/guirlandes-electriques-et-sapin-de-noel-ce-geste-anodin-que-tout-le-monde-fait-la-nuit-peut-suffire-a-incendier-votre-maison-607385.html\" target=\"_blank\" rel=\"noopener\"><br \/>\nplusieurs guirlandes et figurines lumineuses<\/a>, <strong>la<br \/>\nsurconsommation pendant la p\u00e9riode des f\u00eates peut atteindre 10 \u00e0 15<br \/>\n\u20ac<\/strong>. Sur un r\u00e9veillon complet \u2014 cuisson, chauffage,<br \/>\n\u00e9clairages \u2014, ce surplus repr\u00e9sente une part notable de la facture<br \/>\nmensuelle.<\/p>\n<p><img decoding=\"async\" src=\"data:image\/svg+xml,%3Csvg%20xmlns=\" http:=\"\" width=\"100%\" height=\"auto\" data-lazy-src=\"https:\/\/www.europesays.com\/fr\/wp-content\/uploads\/2025\/12\/1765221556_344_maxresdefault.jpg\"\/><br \/>\n<video width=\"100%\" height=\"360px\" controls=\"\" id=\"player_91ba816f460b4348d0977ba2f712558b\" preload=\"auto\" class=\"video-js vjs-default-skin vjs-big-play-centered\" style=\"display:none; text-align: center; margin-bottom: 4px;\" poster=\"https:\/\/www.europesays.com\/fr\/wp-content\/uploads\/2025\/12\/1765221556_344_maxresdefault.jpg\"\/><\/p>\n<p>Lumi\u00e8res de f\u00eate : comment r\u00e9duire la facture ?<\/p>\n<p data-start=\"3745\" data-end=\"4325\">La consommation d&rsquo;\u00e9lectricit\u00e9<br \/>\ndes d\u00e9corations de No\u00ebl varie \u00e9norm\u00e9ment selon <a href=\"https:\/\/www.maison-travaux.fr\/actualites\/budget\/economiser-lumiere-a-maison-355291.html\" target=\"_blank\" rel=\"noopener\"><br \/>\nle type d&rsquo;\u00e9clairage utilis\u00e9<\/a>. Une guirlande LED standard<br \/>\nconsomme tr\u00e8s peu : quelques watts seulement. Par exemple,<br \/>\n<strong>certaines LED peuvent consommer 5 W pour 50 lampes, ce qui<br \/>\nlimite fortement le co\u00fbt<\/strong>, m\u00eame sur plusieurs heures<br \/>\nd&rsquo;\u00e9clairage. En revanche, les guirlandes incandescentes \u2014 plus<br \/>\ntraditionnelles \u2014 sont beaucoup plus gourmandes, ce qui peut<br \/>\nmultiplier la facture si elles sont allum\u00e9es de longues heures&#8230;<br \/>\ncomme c&rsquo;est le cas \u00e0 No\u00ebl.<\/p>\n<p data-start=\"4327\" data-end=\"4692\">Ainsi, si vous allumez une<br \/>\nguirlande LED six heures par jour pendant tout le mois de d\u00e9cembre,<br \/>\n<strong>le surco\u00fbt reste modeste<\/strong>. Mais si vous cumulez<br \/>\nplusieurs d\u00e9corations, ou si vous utilisez des \u00e9clairages anciens<br \/>\nou puissants, la facture grimpe nettement plus rapidement (sans<br \/>\nm\u00eame compter un \u00e9ventuel \u00e9clairage ext\u00e9rieur).<\/p>\n","protected":false},"excerpt":{"rendered":"Les f\u00eates de No\u00ebl nous rassemblent, mais elles p\u00e8sent lourd sur la facture d&rsquo;\u00e9lectricit\u00e9. Voici le surplus auquel&hellip;\n","protected":false},"author":2,"featured_media":586957,"comment_status":"","ping_status":"","sticky":false,"template":"","format":"standard","meta":{"footnotes":""},"categories":[6],"tags":[35,33,34,1011,27,729],"class_list":{"0":"post-586956","1":"post","2":"type-post","3":"status-publish","4":"format-standard","5":"has-post-thumbnail","7":"category-economie","8":"tag-business","9":"tag-economie","10":"tag-economy","11":"tag-fr","12":"tag-france","13":"tag-yout_video"},"share_on_mastodon":{"url":"https:\/\/pubeurope.com\/@fr\/115685567423068921","error":""},"_links":{"self":[{"href":"https:\/\/www.europesays.com\/fr\/wp-json\/wp\/v2\/posts\/586956","targetHints":{"allow":["GET"]}}],"collection":[{"href":"https:\/\/www.europesays.com\/fr\/wp-json\/wp\/v2\/posts"}],"about":[{"href":"https:\/\/www.europesays.com\/fr\/wp-json\/wp\/v2\/types\/post"}],"author":[{"embeddable":true,"href":"https:\/\/www.europesays.com\/fr\/wp-json\/wp\/v2\/users\/2"}],"replies":[{"embeddable":true,"href":"https:\/\/www.europesays.com\/fr\/wp-json\/wp\/v2\/comments?post=586956"}],"version-history":[{"count":0,"href":"https:\/\/www.europesays.com\/fr\/wp-json\/wp\/v2\/posts\/586956\/revisions"}],"wp:featuredmedia":[{"embeddable":true,"href":"https:\/\/www.europesays.com\/fr\/wp-json\/wp\/v2\/media\/586957"}],"wp:attachment":[{"href":"https:\/\/www.europesays.com\/fr\/wp-json\/wp\/v2\/media?parent=586956"}],"wp:term":[{"taxonomy":"category","embeddable":true,"href":"https:\/\/www.europesays.com\/fr\/wp-json\/wp\/v2\/categories?post=586956"},{"taxonomy":"post_tag","embeddable":true,"href":"https:\/\/www.europesays.com\/fr\/wp-json\/wp\/v2\/tags?post=586956"}],"curies":[{"name":"wp","href":"https:\/\/api.w.org\/{rel}","templated":true}]}}