{"id":586974,"date":"2025-12-08T19:32:20","date_gmt":"2025-12-08T19:32:20","guid":{"rendered":"https:\/\/www.europesays.com\/fr\/586974\/"},"modified":"2025-12-08T19:32:20","modified_gmt":"2025-12-08T19:32:20","slug":"metropole-de-montpellier-le-plan-de-lutte-contre-labsenteisme-annule-une-victoire-des-syndicats","status":"publish","type":"post","link":"https:\/\/www.europesays.com\/fr\/586974\/","title":{"rendered":"M\u00e9tropole de Montpellier\u00a0: le plan de lutte contre l\u2019absent\u00e9isme annul\u00e9, une victoire des syndicats"},"content":{"rendered":"<p>\n                                                                Le tribunal administratif a annul\u00e9 la d\u00e9lib\u00e9ration du conseil de la M\u00e9tropole qui adoptait un plan de pr\u00e9vention de l\u2019absent\u00e9isme. Trois syndicats avaient contest\u00e9 le texte, d\u00e9non\u00e7ant l\u2019absence de consultation des instances repr\u00e9sentatives du personnel avant son adoption.\n                            <\/p>\n<p>Dans une d\u00e9cision rendue ce vendredi, le tribunal administratif de Montpellier a annul\u00e9 la d\u00e9lib\u00e9ration du conseil de la M\u00e9tropole qui adoptait un plan de pr\u00e9vention et de lutte contre l\u2019absent\u00e9isme au sein de la collectivit\u00e9.<\/p>\n<p>Ce plan, pr\u00e9sent\u00e9 et vot\u00e9 par les \u00e9lus en d\u00e9cembre\u00a02022, avait pour objectif de mieux encadrer les absences des agents et d\u2019am\u00e9liorer l\u2019organisation des services. Mais il faisait l\u2019objet d\u2019une contestation port\u00e9e par trois organisations syndicales\u00a0: la CFDT, FO et Sud. Ces derni\u00e8res reprochaient \u00e0 la M\u00e9tropole de ne pas avoir pr\u00e9sent\u00e9 le texte int\u00e9gral aux instances repr\u00e9sentatives du personnel, notamment le comit\u00e9 technique et le CHSCT, avant son approbation.<\/p>\n<p>\u00ab\u00a0Une victoire pour le droit et pour le dialogue social\u00a0\u00bb<\/p>\n<p>Selon le tribunal administratif, \u00ab\u00a0le plan portant sur des questions de fonctionnement des services ainsi que sur des sujets d\u2019ordre g\u00e9n\u00e9ral int\u00e9ressant les conditions de travail devait \u00eatre pr\u00e9c\u00e9d\u00e9 d\u2019une consultation du comit\u00e9 technique\u00a0\u00bb\u00a0pour avis. En l\u2019absence de cette consultation, la d\u00e9cision du conseil de la M\u00e9tropole a \u00e9t\u00e9 jug\u00e9e irr\u00e9guli\u00e8re.<\/p>\n<p>Pour les syndicats, cette d\u00e9cision constitue \u00ab\u00a0une victoire pour le droit et pour le dialogue social contre l\u2019arbitraire\u00a0\u00bb. Ils soulignent que la consultation des instances repr\u00e9sentatives est une \u00e9tape essentielle pour garantir la transparence et la participation des agents aux d\u00e9cisions les concernant.<\/p>\n<p>Du c\u00f4t\u00e9 de la M\u00e9tropole, aucune r\u00e9action officielle n\u2019a encore \u00e9t\u00e9 communiqu\u00e9e, mais la collectivit\u00e9 pourrait \u00eatre amen\u00e9e \u00e0 revoir le plan et \u00e0 le soumettre de nouveau aux instances comp\u00e9tentes pour le valider dans les r\u00e8gles.<\/p>\n<p>Un conseil de M\u00e9tropole doit se tenir ce mardi 9\u00a0d\u00e9cembre \u00e0 partir de 9\u00a0h\u00a030.<\/p>\n","protected":false},"excerpt":{"rendered":"Le tribunal administratif a annul\u00e9 la d\u00e9lib\u00e9ration du conseil de la M\u00e9tropole qui adoptait un plan de pr\u00e9vention&hellip;\n","protected":false},"author":2,"featured_media":586975,"comment_status":"","ping_status":"","sticky":false,"template":"","format":"standard","meta":{"footnotes":""},"categories":[9599],"tags":[1111,11,1777,674,1011,27,7089,2208,12,2680,316,25],"class_list":{"0":"post-586974","1":"post","2":"type-post","3":"status-publish","4":"format-standard","5":"has-post-thumbnail","7":"category-montpellier","8":"tag-actu","9":"tag-actualites","10":"tag-eu","11":"tag-europe","12":"tag-fr","13":"tag-france","14":"tag-herault","15":"tag-montpellier","16":"tag-news","17":"tag-occitanie","18":"tag-politique","19":"tag-republique-francaise"},"share_on_mastodon":{"url":"https:\/\/pubeurope.com\/@fr\/115685618235400596","error":""},"_links":{"self":[{"href":"https:\/\/www.europesays.com\/fr\/wp-json\/wp\/v2\/posts\/586974","targetHints":{"allow":["GET"]}}],"collection":[{"href":"https:\/\/www.europesays.com\/fr\/wp-json\/wp\/v2\/posts"}],"about":[{"href":"https:\/\/www.europesays.com\/fr\/wp-json\/wp\/v2\/types\/post"}],"author":[{"embeddable":true,"href":"https:\/\/www.europesays.com\/fr\/wp-json\/wp\/v2\/users\/2"}],"replies":[{"embeddable":true,"href":"https:\/\/www.europesays.com\/fr\/wp-json\/wp\/v2\/comments?post=586974"}],"version-history":[{"count":0,"href":"https:\/\/www.europesays.com\/fr\/wp-json\/wp\/v2\/posts\/586974\/revisions"}],"wp:featuredmedia":[{"embeddable":true,"href":"https:\/\/www.europesays.com\/fr\/wp-json\/wp\/v2\/media\/586975"}],"wp:attachment":[{"href":"https:\/\/www.europesays.com\/fr\/wp-json\/wp\/v2\/media?parent=586974"}],"wp:term":[{"taxonomy":"category","embeddable":true,"href":"https:\/\/www.europesays.com\/fr\/wp-json\/wp\/v2\/categories?post=586974"},{"taxonomy":"post_tag","embeddable":true,"href":"https:\/\/www.europesays.com\/fr\/wp-json\/wp\/v2\/tags?post=586974"}],"curies":[{"name":"wp","href":"https:\/\/api.w.org\/{rel}","templated":true}]}}