{"id":586976,"date":"2025-12-08T19:33:14","date_gmt":"2025-12-08T19:33:14","guid":{"rendered":"https:\/\/www.europesays.com\/fr\/586976\/"},"modified":"2025-12-08T19:33:14","modified_gmt":"2025-12-08T19:33:14","slug":"decouvrez-les-cinq-nouvelles-expos-gratuites-dans-les-musees-de-rouen","status":"publish","type":"post","link":"https:\/\/www.europesays.com\/fr\/586976\/","title":{"rendered":"d\u00e9couvrez les cinq nouvelles expos gratuites dans les mus\u00e9es de Rouen"},"content":{"rendered":"<p>                    Par<br \/>\n        <strong><br \/>\n            <a href=\"https:\/\/actu.fr\/auteur\/fmass\" title=\"Consulter tous les articles de Fabien Massin\" target=\"_blank\" rel=\"noopener\">Fabien Massin<\/a><br \/>\n                    <\/strong><\/p>\n<p>        Publi\u00e9 le<\/p>\n<p>            8 d\u00e9c. 2025 \u00e0 20h18        <\/p>\n<p>Le nouveau cycle d\u2019expositions gratuites des mus\u00e9es de la RMM (r\u00e9union des mus\u00e9es m\u00e9tropolitains) de <a href=\"https:\/\/actu.fr\/normandie\/rouen_76540\" target=\"_blank\" rel=\"noopener\">Rouen (Seine-Maritime)<\/a> s\u2019intitule \u00ab\u2009Le dessin \u00e0 \u0153uvre\u2009\u00bb. Cinq expositions qui <strong>puisent dans les diff\u00e9rentes collections des mus\u00e9es rouennais<\/strong>, \u00e0 d\u00e9couvrir jusqu\u2019en mai\u00a02026 au Mus\u00e9e des beaux-arts, au mus\u00e9e Flaubert et d\u2019histoire de la m\u00e9decine, ainsi qu\u2019\u00e0 la Corderie Vallois \u00e0 Notre-Dame-de-Bondeville.<\/p>\n<p class=\" wall-content\">\u00ab\u2009\u00c0 travers ce parcours in\u00e9dit, le dessin appara\u00eet<strong> tant\u00f4t geste spontan\u00e9, tant\u00f4t outil de travail ou \u0153uvre \u00e0 part enti\u00e8re<\/strong>, pr\u00e9sentent la RMM. Un fil conducteur qui permet de plonger au c\u0153ur de la cr\u00e9ation, mais aussi dans les histoires d\u2019art, de litt\u00e9rature, de design et d\u2019industrie qui fa\u00e7onnent les collections des mus\u00e9es m\u00e9tropolitains.\u2009\u00bb<\/p>\n<p>Les expositions au Mus\u00e9e des beaux-arts de Rouen<\/p>\n<p class=\" wall-content\"><strong>\u2022 \u00ab\u2009Lumi\u00e8re sur la donation Henri et Suzanne Baderou\u2009\u00bb\u2009:<\/strong> l\u2019exposition pr\u00e9sente les tr\u00e9sors d\u2019un couple de passionn\u00e9s qui a l\u00e9gu\u00e9 sa collection \u00e0 Rouen il y a 50\u00a0ans. Fait notable dans sa conception, l\u2019exposition a \u00e9t\u00e9 r\u00e9alis\u00e9e de A \u00e0 Z par des \u00e9tudiants de l\u2019\u00e9cole du Louvre, pour qui il s\u2019agissait d\u2019un exercice \u2014 exceptionnel \u2014 int\u00e9gr\u00e9 \u00e0 leur cursus.<\/p>\n<p class=\" wall-content\">Leurs g\u00e9n\u00e9reux legs (pr\u00e8s de 6\u2009000 dessins du XVe au XXe\u00a0si\u00e8cle) constituent aujourd\u2019hui la majeure partie du fond d\u2019arts graphiques du mus\u00e9e, souligne la RMM. L\u2019exposition invite \u00e0 d\u00e9couvrir l\u2019histoire de cette collection passionn\u00e9e,<strong> l\u2019\u00e9clectisme des \u0153uvres r\u00e9unies et le regard singulier d\u2019un couple<\/strong> qui achetait \u00ab\u2009par sensibilit\u00e9\u2009\u00bb, des grands ma\u00eetres aux artistes m\u00e9connus.\u00bb<\/p>\n<p class=\" wall-content\"><strong>\u2022 \u00ab Jamais trop rococo\u2009!\u2009\u00bb\u2009:<\/strong> l\u2019expo met en avant des richesses m\u00e9connues sorties des r\u00e9serves des mus\u00e9es rouennais, repr\u00e9sentant cette p\u00e9riode \u00e9tonnante de l\u2019histoire de l\u2019art, au milieu du XVIIIe\u00a0si\u00e8cle\u2009: <strong>exub\u00e9rant, fantasque, raffin\u00e9<\/strong>, le style rocaille du XVIIIe\u00a0si\u00e8cle se d\u00e9voile dans toute sa richesse.\u00a0Jamais trop rococo\u2009! explore l\u2019univers des\u00a0ornemanistes, ces inventeurs de formes dont les dessins inspiraient <strong>\u00e9b\u00e9nistes, fa\u00efenciers, sculpteurs ou bronziers<\/strong> \u00e0 travers toute l\u2019Europe.<\/p>\n<p>Vid\u00e9os : en ce moment sur Actu<\/p>\n<p class=\" wall-content\">La RMM pr\u00e9cise\u2009: \u00ab\u2009Gr\u00e2ce \u00e0 pr\u00e8s de deux cents dessins, gravures et objets, l\u2019exposition montre comment ce style foisonnant a marqu\u00e9 les arts d\u00e9coratifs\u2009:<strong> coquilles, volutes, motifs v\u00e9g\u00e9taux et chinoiseries<\/strong> envahissent les int\u00e9rieurs et nourrissent l\u2019imagination des artistes.\u2009\u00bb<\/p>\n<p>Votre r\u00e9gion, votre actu !<\/p>\n<p>Recevez chaque jour les infos qui comptent pour vous.<\/p>\n<p>\t<a href=\"https:\/\/actu.fr\/newsletter\" class=\"ac-btn ac-btn--corner ac-btn--medium ac-btn--blue800\" target=\"_blank\" rel=\"noopener\">S&rsquo;incrire<\/a><\/p>\n<p class=\" wall-content\">\u00c0 noter \u00e9galement <strong>tout l\u2019effort fait pour adapter l\u2019exposition aux enfants<\/strong>. Des panneaux explicatifs \u00e0 leur hauteur sont dispos\u00e9s tout au long de l\u2019exposition, et un espace leur est d\u00e9di\u00e9, avec coussins pour s\u2019asseoir, livres \u00e0 consulter, dessins et feuilles pour s\u2019initier \u00e0 l\u2019art rocaille, choses \u00e0 toucher et d\u2019autres \u00e0 sentir, le tout, en \u00e9coutant la musique de Rameau.<\/p>\n<p>    <img   decoding=\"async\" loading=\"lazy\" src=\"https:\/\/www.europesays.com\/fr\/wp-content\/uploads\/2025\/12\/expo-rouen-rococo-beaux-arts-960x640.jpg\" alt=\"Quelques dessins de l'\u00e9poque rococo. \" width=\"960\" height=\"640\"\/><br \/>\n    Quelques dessins de l\u2019\u00e9poque rococo. (\u00a9FM\/76actu)<\/p>\n<p class=\" wall-content\"><strong>\u2022 \u00ab\u2009Olivier Kosta-Th\u00e9faine, les cendres ont fleuri en joie et en beaut\u00e9\u2009\u00bb\u2009:<\/strong> elle pr\u00e9sente le travail d\u2019une figure singuli\u00e8re de la sc\u00e8ne contemporaine. \u00ab\u2009Artiste autodidacte issu de la sc\u00e8ne urbaine, Olivier Kosta-Th\u00e9faine <strong>d\u00e9tourne les traces du quotidien pour en faire des \u0153uvres po\u00e9tiques<\/strong>\u2009: papier br\u00fbl\u00e9 \u00e0 la flamme, suie d\u00e9pos\u00e9e comme un pinceau, motifs de banquettes de RER transform\u00e9s en tapis\u2026\u2009\u00bb, pr\u00e9sente la RMM.<\/p>\n<p>Au mus\u00e9e Flaubert et d\u2019histoire de la m\u00e9decine<\/p>\n<p class=\" wall-content\"><strong>\u2022 \u00ab\u2009Dessiner Flaubert\u2009: Rochegrosse\u2009\u00bb\u2009:<\/strong> le mus\u00e9e consacre son exposition \u00e0 Georges-Antoine Rochegrosse (1859-1838), grand illustrateur qui sut traduire en images toute l\u2019intensit\u00e9 des \u0153uvres de <a href=\"https:\/\/actu.fr\/normandie\/rouen_76540\/rouen-flaubert-aurait-eu-200-ans-quels-sont-les-lieux-emblematiques-qui-lui-sont-rattaches_47121498.html\" target=\"_blank\" rel=\"noopener\">Gustave Flaubert<\/a>.<\/p>\n<p class=\" wall-content\">\u00ab\u2009Oppos\u00e9 de son vivant \u00e0 l\u2019id\u00e9e d\u2019illustrer ses livres, Flaubert a inspir\u00e9 de nombreux artistes dont Rochegrosse, qui rencontra l\u2019auteur d\u00e8s son adolescence, d\u00e9taille la RMM. L\u2019exposition r\u00e9unit dessins, aquarelles et compositions grav\u00e9es r\u00e9alis\u00e9s pour Salammb\u00f4 et La Tentation de saint Antoine.\u2009\u00bb<\/p>\n<p>Au mus\u00e9e de la corderie Valois<\/p>\n<p class=\" wall-content\"><strong>\u2022 \u00ab\u2009Du dessin au tissu\u2009\u00bb\u2009:<\/strong> la Corderie Vallois propose de red\u00e9couvrir les pratiques des dessinateurs d\u2019indiennes, des cr\u00e9ateurs de motifs et des techniciens du tissage, v\u00e9ritables inventeurs de formes.<\/p>\n<p class=\" wall-content\">\u00ab\u2009\u00c0 partir de la remarquable collection de dessins textiles du XIXe\u00a0si\u00e8cle conserv\u00e9e par le mus\u00e9e, l\u2019exposition explore les motifs <strong>destin\u00e9s \u00e0 l\u2019impression sur \u00e9toffe, les brefs de tissage utilis\u00e9s pour les m\u00e9tiers Jacquard<\/strong>, et les savoir-faire qui ont fa\u00e7onn\u00e9 des g\u00e9n\u00e9rations de manufactures\u2009\u00bb, explique la RMM.<\/p>\n<p>Suivez l\u2019actualit\u00e9 de Rouen sur notre <a href=\"https:\/\/www.whatsapp.com\/channel\/0029VaKfnf99hXF2ddApFB1D\" target=\"_blank\" rel=\"noopener\">cha\u00eene WhatsApp<\/a> et sur notre <a href=\"https:\/\/www.tiktok.com\/@76actu.fr?lang=fr\" target=\"_blank\" rel=\"noopener\">compte TikTok<\/a><\/p>\n<p class=\" wall-content\">Personnalisez votre actualit\u00e9 en ajoutant vos villes et m\u00e9dias en favori avec <a href=\"https:\/\/moncompte.actu.fr\" title=\"D\u00e9couvez Mon Actu\" rel=\"nofollow noopener\" data-trk=\"{&quot;cta&quot;:{&quot;action&quot;:&quot;https:\\\/\\\/moncompte.actu.fr&quot;,&quot;category&quot;:&quot;mon compte&quot;,&quot;from&quot;:&quot;article footer&quot;,&quot;name&quot;:&quot;Mon actu&quot;,&quot;type&quot;:&quot;cta&quot;}}\" target=\"_blank\">Mon Actu<\/a>.<\/p>\n<p>                    <script async src=\"\/\/www.tiktok.com\/embed.js\"><\/script><\/p>\n","protected":false},"excerpt":{"rendered":"Par Fabien Massin Publi\u00e9 le 8 d\u00e9c. 2025 \u00e0 20h18 Le nouveau cycle d\u2019expositions gratuites des mus\u00e9es de&hellip;\n","protected":false},"author":2,"featured_media":586977,"comment_status":"","ping_status":"","sticky":false,"template":"","format":"standard","meta":{"footnotes":""},"categories":[9587],"tags":[1111,11,13207,1777,674,1011,27,937,1652,9725,12,5161,25,9590],"class_list":{"0":"post-586976","1":"post","2":"type-post","3":"status-publish","4":"format-standard","5":"has-post-thumbnail","7":"category-rouen","8":"tag-actu","9":"tag-actualites","10":"tag-collections","11":"tag-eu","12":"tag-europe","13":"tag-fr","14":"tag-france","15":"tag-histoire","16":"tag-loisirs-culture","17":"tag-metropole-rouen","18":"tag-news","19":"tag-normandie","20":"tag-republique-francaise","21":"tag-rouen"},"share_on_mastodon":{"url":"https:\/\/pubeurope.com\/@fr\/115685622984280547","error":""},"_links":{"self":[{"href":"https:\/\/www.europesays.com\/fr\/wp-json\/wp\/v2\/posts\/586976","targetHints":{"allow":["GET"]}}],"collection":[{"href":"https:\/\/www.europesays.com\/fr\/wp-json\/wp\/v2\/posts"}],"about":[{"href":"https:\/\/www.europesays.com\/fr\/wp-json\/wp\/v2\/types\/post"}],"author":[{"embeddable":true,"href":"https:\/\/www.europesays.com\/fr\/wp-json\/wp\/v2\/users\/2"}],"replies":[{"embeddable":true,"href":"https:\/\/www.europesays.com\/fr\/wp-json\/wp\/v2\/comments?post=586976"}],"version-history":[{"count":0,"href":"https:\/\/www.europesays.com\/fr\/wp-json\/wp\/v2\/posts\/586976\/revisions"}],"wp:featuredmedia":[{"embeddable":true,"href":"https:\/\/www.europesays.com\/fr\/wp-json\/wp\/v2\/media\/586977"}],"wp:attachment":[{"href":"https:\/\/www.europesays.com\/fr\/wp-json\/wp\/v2\/media?parent=586976"}],"wp:term":[{"taxonomy":"category","embeddable":true,"href":"https:\/\/www.europesays.com\/fr\/wp-json\/wp\/v2\/categories?post=586976"},{"taxonomy":"post_tag","embeddable":true,"href":"https:\/\/www.europesays.com\/fr\/wp-json\/wp\/v2\/tags?post=586976"}],"curies":[{"name":"wp","href":"https:\/\/api.w.org\/{rel}","templated":true}]}}