{"id":586978,"date":"2025-12-08T19:34:13","date_gmt":"2025-12-08T19:34:13","guid":{"rendered":"https:\/\/www.europesays.com\/fr\/586978\/"},"modified":"2025-12-08T19:34:13","modified_gmt":"2025-12-08T19:34:13","slug":"10-femmes-enfin-honorees-dans-ce-livre","status":"publish","type":"post","link":"https:\/\/www.europesays.com\/fr\/586978\/","title":{"rendered":"10 femmes (enfin) honor\u00e9es dans ce livre"},"content":{"rendered":"<p>                    Par<br \/>\n        <strong><br \/>\n            <a href=\"https:\/\/actu.fr\/auteur\/lily-dedeye\" title=\"Consulter tous les articles de Lily Dedeye\" target=\"_blank\" rel=\"noopener\">Lily Dedeye<\/a><br \/>\n                    <\/strong><\/p>\n<p>        Publi\u00e9 le<\/p>\n<p>            8 d\u00e9c. 2025 \u00e0 20h16        <\/p>\n<p>Le samedi 1er novembre 2025 \u00e0 la <a href=\"https:\/\/actu.fr\/76actu\/\" target=\"_blank\" rel=\"noopener\">librairie La Tonne \u00e0 Rouen<\/a>, Fran\u00e7oise Capron et Emilie Sfez se rendaient \u00e0 la pr\u00e9sentation de leur nouveau livre : Elles \u2013 Luttes Rouennaises. \u00ab\u00a0Ce livre est n\u00e9 de la mort d\u2019une femme, Diana Armengol-Markarian\u00a0\u00bb, raconte Fran\u00e7oise Capron. \u00ab\u00a0Lors de son hommage, j\u2019ai constat\u00e9 que beaucoup de personnes la connaissaient mais peu avaient vraiment conscience de son parcours de vie. J\u2019avais l\u2019impression qu\u2019ils r\u00e9inventaient l\u2019eau chaude. Alors j\u2019ai voulu \u00e9crire un livre pour r\u00e9colter des t\u00e9moignages de femmes comme elle avant qu\u2019elles ne partent.\u00a0\u00bb<\/p>\n<blockquote class=\"ac-article-quote wall-content\">\n<p>Diana Armengol-Markarian \u00e9tait une personnalit\u00e9 rouennaise importante. Elle a fond\u00e9 le MLF, elle a milit\u00e9 toute sa vie. Et \u00e0 la fin elle \u00e9tait pr\u00e9sidente de la Ligue des droits de l&rsquo;Homme sur Rouen. Elle est d\u00e9c\u00e9d\u00e9e en mai 2022.<\/p>\n<p>    <strong>Florence Capron<\/strong><br \/>\n        Conteuse militante, auteure de Elles &#8211; Luttes Rouennaises    <\/p><\/blockquote>\n<p>Un livre d\u2019art<\/p>\n<p class=\" wall-content\">Pour mener \u00e0 bien son projet Florence se rapproche d\u2019\u00c9milie Sfez, avec qui elle collabore depuis 2020.\u00a0 \u00ab\u00a0Emilie est une photographe professionnelle. Nous avons lanc\u00e9 ensemble le projet FEMMES ? il y a cinq ans. Beaucoup d\u2019oeuvres avaient \u00e9t\u00e9 cr\u00e9\u00e9es, on ne voulait pas s\u2019arr\u00eater l\u00e0 alors on a fond\u00e9 une association et on a continu\u00e9 de travailler ensemble\u00a0\u00bb, raconte Florence Capron.<\/p>\n<p class=\" wall-content\">Pour ce projet, les deux femmes ont une vision commune. \u00ab\u00a0On voulait cr\u00e9er un beau livre, un livre d\u2019art, un bel objet, qui alternerait entre photographies, portraits crois\u00e9s et t\u00e9moignages\u00a0\u00bb, raconte Florence. \u00ab\u00a0Je suis conteuse de m\u00e9tier, je voulais r\u00e9colter les paroles de ces femmes et les transmettre \u00e0 la jeune g\u00e9n\u00e9ration.\u00a0\u00bb<\/p>\n<blockquote class=\"ac-article-quote wall-content\">\n<p>Je suis n\u00e9e \u00e0 Rouen, je connaissais Diana quand j&rsquo;\u00e9tais \u00e9tudiante. Je l&rsquo;ai retrouv\u00e9 plus tard dans les mouvements militants. Je milite depuis le coll\u00e8ge. Je crois que le militantisme me vient de mon grand-p\u00e8re, un grand militant communiste. <\/p>\n<p>    <strong>Florence Capron<\/strong><br \/>\n        Conteuse militante, auteure de Elles &#8211; Luttes Rouennaises    <\/p><\/blockquote>\n<p>Dix portraits de femmes Rouennaises<\/p>\n<p class=\" wall-content\">Apr\u00e8s avoir obtenu les fonds de la Ville et de la M\u00e9tropole, les deux femmes se lancent dans l\u2019aventure. \u00c9milie Sfez dresse les portraits de femmes, d\u2019archives et de lieux embl\u00e9matiques et Florence Capron r\u00e9colte les t\u00e9moignages. Le livre est ensuite construit en cinq chapitres dans lequel les dix Rouennaises s\u00e9lectionn\u00e9es s\u2019expriment, se parlent et se r\u00e9pondent.\u00a0<\/p>\n<p class=\" wall-content\">Parmi elles, on retrouve Ginette David. \u00ab\u00a0Tout est parti d\u2019elle, elle a un peu le m\u00eame parcours que Diana, c\u2019\u00e9tait sa meilleure amie.\u00a0\u00bb Ginette David est n\u00e9e en 1940, elle est devenue professeure de fran\u00e7ais, s\u2019est mari\u00e9e et a fait deux enfants. Dans les ann\u00e9es 68, elle s\u2019est r\u00e9unie avec cinq autres familles \u00e0 la Grande Mare et elles ont fond\u00e9 le Mouvement de Lib\u00e9ration des Femmes (MLF). On retrouve d\u2019ailleurs dans ce livre d\u2019autres femmes ayant milit\u00e9 pour le MLF comme Libertad H\u00e9liotrope et\u00a0 Fran\u00e7oise Deliquaire, aussi fondatrice de Solidarit\u00e9s Femmes.<\/p>\n<blockquote class=\"ac-article-quote wall-content\">\n<p>Pour ce livre ces dix femmes ont \u00e9t\u00e9 interview\u00e9es : Ginette David, Libertad H\u00e9liotrope, Michelle Ernis, Yvette Tocque, Sylviane Dion, Jacqueline Madeline, Martine Nivard, Fran\u00e7oise Deliquaire, Babette Capron, Jo\u00eblle Tocque.<\/p>\n<p>    <strong>Fran\u00e7oise Capron<\/strong><br \/>\n        Conteuse militante, auteure de Elles &#8211; Luttes Rouennaises    <\/p><\/blockquote>\n<p>Votre r\u00e9gion, votre actu !<\/p>\n<p>Recevez chaque jour les infos qui comptent pour vous.<\/p>\n<p>\t<a href=\"https:\/\/actu.fr\/newsletter\" class=\"ac-btn ac-btn--corner ac-btn--medium ac-btn--blue800\" target=\"_blank\" rel=\"noopener\">S&rsquo;incrire<\/a><\/p>\n<p>    <img   decoding=\"async\" loading=\"lazy\" src=\"https:\/\/www.europesays.com\/fr\/wp-content\/uploads\/2025\/12\/img-1123-1-960x640.jpg\" alt=\"Florence Capron (\u00e0 gauche) et Emilie Sfez (\u00e0 droite) ont pr\u00e9sent\u00e9 leur livre Elles - Luttes Rouennaises \u00e0 la Librairie la Tonne en novembre 2025.\" width=\"960\" height=\"640\"\/><br \/>\n    Florence Capron (\u00e0 gauche) et Emilie Sfez (\u00e0 droite) ont pr\u00e9sent\u00e9 leur livre Elles \u2013 Luttes Rouennaises \u00e0 la Librairie la Tonne en novembre 2025. (\u00a9Photo transmise par Florence Capron)Tous les milieux sociaux sont repr\u00e9sent\u00e9s<\/p>\n<p class=\" wall-content\">Dans leur livre, d\u2019autres femmes rouennaises au profil et aux causes soutenues vari\u00e9es, s\u2019expriment \u00e9galement : Martine Nivard, fondatrice de l\u2019association Retravailler, Jacqueline Madeline, gyn\u00e9cologue qui pratiquait des avortements ill\u00e9gaux \u00e0 la clinique Saint Romain, Sylviane Dion, infirmi\u00e8re au MLAC (Mouvement de Lib\u00e9ration Avortement et Contraception) et porte-parole lors de la grande gr\u00e8ve des infirmi\u00e8res, pour ne citer qu\u2019elles.<\/p>\n<p class=\" wall-content\">\u00ab\u00a0L\u2019important pour moi \u00e9tait que tous les milieux sociaux soient repr\u00e9sent\u00e9s, qu\u2019il n\u2019y ai pas que des professeurs ou des membres du MLF\u00a0\u00bb, explique Fran\u00e7oise Capron. \u00ab\u00a0Yvette Toque \u00e9tait femme de m\u00e9nage et participait aux manifestations pour le droit \u00e0 l\u2019avortement, Fran\u00e7oise Deliquaire \u00e9tait vendeuse en magasins. Ces femmes nous prouvent qu\u2019un m\u00e9tier ou un milieu social ne nous d\u00e9finit pas forc\u00e9ment.\u00a0\u00bb<\/p>\n<p>Une exp\u00e9rience qui laisse des traces<\/p>\n<p class=\" wall-content\">Florence Capron et \u00c9milie Sfez sont fi\u00e8res de ce chemin parcouru. Florence dit avoir tir\u00e9 beaucoup de cette exp\u00e9rience. \u00ab\u00a0Deux choses m\u2019ont marqu\u00e9 lors de mes entretiens : la joie dans laquelle elles menaient toutes ces actions. C\u2019\u00e9tait d\u2019abord une bande de copine, c\u2019\u00e9tait le plaisir de faire les choses ensemble. La deuxi\u00e8me chose, c\u2019est le mouvement Solidarit\u00e9 Femmes. Je le connaissais d\u00e9j\u00e0 de nom mais je ne me rendais pas compte qu\u2019elles allaient carr\u00e9ment chez des gens, dans les couples o\u00f9 l\u2019homme frappait la femme pour la lib\u00e9rer. Qui fait \u00e7a actuellement ?\u00a0\u00bb<\/p>\n<p class=\" wall-content\">Les deux femmes expriment simplement un regret : ne pas avoir trouv\u00e9 de femmes soutenant les causes LGBT ni de femmes issues de l\u2019immigration pour t\u00e9moigner. Mais elles ne d\u00e9sesp\u00e8rent pas, cela pourra faire l\u2019objet d\u2019un tome 2\u2026<\/p>\n<p class=\" wall-content\">Ainsi, si vous souhaitez en d\u00e9couvrir un peu plus sur ces Rouennaises qui ont marqu\u00e9 l\u2019histoire, rendez-vous \u00e0 la librairie Colbert, \u00e0 la Tonne et \u00e0 l\u2019Armiti\u00e8re. Les livres sont disponibles pour 25 euros. Ils arriveront \u00e9galement prochainement en biblioth\u00e8que.\u00a0<\/p>\n<p>Suivez l\u2019actualit\u00e9 de Rouen <a href=\"https:\/\/www.whatsapp.com\/channel\/0029VaKfnf99hXF2ddApFB1D\" target=\"_blank\" rel=\"noopener\">sur notre cha\u00eene WhatsApp<\/a> et <a href=\"https:\/\/www.tiktok.com\/@76actu.fr?lang=fr\" target=\"_blank\" rel=\"noopener\">sur notre compte TikTok<\/a><\/p>\n<p class=\" wall-content\">Personnalisez votre actualit\u00e9 en ajoutant vos villes et m\u00e9dias en favori avec <a href=\"https:\/\/moncompte.actu.fr\" title=\"D\u00e9couvez Mon Actu\" rel=\"nofollow noopener\" data-trk=\"{&quot;cta&quot;:{&quot;action&quot;:&quot;https:\\\/\\\/moncompte.actu.fr&quot;,&quot;category&quot;:&quot;mon compte&quot;,&quot;from&quot;:&quot;article footer&quot;,&quot;name&quot;:&quot;Mon actu&quot;,&quot;type&quot;:&quot;cta&quot;}}\" target=\"_blank\">Mon Actu<\/a>.<\/p>\n<p>                    <script async src=\"\/\/www.tiktok.com\/embed.js\"><\/script><\/p>\n","protected":false},"excerpt":{"rendered":"Par Lily Dedeye Publi\u00e9 le 8 d\u00e9c. 2025 \u00e0 20h16 Le samedi 1er novembre 2025 \u00e0 la librairie&hellip;\n","protected":false},"author":2,"featured_media":586979,"comment_status":"","ping_status":"","sticky":false,"template":"","format":"standard","meta":{"footnotes":""},"categories":[9587],"tags":[1111,11,1777,674,1011,27,58904,1380,12,5161,1756,25,9590],"class_list":{"0":"post-586978","1":"post","2":"type-post","3":"status-publish","4":"format-standard","5":"has-post-thumbnail","7":"category-rouen","8":"tag-actu","9":"tag-actualites","10":"tag-eu","11":"tag-europe","12":"tag-fr","13":"tag-france","14":"tag-histoire-patrimoine","15":"tag-livres","16":"tag-news","17":"tag-normandie","18":"tag-photographie","19":"tag-republique-francaise","20":"tag-rouen"},"share_on_mastodon":{"url":"https:\/\/pubeurope.com\/@fr\/115685627108828838","error":""},"_links":{"self":[{"href":"https:\/\/www.europesays.com\/fr\/wp-json\/wp\/v2\/posts\/586978","targetHints":{"allow":["GET"]}}],"collection":[{"href":"https:\/\/www.europesays.com\/fr\/wp-json\/wp\/v2\/posts"}],"about":[{"href":"https:\/\/www.europesays.com\/fr\/wp-json\/wp\/v2\/types\/post"}],"author":[{"embeddable":true,"href":"https:\/\/www.europesays.com\/fr\/wp-json\/wp\/v2\/users\/2"}],"replies":[{"embeddable":true,"href":"https:\/\/www.europesays.com\/fr\/wp-json\/wp\/v2\/comments?post=586978"}],"version-history":[{"count":0,"href":"https:\/\/www.europesays.com\/fr\/wp-json\/wp\/v2\/posts\/586978\/revisions"}],"wp:featuredmedia":[{"embeddable":true,"href":"https:\/\/www.europesays.com\/fr\/wp-json\/wp\/v2\/media\/586979"}],"wp:attachment":[{"href":"https:\/\/www.europesays.com\/fr\/wp-json\/wp\/v2\/media?parent=586978"}],"wp:term":[{"taxonomy":"category","embeddable":true,"href":"https:\/\/www.europesays.com\/fr\/wp-json\/wp\/v2\/categories?post=586978"},{"taxonomy":"post_tag","embeddable":true,"href":"https:\/\/www.europesays.com\/fr\/wp-json\/wp\/v2\/tags?post=586978"}],"curies":[{"name":"wp","href":"https:\/\/api.w.org\/{rel}","templated":true}]}}