{"id":586980,"date":"2025-12-08T19:35:56","date_gmt":"2025-12-08T19:35:56","guid":{"rendered":"https:\/\/www.europesays.com\/fr\/586980\/"},"modified":"2025-12-08T19:35:56","modified_gmt":"2025-12-08T19:35:56","slug":"grenoble-la-parade-des-lutins-en-ville","status":"publish","type":"post","link":"https:\/\/www.europesays.com\/fr\/586980\/","title":{"rendered":"Grenoble. La parade des lutins en ville"},"content":{"rendered":"<p>Pour la deuxi\u00e8me ann\u00e9e, Grenoble se pare de magie avec la grande parade des lutins\u00a0! D\u00e9ambulez dans les rues pi\u00e9tonnes du centre-ville, guid\u00e9s par 50 lutins, m\u00e8re No\u00ebl et le p\u00e8re No\u00ebl. Au programme\u00a0: \u00e9merveillement, surprises et moments festifs pour petits et grands.<\/p>\n<p class=\"note\">Samedi 13\u00a0d\u00e9cembre \u00e0 17 heures, place Notre-Dame\u00a0; 18 heures\u00a0: place Grenette\u00a0; 19 heures\u00a0: place Saint-Andr\u00e9 \u00e0 Grenoble. Gratuit.<\/p>\n","protected":false},"excerpt":{"rendered":"Pour la deuxi\u00e8me ann\u00e9e, Grenoble se pare de magie avec la grande parade des lutins\u00a0! D\u00e9ambulez dans les&hellip;\n","protected":false},"author":2,"featured_media":586981,"comment_status":"","ping_status":"","sticky":false,"template":"","format":"standard","meta":{"footnotes":""},"categories":[9566],"tags":[1111,11,2430,1687,112,1777,674,1011,27,2731,2732,108,12,25,3140],"class_list":{"0":"post-586980","1":"post","2":"type-post","3":"status-publish","4":"format-standard","5":"has-post-thumbnail","7":"category-grenoble","8":"tag-actu","9":"tag-actualites","10":"tag-auvergne-rhone-alpes","11":"tag-culture-loisirs","12":"tag-edition-grenoble-agglomeration","13":"tag-eu","14":"tag-europe","15":"tag-fr","16":"tag-france","17":"tag-grenoble","18":"tag-grenoble-bassin","19":"tag-isere","20":"tag-news","21":"tag-republique-francaise","22":"tag-spectacle"},"share_on_mastodon":{"url":"https:\/\/pubeurope.com\/@fr\/115685633760061090","error":""},"_links":{"self":[{"href":"https:\/\/www.europesays.com\/fr\/wp-json\/wp\/v2\/posts\/586980","targetHints":{"allow":["GET"]}}],"collection":[{"href":"https:\/\/www.europesays.com\/fr\/wp-json\/wp\/v2\/posts"}],"about":[{"href":"https:\/\/www.europesays.com\/fr\/wp-json\/wp\/v2\/types\/post"}],"author":[{"embeddable":true,"href":"https:\/\/www.europesays.com\/fr\/wp-json\/wp\/v2\/users\/2"}],"replies":[{"embeddable":true,"href":"https:\/\/www.europesays.com\/fr\/wp-json\/wp\/v2\/comments?post=586980"}],"version-history":[{"count":0,"href":"https:\/\/www.europesays.com\/fr\/wp-json\/wp\/v2\/posts\/586980\/revisions"}],"wp:featuredmedia":[{"embeddable":true,"href":"https:\/\/www.europesays.com\/fr\/wp-json\/wp\/v2\/media\/586981"}],"wp:attachment":[{"href":"https:\/\/www.europesays.com\/fr\/wp-json\/wp\/v2\/media?parent=586980"}],"wp:term":[{"taxonomy":"category","embeddable":true,"href":"https:\/\/www.europesays.com\/fr\/wp-json\/wp\/v2\/categories?post=586980"},{"taxonomy":"post_tag","embeddable":true,"href":"https:\/\/www.europesays.com\/fr\/wp-json\/wp\/v2\/tags?post=586980"}],"curies":[{"name":"wp","href":"https:\/\/api.w.org\/{rel}","templated":true}]}}