{"id":586982,"date":"2025-12-08T19:37:40","date_gmt":"2025-12-08T19:37:40","guid":{"rendered":"https:\/\/www.europesays.com\/fr\/586982\/"},"modified":"2025-12-08T19:37:40","modified_gmt":"2025-12-08T19:37:40","slug":"grenoble-jean-marc-rochette-en-dedicaces","status":"publish","type":"post","link":"https:\/\/www.europesays.com\/fr\/586982\/","title":{"rendered":"Grenoble. Jean-Marc Rochette en d\u00e9dicaces"},"content":{"rendered":"<p>Le livre d\u00e9bute par une citation de Gaston Bachelard\u00a0: \u201cDans la bataille de l\u2019homme et du monde, ce n\u2019est pas le monde qui a commenc\u00e9\u201d. Avec ce recueil qui rassemble ses plus belles peintures sur les \u00c9crins, Jean-Marc Rochette nous offre un magnifique voyage au c\u0153ur d\u2019une nature o\u00f9 l\u2019homme s\u2019efface face \u00e0 l\u2019immensit\u00e9 de la nature. Il y a beaucoup de po\u00e9sie dans ces 70 aquarelles et lavis de paysages qui nous emm\u00e8nent du D\u00f4me de Neige \u00e0 la face nord d\u2019Ailefroide en passant par la Meije, le lac des B\u00e8ches, le vallon de Bonne Pierre, le col de la Temple, le glacier de la Girose\u2026 Jean-Marc Rochette d\u00e9dicacera son nouveau livre Les \u00c9crins au cours d\u2019une rencontre.<\/p>\n<p class=\"note\">Samedi 13\u00a0d\u00e9cembre \u00e0 17 heures \u00e0 la librairie Arthaud \u00e0 Grenoble.<\/p>\n","protected":false},"excerpt":{"rendered":"Le livre d\u00e9bute par une citation de Gaston Bachelard\u00a0: \u201cDans la bataille de l\u2019homme et du monde, ce&hellip;\n","protected":false},"author":2,"featured_media":586983,"comment_status":"","ping_status":"","sticky":false,"template":"","format":"standard","meta":{"footnotes":""},"categories":[9566],"tags":[1111,11,2430,1687,112,1777,674,1011,27,2731,2732,108,2410,12,25],"class_list":{"0":"post-586982","1":"post","2":"type-post","3":"status-publish","4":"format-standard","5":"has-post-thumbnail","7":"category-grenoble","8":"tag-actu","9":"tag-actualites","10":"tag-auvergne-rhone-alpes","11":"tag-culture-loisirs","12":"tag-edition-grenoble-agglomeration","13":"tag-eu","14":"tag-europe","15":"tag-fr","16":"tag-france","17":"tag-grenoble","18":"tag-grenoble-bassin","19":"tag-isere","20":"tag-livres-bd","21":"tag-news","22":"tag-republique-francaise"},"share_on_mastodon":{"url":"https:\/\/pubeurope.com\/@fr\/115685637700930271","error":""},"_links":{"self":[{"href":"https:\/\/www.europesays.com\/fr\/wp-json\/wp\/v2\/posts\/586982","targetHints":{"allow":["GET"]}}],"collection":[{"href":"https:\/\/www.europesays.com\/fr\/wp-json\/wp\/v2\/posts"}],"about":[{"href":"https:\/\/www.europesays.com\/fr\/wp-json\/wp\/v2\/types\/post"}],"author":[{"embeddable":true,"href":"https:\/\/www.europesays.com\/fr\/wp-json\/wp\/v2\/users\/2"}],"replies":[{"embeddable":true,"href":"https:\/\/www.europesays.com\/fr\/wp-json\/wp\/v2\/comments?post=586982"}],"version-history":[{"count":0,"href":"https:\/\/www.europesays.com\/fr\/wp-json\/wp\/v2\/posts\/586982\/revisions"}],"wp:featuredmedia":[{"embeddable":true,"href":"https:\/\/www.europesays.com\/fr\/wp-json\/wp\/v2\/media\/586983"}],"wp:attachment":[{"href":"https:\/\/www.europesays.com\/fr\/wp-json\/wp\/v2\/media?parent=586982"}],"wp:term":[{"taxonomy":"category","embeddable":true,"href":"https:\/\/www.europesays.com\/fr\/wp-json\/wp\/v2\/categories?post=586982"},{"taxonomy":"post_tag","embeddable":true,"href":"https:\/\/www.europesays.com\/fr\/wp-json\/wp\/v2\/tags?post=586982"}],"curies":[{"name":"wp","href":"https:\/\/api.w.org\/{rel}","templated":true}]}}